{"id":38638,"date":"2026-04-07T08:21:16","date_gmt":"2026-04-07T12:21:16","guid":{"rendered":"https:\/\/blogdalucianaoliveira.com.br\/blog\/?p=38638"},"modified":"2026-04-07T08:23:40","modified_gmt":"2026-04-07T12:23:40","slug":"38638","status":"publish","type":"post","link":"http:\/\/blogdalucianaoliveira.com.br\/blog\/2026\/04\/07\/38638\/","title":{"rendered":"Dia do jornalista: escritor lembra hist\u00f3ria de In\u00e1cio Mendes, preso e torturado em Porto Velho na Ditadura Militar"},"content":{"rendered":"<p><img data-recalc-dims=\"1\" loading=\"lazy\" decoding=\"async\" data-attachment-id=\"38639\" data-permalink=\"http:\/\/blogdalucianaoliveira.com.br\/blog\/2026\/04\/07\/38638\/img_0679\/\" data-orig-file=\"https:\/\/i0.wp.com\/blogdalucianaoliveira.com.br\/blog\/wp-content\/uploads\/2026\/04\/IMG_0679.jpeg?fit=614%2C528\" data-orig-size=\"614,528\" data-comments-opened=\"0\" data-image-meta=\"{&quot;aperture&quot;:&quot;0&quot;,&quot;credit&quot;:&quot;&quot;,&quot;camera&quot;:&quot;&quot;,&quot;caption&quot;:&quot;&quot;,&quot;created_timestamp&quot;:&quot;0&quot;,&quot;copyright&quot;:&quot;&quot;,&quot;focal_length&quot;:&quot;0&quot;,&quot;iso&quot;:&quot;0&quot;,&quot;shutter_speed&quot;:&quot;0&quot;,&quot;title&quot;:&quot;&quot;,&quot;orientation&quot;:&quot;0&quot;}\" data-image-title=\"IMG_0679\" data-image-description=\"\" data-image-caption=\"\" data-medium-file=\"https:\/\/i0.wp.com\/blogdalucianaoliveira.com.br\/blog\/wp-content\/uploads\/2026\/04\/IMG_0679.jpeg?fit=300%2C258\" data-large-file=\"https:\/\/i0.wp.com\/blogdalucianaoliveira.com.br\/blog\/wp-content\/uploads\/2026\/04\/IMG_0679.jpeg?fit=600%2C516\" class=\"aligncenter size-full wp-image-38639\" src=\"https:\/\/i0.wp.com\/blogdalucianaoliveira.com.br\/blog\/wp-content\/uploads\/2026\/04\/IMG_0679.jpeg?resize=600%2C516\" alt=\"\" width=\"600\" height=\"516\" srcset=\"https:\/\/i0.wp.com\/blogdalucianaoliveira.com.br\/blog\/wp-content\/uploads\/2026\/04\/IMG_0679.jpeg?w=614 614w, https:\/\/i0.wp.com\/blogdalucianaoliveira.com.br\/blog\/wp-content\/uploads\/2026\/04\/IMG_0679.jpeg?resize=300%2C258 300w, https:\/\/i0.wp.com\/blogdalucianaoliveira.com.br\/blog\/wp-content\/uploads\/2026\/04\/IMG_0679.jpeg?resize=349%2C300 349w\" sizes=\"auto, (max-width: 600px) 100vw, 600px\" \/><br \/>\nIn\u00e1cio Mendes em p\u00e9 de palet\u00f3 preto, sentados Cla\u00fadio Feitosa, Harry Covas e o ex governador Wadih Darwich &#8211; foto arquivo pessoal<\/p>\n<p>Hoje, 7 de abril, Dia do Jornalista, homenageamos a classe contando a hist\u00f3ria do jornalista paraense In\u00e1cio Mendes radicado em Porto Velho. O artigo \u00e9 de autoria do jornalista e historiador Zola Xavier.<!--more--><\/p>\n<p><strong>Por\u00a0 Zola Xavier da Silveira (*) <\/strong><\/p>\n<p><b><strong>Processado pela Lei de Seguran\u00e7a Nacional, seu nome consta no livro \u201cBrasil: Nunca Mais\u201d; Sempre de atua\u00e7\u00e3o dramatizada, ora discursando em bares e esquinas, ora em suas colunas dos jornais por onde passou.<\/strong><\/b><\/p>\n<p>In\u00e1cio Mendes, assim como tantos outros paraenses que fizeram hist\u00f3ria no antigo Territ\u00f3rio Federal do Guapor\u00e9, aportou na cidade de Porto Velho no \u00a0final dos anos 40, vindo de Bel\u00e9m do Par\u00e1 sua cidade natal. Jornalista irreverente, desde ent\u00e3o, teve forte engajamento na vida pol\u00edtica da regi\u00e3o, marcada por sua independ\u00eancia partid\u00e1ria, \u00a0muito embora que, \u00a0em toda a sua trajet\u00f3ria, tenha se identificado com os ideais trabalhistas do velho\u00a0 PTB \u2013 Partido Trabalhista Brasileiro \u2013 de Vargas, Jango e Leonel Brizola.<\/p>\n<p>Um Petebista aut\u00eantico, oriundo de uma milit\u00e2ncia quando ainda\u00a0 jovem ingressou na legenda trabalhista na sua cidade natal. Em diversos epis\u00f3dios da vida pol\u00edtica do antigo Territ\u00f3rio, nas d\u00e9cadas de 50, 60 e 70, o aguerrido jornalista foi um de seus protagonistas.<\/p>\n<p>Suas pris\u00f5es se deram, marcadamente,\u00a0\u00a0em decorr\u00eancias de seus ideais, defendidos nas publica\u00e7\u00f5es que fez nos jornais daquela \u00e9poca, que foram,\u00a0\u00a0Folha do Guapor\u00e9, Correio de Rond\u00f4nia,\u00a0\u00a0Folha de Rond\u00f4nia, O Combate e\u00a0\u00a0O Combatente, estes\u00a0\u00a0dois \u00faltimos de sua propriedade.\u00a0\u00a0Sua caneta descarregava a sua verve panflet\u00e1ria do anarquista solit\u00e1rio. O que levou os militantes do velho PCB \u2013 Partido Comunista do Brasil, o qualificarem como um solit\u00e1rio franco atirador. E o era.<\/p>\n<p><b><strong>Sua primeira pris\u00e3o<\/strong><\/b><\/p>\n<p><img data-recalc-dims=\"1\" loading=\"lazy\" decoding=\"async\" class=\"size-full wp-image-201114 aligncenter\" src=\"https:\/\/i0.wp.com\/maisrondonia.com.br\/wp-content\/uploads\/2026\/04\/Zola-em-Porto-Velho-junho-2011-033.jpg?resize=600%2C281&#038;ssl=1\" sizes=\"auto, (max-width: 1556px) 100vw, 1556px\" srcset=\"https:\/\/maisrondonia.com.br\/wp-content\/uploads\/2026\/04\/Zola-em-Porto-Velho-junho-2011-033.jpg 1556w, https:\/\/maisrondonia.com.br\/wp-content\/uploads\/2026\/04\/Zola-em-Porto-Velho-junho-2011-033-960x449.jpg 960w, https:\/\/maisrondonia.com.br\/wp-content\/uploads\/2026\/04\/Zola-em-Porto-Velho-junho-2011-033-1536x719.jpg 1536w, https:\/\/maisrondonia.com.br\/wp-content\/uploads\/2026\/04\/Zola-em-Porto-Velho-junho-2011-033-150x70.jpg 150w, https:\/\/maisrondonia.com.br\/wp-content\/uploads\/2026\/04\/Zola-em-Porto-Velho-junho-2011-033-300x140.jpg 300w, https:\/\/maisrondonia.com.br\/wp-content\/uploads\/2026\/04\/Zola-em-Porto-Velho-junho-2011-033-696x326.jpg 696w, https:\/\/maisrondonia.com.br\/wp-content\/uploads\/2026\/04\/Zola-em-Porto-Velho-junho-2011-033-1068x500.jpg 1068w\" alt=\"\" width=\"600\" height=\"281\" \/>Em dezembro de 1949 assume a dire\u00e7\u00e3o do diret\u00f3rio do PTB de Guajar\u00e1 Mirim, mas, ap\u00f3s constatar que, numa manobra pol\u00edtica desfechada pela corrente aluizista, o PTB se desviara dos ideais Varguistas, In\u00e1cio,\u00a0 ent\u00e3o, rompe e denuncia esses desvios afirmando que a dire\u00e7\u00e3o local\u00a0\u201c amoleceu ante as investidas dos nossos inimigos e tamb\u00e9m inimigos de Get\u00falio Vargas\u201d, partindo em seguida para\u00a0\u00a0criar uma dissid\u00eancia denominada de PTB Vermelho.\u00a0\u00a0Em fevereiro de 1950 sofre a sua primeira pris\u00e3o, solicitada ao chefe de pol\u00edcia de Porto Velho pelo presidente territorial do PTB, sob a alega\u00e7\u00e3o de que a legenda estava abrigando elementos comunistas. Em decorr\u00eancia dessa investida,\u00a0\u00a0a sede do PTB Vermelho \u00e9 fechada e In\u00e1cio Mendes afasta-se do partido, para ingressar no PDC \u2013 Partido Democrata Crist\u00e3o, no cargo de secret\u00e1rio geral, mas, apesar de ter sido preso e perseguido , In\u00e1cio continuou a fazer parte da coliga\u00e7\u00e3o de apoio ao candidato do PTB.<\/p>\n<p>Ap\u00f3s as elei\u00e7\u00f5es de outubro de 1950, onde a oligarquia comandada pelo coronel Aluizio Ferreira ganha por uma pequena margem de votos, o ent\u00e3o\u00a0Territ\u00f3rio do Guapor\u00e9 mergulha em um per\u00edodo de disputas\u00a0 marcadamente\u00a0ideol\u00f3gicas. Al\u00e9m de diversas arbitrariedades, como pris\u00f5es e deporta\u00e7\u00f5es de advers\u00e1rios, teve tamb\u00e9m\u00a0a pris\u00e3o do l\u00edder da Frente Popular, o m\u00e9dico Renato Medeiros, acusado por essas mesmas for\u00e7as, de organizar\u00a0\u00a0uma conspira\u00e7\u00e3o comunista\u00a0\u00a0para instalar uma Rep\u00fablica Socialista na regi\u00e3o.<\/p>\n<p>Nas elei\u00e7\u00f5es seguintes, a de outubro de 1954, In\u00e1cio Mendes, com o seu novo partido, o PDC,\u00a0inexplicavelmente\u00a0permaneceu na coliga\u00e7\u00e3o, que teve\u00a0 como candidato Alu\u00edzio Ferreira. Neste pleito,\u00a0\u00a0pela primeira vez,\u00a0\u00a0a Frente Popular, abrigada no Partido Social Progressista \u2013 PSP,\u00a0 sai vitoriosa,\u00a0\u00a0com Joaquim Vicente Rondon e tendo como seu suplente Renato Medeiros.<\/p>\n<p>&nbsp;<\/p>\n<p><b><strong>Sua Segunda pris\u00e3o<\/strong><\/b><\/p>\n<figure id=\"attachment_201115\" class=\"wp-caption alignleft\" aria-describedby=\"caption-attachment-201115\"><img data-recalc-dims=\"1\" loading=\"lazy\" decoding=\"async\" class=\"size-full wp-image-201115\" src=\"https:\/\/i0.wp.com\/maisrondonia.com.br\/wp-content\/uploads\/2026\/04\/CORREIO-DA-MANHA-22.-06.-57-JORNALISTA-PRESO-INACIO-MENDES.jpg?resize=243%2C256&#038;ssl=1\" sizes=\"auto, (max-width: 243px) 100vw, 243px\" srcset=\"https:\/\/maisrondonia.com.br\/wp-content\/uploads\/2026\/04\/CORREIO-DA-MANHA-22.-06.-57-JORNALISTA-PRESO-INACIO-MENDES.jpg 243w, https:\/\/maisrondonia.com.br\/wp-content\/uploads\/2026\/04\/CORREIO-DA-MANHA-22.-06.-57-JORNALISTA-PRESO-INACIO-MENDES-150x158.jpg 150w\" alt=\"\" width=\"243\" height=\"256\" \/><figcaption id=\"caption-attachment-201115\" class=\"wp-caption-text\">Jornal Correio da Manh\u00e3 22. 06. 57<\/figcaption><\/figure>\n<p>Em junho de 1957 a Associa\u00e7\u00e3o Brasileira de Imprensa \u2013 ABI,\u00a0 recebe denuncia de que In\u00e1cio Mendes encontra-se preso em Porto Velho, capital do agora Territ\u00f3rio de Rond\u00f4nia( a mudan\u00e7a de nome se deu em 1956), por determina\u00e7\u00e3o do governador,\u00a0 general Jayme Ara\u00fajo dos Santos, sem culpa formalizada e em c\u00e1rcere de p\u00e9ssimas condi\u00e7\u00f5es. Dirigindo-se ao governador, a ABI pede provid\u00eancias para cessar todo o constrangimento e a imediata soltura do jornalista. \u00a0Em sua justificativa, o general alegou que In\u00e1cio Mendes estava distribuindo panfletos, subvertendo a ordem p\u00fablica e\u00a0 fazendo amea\u00e7as ao coronel Aluizio Ferreira. Al\u00e9m disso, o general governador, absurda e pretensiosamente,\u00a0 se refere ao prisioneiro como n\u00e3o sendo jornalista, \u201cEm aten\u00e7\u00e3o ao r\u00e1dio de V. Exma. De 21 do corrente, tenho a informar que In\u00e1cio Mendes, que se diz jornalista, mas que foi expulso da Associa\u00e7\u00e3o Amazonense de Imprensa\u201d.<\/p>\n<p><b><strong>Terceira pris\u00e3o executada pelo capit\u00e3o Al\u00edpio<\/strong><\/b><\/p>\n<figure id=\"attachment_201116\" class=\"wp-caption alignleft\" aria-describedby=\"caption-attachment-201116\"><img data-recalc-dims=\"1\" loading=\"lazy\" decoding=\"async\" class=\"size-full wp-image-201116\" src=\"https:\/\/i0.wp.com\/maisrondonia.com.br\/wp-content\/uploads\/2026\/04\/A-NOITE-27.-06.-57-INACIO-MENDES.jpg?resize=263%2C257&#038;ssl=1\" sizes=\"auto, (max-width: 263px) 100vw, 263px\" srcset=\"https:\/\/maisrondonia.com.br\/wp-content\/uploads\/2026\/04\/A-NOITE-27.-06.-57-INACIO-MENDES.jpg 263w, https:\/\/maisrondonia.com.br\/wp-content\/uploads\/2026\/04\/A-NOITE-27.-06.-57-INACIO-MENDES-64x64.jpg 64w, https:\/\/maisrondonia.com.br\/wp-content\/uploads\/2026\/04\/A-NOITE-27.-06.-57-INACIO-MENDES-150x147.jpg 150w\" alt=\"\" width=\"263\" height=\"257\" \/><figcaption id=\"caption-attachment-201116\" class=\"wp-caption-text\">Jornal A Noite 27. 06. 57<\/figcaption><\/figure>\n<p>Na campanha eleitoral seguinte, em outubro de 1958, o incans\u00e1vel e aguerrido jornalista, finalmente, embarcou \u00a0nas fileiras da Frente Popular, \u00a0que, \u00a0neste pleito, teve como seus candidatos a chapa formada por Renato Medeiros e o socialista Thom\u00e1z\u00a0 Chaquian. E, pelo seguir de sua trajet\u00f3ria pol\u00edtica, demonstrou ter encontrado o seu verdadeiro ambiente, por\u00e9m n\u00e3o abandonou a sua postura irreverente.<\/p>\n<p>Seus conflitos com as for\u00e7as de seguran\u00e7a p\u00fablica, desta feita, se deram na cidade de Guajar\u00e1 Mirim, onde ocorreu \u00a0a sua terceira pris\u00e3o em solo rondoniense. O fato aconteceu em um com\u00edcio do PSP, onde \u00a0a fala de In\u00e1cio Mendes foi considerada uma afronta \u00e0s autoridades, como \u00a0assim relatou o jornal O Guapor\u00e9 em sua edi\u00e7\u00e3o de\u00a018 de setembro de 1958\u00a0\u201c\u00a0 Como se manifestasse \u00a0em termos injuriosos aos candidatos Alu\u00edzio Ferreira e Paulo Nunes Leal, os membros dos diret\u00f3rios do PSD e PTB procuraram o delegado de pol\u00edcia ( capit\u00e3o Al\u00edpio ) pedindo provid\u00eancias\u2026\u201d e prossegue o jornal\u00a0\u00a0 \u201cap\u00f3s haverem falado v\u00e1rios oradores, o indiv\u00edduo In\u00e1cio Mendes iniciou a sua parlenga, referindo-se em termos depreciativos ao\u00a0 Juiz Eleitoral, e desandou em ataques violentos aos seus advers\u00e1rios, classificando-os de assassinos confessos, ladr\u00f5es e bandidos que enxovalhavam o ex\u00e9rcito nacional.\u201d\u00a0 Esta campanha terminou com a vit\u00f3ria de Aluizio Ferreira.<\/p>\n<p>Desde ent\u00e3o, In\u00e1cio passou a escrever na\u00a0 Folha de Rond\u00f4nia, porta voz da Frente Popular FP,\u00a0 jornal de propriedade do engenheiro Wadih Darwich.<\/p>\n<p>A \u00faltima elei\u00e7\u00e3o antes do golpe de abril de 64, encontrou In\u00e1cio Mendes em pleno vapor trabalhando no seu of\u00edcio, agora ao lado das for\u00e7as progressistas. Foi a mais tr\u00e1gica disputa eleitoral da hist\u00f3ria do antigo Territ\u00f3rio de Rond\u00f4nia, a que ficou marcada pelo atentado ocorrido no com\u00edcio de encerramento da FP. Duas pessoas mortas e dezenas de feridos, o epis\u00f3dio ficou conhecido por Ca\u00e7ambada Cutuba.<\/p>\n<p>Quando completou um ano do atentado, In\u00e1cio Mendes,\u00a0 atrav\u00e9s de sua coluna na Folha de Rond\u00f4nia, levantou uma campanha com a seguinte manchete:<\/p>\n<p>\u201d CAMPANHA PR\u00d3 CONSTRU\u00c7\u00c3O DO T\u00daMULO DAS V\u00cdTIMAS DA CAT\u00c1STROFE \u00a0DA NOITE DE 26 DE SETEMBRO DE 1962<\/p>\n<p>Completando no dia 26 de setembro um ano da cat\u00e1strofe que matou os nossos companheiros Cust\u00f3dio Jos\u00e9 da Silva e Luiza Ribeiro Silva, ferindo muitos outros, quando um basculhante da prefeitura municipal de Porto Velho, cerca de 22 horas, cumprindo ordens dos donos da terra, naquela \u00e9poca, atacou o eleitorado do doutor Renato Medeiros, reunidos num com\u00edcio no bairro da Olaria, vimos lan\u00e7ar a \u201cCampanha Pr\u00f3 Constru\u00e7\u00e3o dos T\u00famulos das V\u00edtimas da Cat\u00e1strofe da Noite de 26\/09\/62\u201d, numa just\u00edssima homenagem p\u00f3stuma \u00e0queles m\u00e1rtires do aluizismo, construindo suas moradas no Cemit\u00e9rio dos Inocentes, onde seus companheiros poder\u00e3o derramar l\u00e1grimas de dor e protestarem contra t\u00e3o hediondo crime que jamais ser\u00e1 esquecido pelo povo de Rond\u00f4nia.<\/p>\n<p>Pedimos a todos aqueles que desejarem subscrever as listas de contribui\u00e7\u00f5es para fazer face as despesas nos procurar na reda\u00e7\u00e3o do jornal \u201cFolha de Rond\u00f4nia\u201d<\/p>\n<p>Pela Comiss\u00e3o Organizadora<\/p>\n<p>In\u00e1cio Mendes\u00a0 \u2013\u00a0 presidente\u201d<\/p>\n<p><b><strong>Quarta pris\u00e3o com invas\u00e3o de seu domic\u00edlio<\/strong><\/b><\/p>\n<p>Dois anos depois desse atentado, com o advento do Golpe Civil Militar, as for\u00e7as da repress\u00e3o pol\u00edtica em Porto Velho, atingiram o jornalista em sua pr\u00f3pria resid\u00eancia, invadindo o seu lar, quebrando portas e janelas na presen\u00e7a de sua esposa e filhos, sendo arrastado at\u00e9 \u00a0as depend\u00eancias do quartel da 3\u00aa Companhia de Fronteira, onde Permaneceu preso e incomunic\u00e1vel, em uma cela sem as m\u00ednimas condi\u00e7\u00f5es dignas de um ser humano.<\/p>\n<p>Diversas foram as den\u00fancias feitas aos jornais do Rio de Janeiro, e, em uma delas, sua esposa assim relatou ao jornal \u00a0\u00daltima Hora que publicou em sua edi\u00e7\u00e3o de 03 de novembro de\u00a0 64. Segue trecho: \u201c TORTURADO\u00a0<b><strong>\u201cNossa Resid\u00eancia foi assaltada por policiais a mando do governador, que arrancaram \u00b4portas e janelas e levaram preso o meu marido em verdadeiro atentado, configurando vandalismo e contrariando princ\u00edpios democr\u00e1ticos<\/strong><\/b>,<b><strong>\u00a0meu marido est\u00e1 preso no quartel da 3 CIA, recolhido em xadrez infecto, incomunic\u00e1vel, dormindo no ch\u00e3o, passando fome e sofrendo torturas at\u00e9 que assine depoimento desmentindo not\u00edcias ver\u00eddicas publicadas em O Combate\u201d.<\/strong><\/b><\/p>\n<p>In\u00e1cio Mendes volta a cena pol\u00edtica em 1969, quando foi eleito vereador para compor a primeira C\u00e2mara Municipal de Porto Velho, sendo o mais votado do MDB \u2013 Movimento Democr\u00e1tico Brasileiro, com 312 votos. Durante o per\u00edodo em que esteve no exerc\u00edcio de sua fun\u00e7\u00e3o, foi v\u00edtima de v\u00e1rias tentativas de cassa\u00e7\u00e3o de seu mandato.<\/p>\n<p><img data-recalc-dims=\"1\" loading=\"lazy\" decoding=\"async\" class=\" wp-image-201117 alignleft\" src=\"https:\/\/i0.wp.com\/maisrondonia.com.br\/wp-content\/uploads\/2026\/04\/nnnnnuuun.jpg?resize=455%2C606&#038;ssl=1\" sizes=\"auto, (max-width: 455px) 100vw, 455px\" srcset=\"https:\/\/maisrondonia.com.br\/wp-content\/uploads\/2026\/04\/nnnnnuuun.jpg 565w, https:\/\/maisrondonia.com.br\/wp-content\/uploads\/2026\/04\/nnnnnuuun-150x200.jpg 150w, https:\/\/maisrondonia.com.br\/wp-content\/uploads\/2026\/04\/nnnnnuuun-300x400.jpg 300w\" alt=\"\" width=\"455\" height=\"606\" \/>Em mar\u00e7o de 72, In\u00e1cio Mendes sofreu a sua<b><strong>\u00a0quinta pris\u00e3o<\/strong><\/b>, desta feita, foi incluso na Lei de Seguran\u00e7a Nacional \u2013 LSN, condenado a tr\u00eas anos de reclus\u00e3o e recolhido ao c\u00e1rcere em Bel\u00e9m do Par\u00e1.<\/p>\n<p>O livro \u201cBrasil: Nunca Mais\u201d editado pela Arquidiocese de S\u00e3o Paulo, citou o jornalista, quanto \u00e0s persegui\u00e7\u00f5es e seu enquadramento na LSN: \u201cNo distante\u00a0\u00a0Territ\u00f3rio de Rond\u00f4nia, o jornal \u00a0\u2018O Combatente\u2019, de Porto Velho, foi atingido por in\u00fameras persegui\u00e7\u00f5es a partir de 1970, que levaram ao fechamento do \u00f3rg\u00e3o. Seu propriet\u00e1rio, Ign\u00e1cio Mendes da Silva, tamb\u00e9m vereador e l\u00edder do MDB local, foi ainda processado com base\u00a0 na LSN por cr\u00edticas ao prefeito e outras autoridades em v\u00e1rias edi\u00e7\u00f5es de 1970.<\/p>\n<p>Em 1971, o filho daquele jornalista foi submetido a novo processo baseado em id\u00eanticos motivos, agora por artigos publicados em \u2018O Combate\u2019 \u00a0sucessor do jornal fechado no ano anterior\u201d<\/p>\n<p>Esta p\u00e1gina da hist\u00f3ria de terror, sofrida por um \u00a0jornalista, \u00a0no antigo Territ\u00f3rio de Rond\u00f4nia, reflete muito bem o clima de autoritarismo, \u00a0em que a popula\u00e7\u00e3o foi submetida pelos ditames do interventor do regime militar daquela \u00a0\u00e9poca.<\/p>\n<p>Fontes:<\/p>\n<p>Alto\u00a0 Madeira<\/p>\n<p>A Noite<\/p>\n<p>Correio da Manh\u00e3<\/p>\n<p>Folha do Norte<\/p>\n<p>Folha de Rond\u00f4nia<\/p>\n<p>Jornal do Com\u00e9rcio de Manaus<\/p>\n<p>O Guapor\u00e9<\/p>\n<p>O Imparcial<\/p>\n<p>\u00daltima Hora<\/p>\n<p><strong>(*) Zola Xavier \u00e9 jornalista e historiador Zola Xavier, idealizador e produtor do document\u00e1rio \u201cCa\u00e7ambada Cutuba \u2013 a hist\u00f3ria que Rond\u00f4nia n\u00e3o escreveu\u201d 2019. Autor do livro \u201cUma Frente Popular no Oeste do Brasil\u201d Editora Aquarius, 2023.<\/strong><\/p>\n","protected":false},"excerpt":{"rendered":"<p>In\u00e1cio Mendes em p\u00e9 de palet\u00f3 preto, sentados Cla\u00fadio Feitosa, Harry Covas e o ex governador Wadih Darwich &#8211; foto arquivo pessoal Hoje, 7 de abril, Dia do Jornalista, homenageamos a classe contando a hist\u00f3ria do jornalista paraense In\u00e1cio Mendes radicado em Porto Velho. O artigo \u00e9 de autoria do jornalista e historiador Zola Xavier.<\/p>\n","protected":false},"author":1,"featured_media":0,"comment_status":"closed","ping_status":"open","sticky":false,"template":"","format":"standard","meta":{"_exactmetrics_skip_tracking":false,"_exactmetrics_sitenote_active":false,"_exactmetrics_sitenote_note":"","_exactmetrics_sitenote_category":0,"jetpack_post_was_ever_published":false,"_jetpack_newsletter_access":"","_jetpack_dont_email_post_to_subs":false,"_jetpack_newsletter_tier_id":0,"_jetpack_memberships_contains_paywalled_content":false,"_jetpack_memberships_contains_paid_content":false,"footnotes":"","jetpack_publicize_message":"","jetpack_publicize_feature_enabled":true,"jetpack_social_post_already_shared":true,"jetpack_social_options":{"image_generator_settings":{"template":"highway","enabled":false},"version":2}},"categories":[1],"tags":[],"class_list":["post-38638","post","type-post","status-publish","format-standard","hentry","category-notas"],"jetpack_publicize_connections":[],"jetpack_sharing_enabled":true,"jetpack_featured_media_url":"","jetpack_shortlink":"https:\/\/wp.me\/s7wKYW-38638","jetpack-related-posts":[],"_links":{"self":[{"href":"http:\/\/blogdalucianaoliveira.com.br\/blog\/wp-json\/wp\/v2\/posts\/38638","targetHints":{"allow":["GET"]}}],"collection":[{"href":"http:\/\/blogdalucianaoliveira.com.br\/blog\/wp-json\/wp\/v2\/posts"}],"about":[{"href":"http:\/\/blogdalucianaoliveira.com.br\/blog\/wp-json\/wp\/v2\/types\/post"}],"author":[{"embeddable":true,"href":"http:\/\/blogdalucianaoliveira.com.br\/blog\/wp-json\/wp\/v2\/users\/1"}],"replies":[{"embeddable":true,"href":"http:\/\/blogdalucianaoliveira.com.br\/blog\/wp-json\/wp\/v2\/comments?post=38638"}],"version-history":[{"count":3,"href":"http:\/\/blogdalucianaoliveira.com.br\/blog\/wp-json\/wp\/v2\/posts\/38638\/revisions"}],"predecessor-version":[{"id":38642,"href":"http:\/\/blogdalucianaoliveira.com.br\/blog\/wp-json\/wp\/v2\/posts\/38638\/revisions\/38642"}],"wp:attachment":[{"href":"http:\/\/blogdalucianaoliveira.com.br\/blog\/wp-json\/wp\/v2\/media?parent=38638"}],"wp:term":[{"taxonomy":"category","embeddable":true,"href":"http:\/\/blogdalucianaoliveira.com.br\/blog\/wp-json\/wp\/v2\/categories?post=38638"},{"taxonomy":"post_tag","embeddable":true,"href":"http:\/\/blogdalucianaoliveira.com.br\/blog\/wp-json\/wp\/v2\/tags?post=38638"}],"curies":[{"name":"wp","href":"https:\/\/api.w.org\/{rel}","templated":true}]}}