{"id":38648,"date":"2026-04-08T10:19:57","date_gmt":"2026-04-08T14:19:57","guid":{"rendered":"https:\/\/blogdalucianaoliveira.com.br\/blog\/?p=38648"},"modified":"2026-04-08T10:19:57","modified_gmt":"2026-04-08T14:19:57","slug":"pre-candidato-do-mbl-a-presidencia-da-republica-renan-santos-acumula-r-11-milhao-em-dividas-com-a-uniao-e-a-previdencia","status":"publish","type":"post","link":"http:\/\/blogdalucianaoliveira.com.br\/blog\/2026\/04\/08\/pre-candidato-do-mbl-a-presidencia-da-republica-renan-santos-acumula-r-11-milhao-em-dividas-com-a-uniao-e-a-previdencia\/","title":{"rendered":"Pr\u00e9-candidato do MBL \u00e0 Presid\u00eancia da Rep\u00fablica, Renan Santos acumula R$ 1,1 milh\u00e3o em d\u00edvidas com a Uni\u00e3o e a Previd\u00eancia"},"content":{"rendered":"<p><img data-recalc-dims=\"1\" loading=\"lazy\" decoding=\"async\" data-attachment-id=\"38649\" data-permalink=\"http:\/\/blogdalucianaoliveira.com.br\/blog\/2026\/04\/08\/pre-candidato-do-mbl-a-presidencia-da-republica-renan-santos-acumula-r-11-milhao-em-dividas-com-a-uniao-e-a-previdencia\/img_0760\/\" data-orig-file=\"https:\/\/i0.wp.com\/blogdalucianaoliveira.com.br\/blog\/wp-content\/uploads\/2026\/04\/IMG_0760.webp?fit=980%2C823\" data-orig-size=\"980,823\" data-comments-opened=\"0\" data-image-meta=\"{&quot;aperture&quot;:&quot;0&quot;,&quot;credit&quot;:&quot;&quot;,&quot;camera&quot;:&quot;&quot;,&quot;caption&quot;:&quot;&quot;,&quot;created_timestamp&quot;:&quot;0&quot;,&quot;copyright&quot;:&quot;&quot;,&quot;focal_length&quot;:&quot;0&quot;,&quot;iso&quot;:&quot;0&quot;,&quot;shutter_speed&quot;:&quot;0&quot;,&quot;title&quot;:&quot;&quot;,&quot;orientation&quot;:&quot;0&quot;}\" data-image-title=\"IMG_0760\" data-image-description=\"\" data-image-caption=\"\" data-medium-file=\"https:\/\/i0.wp.com\/blogdalucianaoliveira.com.br\/blog\/wp-content\/uploads\/2026\/04\/IMG_0760.webp?fit=300%2C252\" data-large-file=\"https:\/\/i0.wp.com\/blogdalucianaoliveira.com.br\/blog\/wp-content\/uploads\/2026\/04\/IMG_0760.webp?fit=600%2C504\" class=\"aligncenter size-full wp-image-38649\" src=\"https:\/\/i0.wp.com\/blogdalucianaoliveira.com.br\/blog\/wp-content\/uploads\/2026\/04\/IMG_0760.webp?resize=600%2C504\" alt=\"\" width=\"600\" height=\"504\" srcset=\"https:\/\/i0.wp.com\/blogdalucianaoliveira.com.br\/blog\/wp-content\/uploads\/2026\/04\/IMG_0760.webp?w=980 980w, https:\/\/i0.wp.com\/blogdalucianaoliveira.com.br\/blog\/wp-content\/uploads\/2026\/04\/IMG_0760.webp?resize=300%2C252 300w, https:\/\/i0.wp.com\/blogdalucianaoliveira.com.br\/blog\/wp-content\/uploads\/2026\/04\/IMG_0760.webp?resize=768%2C645 768w, https:\/\/i0.wp.com\/blogdalucianaoliveira.com.br\/blog\/wp-content\/uploads\/2026\/04\/IMG_0760.webp?resize=357%2C300 357w\" sizes=\"auto, (max-width: 600px) 100vw, 600px\" \/><\/p>\n<h2 class=\"elementor-heading-title elementor-size-default\">Maior fatia de d\u00e9bitos do fundador do movimento est\u00e1 concentrada na esfera previdenci\u00e1ria<\/h2>\n<p><!--more-->Brasil de Fato &#8211; Renan Santos, fundador do <a href=\"https:\/\/www.brasildefato.com.br\/2021\/11\/06\/dois-meses-depois-modelo-que-acusou-renan-santos-do-mbl-de-tentativa-de-estupro-se-retratou\/\">Movimento Brasil Livre (MBL)<\/a> e pr\u00e9-candidato \u00e0 presid\u00eancia pelo partido Miss\u00e3o, acumula R$ 1,1 milh\u00e3o em d\u00edvidas tribut\u00e1rias com a Uni\u00e3o e a Previd\u00eancia, de acordo com levantamento feito pelo <strong>Brasil de Fato<\/strong>.<\/p>\n<p>O montante da d\u00edvida de <a href=\"https:\/\/www.brasildefato.com.br\/podcast\/brasil-de-fato-entrevista\/2025\/12\/03\/partido-do-mbl-tenta-espaco-na-direita-mas-carece-de-projeto-claro-e-surfa-em-sensacionalismo-diz-cientista-politica\/\">Renan Santos<\/a>o coloca na rela\u00e7\u00e3o de inscritos na D\u00edvida Ativa da Uni\u00e3o, que consta na Lista de Devedores da Procuradoria-Geral da Fazenda Nacional (PGFN) do governo federal.<\/p>\n<p>A maior fatia do d\u00e9bito est\u00e1 concentrada na esfera previdenci\u00e1ria: R$ 1.034.386,11. Al\u00e9m disso, Santos deve R$ 62.345,04 em multas trabalhistas, divididas em tr\u00eas infra\u00e7\u00f5es. Outros R$ 56.027,47 s\u00e3o d\u00e9bitos diversos com tributos da Uni\u00e3o.<\/p>\n<p><strong>Quem \u00e9<\/strong><\/p>\n<p>Renan Ant\u00f4nio Ferreira Santos fundou e assumiu a <a href=\"https:\/\/www.brasildefato.com.br\/2024\/06\/24\/por-vice-de-ricardo-nunes-milton-leite-e-uniao-brasil-abandonam-kim-kataguiri-na-disputa-pela-prefeitura-de-sao-paulo\/\">lideran\u00e7a do MBL<\/a>em 2014. Com atua\u00e7\u00e3o mais nos bastidores do movimento, ele disputar\u00e1 seu primeiro cargo p\u00fablico nas elei\u00e7\u00f5es de 2026, j\u00e1 ambicionando a Presid\u00eancia da Rep\u00fablica.<\/p>\n<p>Antes do MBL, seu fundador trabalhava com seu pai em um escrit\u00f3rio especializado em recuperar empresas em dificuldades financeiras. Ap\u00f3s fundar o movimento, abandonou o curso de Direito que cursava na Universidade de S\u00e3o Paulo (USP) para se tornar empres\u00e1rio.<\/p>\n<p>No final de 2025, Renan Santos anunciou sua pr\u00e9-candidatura \u00e0 Presid\u00eancia da Rep\u00fablica pelo Miss\u00e3o, partido fundado pelo MBL no ano passado, pelo qual ele disputar\u00e1 sua primeira elei\u00e7\u00e3o. Entre os nomes mais conhecidos do movimento est\u00e3o o deputado federal Kim Kataguiri, que tentar\u00e1 a reelei\u00e7\u00e3o, e o <a href=\"https:\/\/www.brasildefato.com.br\/2026\/04\/02\/deputado-do-mbl-guto-zacarias-teria-coagido-ex-companheira-a-abortar\/\">deputado estadual Guto Zacarias (SP)<\/a>, que responde a um processo em que \u00e9 acusado de ter coagido sua ex-companheira a abortar.<\/p>\n<p><strong>Outro lado<\/strong><\/p>\n<p>A reportagem do <strong>Brasil de Fato<\/strong>conversou algumas vezes com a assessoria de Renan Santos na \u00faltima segunda-feira (6). Apesar da ci\u00eancia da den\u00fancia, o fundador do MBL preferiu n\u00e3o se manifestar; caso o fa\u00e7a, o texto ser\u00e1 atualizado.<\/p>\n","protected":false},"excerpt":{"rendered":"<p>Maior fatia de d\u00e9bitos do fundador do movimento est\u00e1 concentrada na esfera previdenci\u00e1ria<\/p>\n","protected":false},"author":1,"featured_media":0,"comment_status":"closed","ping_status":"open","sticky":false,"template":"","format":"standard","meta":{"_exactmetrics_skip_tracking":false,"_exactmetrics_sitenote_active":false,"_exactmetrics_sitenote_note":"","_exactmetrics_sitenote_category":0,"jetpack_post_was_ever_published":false,"_jetpack_newsletter_access":"","_jetpack_dont_email_post_to_subs":false,"_jetpack_newsletter_tier_id":0,"_jetpack_memberships_contains_paywalled_content":false,"_jetpack_memberships_contains_paid_content":false,"footnotes":"","jetpack_publicize_message":"","jetpack_publicize_feature_enabled":true,"jetpack_social_post_already_shared":true,"jetpack_social_options":{"image_generator_settings":{"template":"highway","enabled":false},"version":2}},"categories":[1],"tags":[],"class_list":["post-38648","post","type-post","status-publish","format-standard","hentry","category-notas"],"jetpack_publicize_connections":[],"jetpack_sharing_enabled":true,"jetpack_featured_media_url":"","jetpack_shortlink":"https:\/\/wp.me\/p7wKYW-a3m","jetpack-related-posts":[],"_links":{"self":[{"href":"http:\/\/blogdalucianaoliveira.com.br\/blog\/wp-json\/wp\/v2\/posts\/38648","targetHints":{"allow":["GET"]}}],"collection":[{"href":"http:\/\/blogdalucianaoliveira.com.br\/blog\/wp-json\/wp\/v2\/posts"}],"about":[{"href":"http:\/\/blogdalucianaoliveira.com.br\/blog\/wp-json\/wp\/v2\/types\/post"}],"author":[{"embeddable":true,"href":"http:\/\/blogdalucianaoliveira.com.br\/blog\/wp-json\/wp\/v2\/users\/1"}],"replies":[{"embeddable":true,"href":"http:\/\/blogdalucianaoliveira.com.br\/blog\/wp-json\/wp\/v2\/comments?post=38648"}],"version-history":[{"count":1,"href":"http:\/\/blogdalucianaoliveira.com.br\/blog\/wp-json\/wp\/v2\/posts\/38648\/revisions"}],"predecessor-version":[{"id":38650,"href":"http:\/\/blogdalucianaoliveira.com.br\/blog\/wp-json\/wp\/v2\/posts\/38648\/revisions\/38650"}],"wp:attachment":[{"href":"http:\/\/blogdalucianaoliveira.com.br\/blog\/wp-json\/wp\/v2\/media?parent=38648"}],"wp:term":[{"taxonomy":"category","embeddable":true,"href":"http:\/\/blogdalucianaoliveira.com.br\/blog\/wp-json\/wp\/v2\/categories?post=38648"},{"taxonomy":"post_tag","embeddable":true,"href":"http:\/\/blogdalucianaoliveira.com.br\/blog\/wp-json\/wp\/v2\/tags?post=38648"}],"curies":[{"name":"wp","href":"https:\/\/api.w.org\/{rel}","templated":true}]}}