{"id":38651,"date":"2026-04-08T10:56:45","date_gmt":"2026-04-08T14:56:45","guid":{"rendered":"https:\/\/blogdalucianaoliveira.com.br\/blog\/?p=38651"},"modified":"2026-04-08T10:56:45","modified_gmt":"2026-04-08T14:56:45","slug":"38651","status":"publish","type":"post","link":"http:\/\/blogdalucianaoliveira.com.br\/blog\/2026\/04\/08\/38651\/","title":{"rendered":""},"content":{"rendered":"<p><img data-recalc-dims=\"1\" loading=\"lazy\" decoding=\"async\" data-attachment-id=\"38652\" data-permalink=\"http:\/\/blogdalucianaoliveira.com.br\/blog\/2026\/04\/08\/38651\/img_0763\/\" data-orig-file=\"https:\/\/i0.wp.com\/blogdalucianaoliveira.com.br\/blog\/wp-content\/uploads\/2026\/04\/IMG_0763.webp?fit=800%2C450\" data-orig-size=\"800,450\" data-comments-opened=\"0\" data-image-meta=\"{&quot;aperture&quot;:&quot;0&quot;,&quot;credit&quot;:&quot;&quot;,&quot;camera&quot;:&quot;&quot;,&quot;caption&quot;:&quot;&quot;,&quot;created_timestamp&quot;:&quot;0&quot;,&quot;copyright&quot;:&quot;&quot;,&quot;focal_length&quot;:&quot;0&quot;,&quot;iso&quot;:&quot;0&quot;,&quot;shutter_speed&quot;:&quot;0&quot;,&quot;title&quot;:&quot;&quot;,&quot;orientation&quot;:&quot;0&quot;}\" data-image-title=\"IMG_0763\" data-image-description=\"\" data-image-caption=\"\" data-medium-file=\"https:\/\/i0.wp.com\/blogdalucianaoliveira.com.br\/blog\/wp-content\/uploads\/2026\/04\/IMG_0763.webp?fit=300%2C169\" data-large-file=\"https:\/\/i0.wp.com\/blogdalucianaoliveira.com.br\/blog\/wp-content\/uploads\/2026\/04\/IMG_0763.webp?fit=600%2C338\" class=\"aligncenter size-full wp-image-38652\" src=\"https:\/\/i0.wp.com\/blogdalucianaoliveira.com.br\/blog\/wp-content\/uploads\/2026\/04\/IMG_0763.webp?resize=600%2C338\" alt=\"\" width=\"600\" height=\"338\" srcset=\"https:\/\/i0.wp.com\/blogdalucianaoliveira.com.br\/blog\/wp-content\/uploads\/2026\/04\/IMG_0763.webp?w=800 800w, https:\/\/i0.wp.com\/blogdalucianaoliveira.com.br\/blog\/wp-content\/uploads\/2026\/04\/IMG_0763.webp?resize=300%2C169 300w, https:\/\/i0.wp.com\/blogdalucianaoliveira.com.br\/blog\/wp-content\/uploads\/2026\/04\/IMG_0763.webp?resize=768%2C432 768w, https:\/\/i0.wp.com\/blogdalucianaoliveira.com.br\/blog\/wp-content\/uploads\/2026\/04\/IMG_0763.webp?resize=533%2C300 533w\" sizes=\"auto, (max-width: 600px) 100vw, 600px\" \/><\/p>\n<div class=\"css-1k9op6x e17x9cvu0\" dir=\"ltr\">\n<p class=\"css-s4cjt0 eea635z0\" dir=\"ltr\">BBC &#8211; Nas horas que antecederam o an\u00fancio do cessar-fogo de duas semanas entre <a class=\"focusIndicatorReducedWidth css-n8oauk e1h2ur550\" href=\"https:\/\/www.bbc.com\/portuguese\/topics\/cr50y5808vdt\">Ir\u00e3<\/a> e <a class=\"focusIndicatorReducedWidth css-n8oauk e1h2ur550\" href=\"https:\/\/www.bbc.com\/portuguese\/topics\/cdr56r2r88wt\">Estados Unidos<\/a>, surgiram sinais discretos de avan\u00e7o nas negocia\u00e7\u00f5es mediadas pelo <a class=\"focusIndicatorReducedWidth css-n8oauk e1h2ur550\" href=\"https:\/\/www.bbc.com\/portuguese\/topics\/c06gq6yxv1yt\">Paquist\u00e3o<\/a>.<\/p>\n<\/div>\n<p><!--more--><\/p>\n<div class=\"css-1k9op6x e17x9cvu0\" dir=\"ltr\">\n<p class=\"css-s4cjt0 eea635z0\" dir=\"ltr\">Falando sob anonimato, uma fonte paquistanesa disse \u00e0 BBC que as negocia\u00e7\u00f5es avan\u00e7avam &#8220;em ritmo acelerado&#8221;, com o Paquist\u00e3o atuando como intermedi\u00e1rio entre Ir\u00e3 e EUA.<\/p>\n<\/div>\n<div class=\"css-1k9op6x e17x9cvu0\" dir=\"ltr\">\n<p class=\"css-s4cjt0 eea635z0\" dir=\"ltr\">Segundo essa fonte ouvida pela BBC, as negocia\u00e7\u00f5es do lado paquistan\u00eas estavam concentradas em &#8220;um grupo muito restrito&#8221; e o clima era &#8220;sombrio e s\u00e9rio, mas ainda com esperan\u00e7a de que o desfecho seja uma cessa\u00e7\u00e3o das hostilidades. Restam poucas horas&#8221;. A fonte afirmou n\u00e3o fazer parte desse grupo.<\/p>\n<\/div>\n<div class=\"css-1k9op6x e17x9cvu0\" dir=\"ltr\">\n<p class=\"css-s4cjt0 eea635z0\" dir=\"ltr\">Nas \u00faltimas semanas, o Paquist\u00e3o tem atuado como intermedi\u00e1rio entre Ir\u00e3 e EUA, transmitindo mensagens entre os dois lados. O pa\u00eds mant\u00e9m uma rela\u00e7\u00e3o hist\u00f3rica com o Ir\u00e3, com quem compartilha fronteira, e frequentemente descreve o v\u00ednculo como &#8220;fraterno&#8221;.<\/p>\n<\/div>\n<div class=\"css-1k9op6x e17x9cvu0\" dir=\"ltr\">\n<p class=\"css-s4cjt0 eea635z0\" dir=\"ltr\">Em rela\u00e7\u00e3o aos EUA, o presidente americano, Donald Trump, j\u00e1 se referiu ao chefe das For\u00e7as Armadas do Paquist\u00e3o, marechal Asim Munir, como seu &#8220;marechal favorito&#8221;, que conhece o Ir\u00e3 &#8220;melhor do que a maioria&#8221;.<\/p>\n<div class=\"css-1k9op6x e17x9cvu0\" dir=\"ltr\">\n<p class=\"css-s4cjt0 eea635z0\" dir=\"ltr\">Um acordo ainda estava longe de estar acertado. Em discurso no Parlamento na noite de ter\u00e7a-feira (7\/4), o ministro das Rela\u00e7\u00f5es Exteriores paquistan\u00eas, Ishaq Dar, afirmou: &#8220;At\u00e9 ontem, est\u00e1vamos muito otimistas de que as coisas avan\u00e7avam em uma dire\u00e7\u00e3o positiva&#8221;, antes de Israel lan\u00e7ar um ataque contra o Ir\u00e3 na segunda-feira (6\/4) e de o Ir\u00e3 atacar a Ar\u00e1bia Saudita.<\/p>\n<\/div>\n<div class=\"css-1k9op6x e17x9cvu0\" dir=\"ltr\">\n<p class=\"css-s4cjt0 eea635z0\" dir=\"ltr\">Segundo ele, o Paquist\u00e3o &#8220;ainda tentava administrar a situa\u00e7\u00e3o da melhor forma poss\u00edvel&#8221;.<\/p>\n<\/div>\n<div class=\"css-1k9op6x e17x9cvu0\" dir=\"ltr\">\n<p class=\"css-s4cjt0 eea635z0\" dir=\"ltr\">O marechal de campo Asim Munir foi ainda mais cr\u00edtico. Em declara\u00e7\u00e3o a autoridades militares na ter\u00e7a-feira, afirmou que o ataque \u00e0 Ar\u00e1bia Saudita &#8220;prejudica esfor\u00e7os sinceros para resolver o conflito por meios pac\u00edficos&#8221;.<\/p>\n<div class=\"css-1k9op6x e17x9cvu0\" dir=\"ltr\">\n<p class=\"css-s4cjt0 eea635z0\" dir=\"ltr\">Foi uma das declara\u00e7\u00f5es mais duras feitas pelo Paquist\u00e3o em rela\u00e7\u00e3o ao Ir\u00e3 desde o in\u00edcio do conflito.<\/p>\n<\/div>\n<div class=\"css-1k9op6x e17x9cvu0\" dir=\"ltr\">\n<p class=\"css-s4cjt0 eea635z0\" dir=\"ltr\">Alguns analistas sugerem que isso p\u00f4de aumentar a press\u00e3o sobre o Ir\u00e3. O Paquist\u00e3o mant\u00e9m um acordo de defesa m\u00fatua com a Ar\u00e1bia Saudita \u2014 que determina que uma agress\u00e3o a um dos dois deve ser visto como ataque contra ambos \u2014 , que ainda n\u00e3o foi acionado, apesar dos ataques repetidos contra o pa\u00eds.<\/p>\n<div class=\"css-1k9op6x e17x9cvu0\" dir=\"ltr\">\n<p class=\"css-s4cjt0 eea635z0\" dir=\"ltr\">Ap\u00f3s a meia-noite de ter\u00e7a no Paquist\u00e3o, o primeiro-ministro do pa\u00eds, Shehbaz Sharif, publicou na rede social X que os &#8220;esfor\u00e7os diplom\u00e1ticos [\u2026] avan\u00e7am de forma constante, firme e consistente, com potencial de gerar resultados concretos no curto prazo&#8221; e pediu ao presidente Donald Trump que estendesse o prazo por duas semanas, al\u00e9m de solicitar que o Ir\u00e3 reabrisse o estreito de Ormuz pelo mesmo per\u00edodo.<\/p>\n<\/div>\n<div class=\"css-1k9op6x e17x9cvu0\" dir=\"ltr\">\n<p class=\"css-s4cjt0 eea635z0\" dir=\"ltr\">O embaixador do Ir\u00e3 no Paquist\u00e3o, Reza Amiri Moghadam, escreveu na rede X por volta das 03h (hor\u00e1rio local) que houve &#8220;um avan\u00e7o em rela\u00e7\u00e3o a uma fase cr\u00edtica e sens\u00edvel&#8221;.<\/p>\n<\/div>\n<div class=\"css-1k9op6x e17x9cvu0\" dir=\"ltr\">\n<p class=\"css-s4cjt0 eea635z0\" dir=\"ltr\">Pouco antes das 05h, o primeiro-ministro paquistan\u00eas anunciou que um cessar-fogo havia sido acordado e convidou as duas partes a se reunirem na capital paquistanesa, Islamabad, na sexta-feira (10\/04) para &#8220;prosseguir nas negocia\u00e7\u00f5es em busca de um acordo definitivo&#8221;.<\/p>\n<\/div>\n<div class=\"css-1k9op6x e17x9cvu0\" dir=\"ltr\">\n<p class=\"css-s4cjt0 eea635z0\" dir=\"ltr\">&#8220;Continuamos sendo muito cautelosos&#8221;, disse a fonte paquistanesa \u00e0 BBC, acrescentando que a situa\u00e7\u00e3o segue &#8220;fr\u00e1gil&#8221;. Ainda n\u00e3o h\u00e1 confian\u00e7a entre os dois lados, cada um se mostrando irredut\u00edvel nas suas posi\u00e7\u00f5es.<\/p>\n<\/div>\n<div class=\"css-1k9op6x e17x9cvu0\" dir=\"ltr\">\n<p class=\"css-s4cjt0 eea635z0\" dir=\"ltr\">Embora o Paquist\u00e3o possa vir a reunir as partes \u00e0 mesa, a quest\u00e3o \u00e9 o que elas conseguir\u00e3o, de fato, acordar.<\/p>\n<\/div>\n<div class=\"css-1k9op6x e17x9cvu0\" dir=\"ltr\">\n<h2 id=\"Por-que-o-Paquist\u00e3o-se-envolveu-nas-negocia\u00e7\u00f5es\" class=\"css-jtxtr9 emoh99e1\" tabindex=\"-1\">Por que o Paquist\u00e3o se envolveu nas negocia\u00e7\u00f5es?<\/h2>\n<\/div>\n<div class=\"css-1k9op6x e17x9cvu0\" dir=\"ltr\">\n<p class=\"css-s4cjt0 eea635z0\" dir=\"ltr\">O Paquist\u00e3o depende fortemente de petr\u00f3leo importado, grande parte dele transportado pelo estreito de Ormuz.<\/p>\n<\/div>\n<div class=\"css-1k9op6x e17x9cvu0\" dir=\"ltr\">\n<p class=\"css-s4cjt0 eea635z0\" dir=\"ltr\">&#8220;O Paquist\u00e3o, eu diria, mais do que quase qualquer outro pa\u00eds fora do Oriente M\u00e9dio, tem muito em jogo aqui&#8221;, afirmou Michael Kugelman, pesquisador s\u00eanior para o Sul da \u00c1sia no centro de pesquisas e debates Atlantic Council, nos EUA, em entrevista \u00e0 BBC.<\/p>\n<\/div>\n<div class=\"css-1k9op6x e17x9cvu0\" dir=\"ltr\">\n<p class=\"css-s4cjt0 eea635z0\" dir=\"ltr\">&#8220;Ele tem um interesse muito claro em fazer o que puder para contribuir com esfor\u00e7os de desescalada (da crise).&#8221;<\/p>\n<\/div>\n<div class=\"css-1k9op6x e17x9cvu0\" dir=\"ltr\">\n<p class=\"css-s4cjt0 eea635z0\" dir=\"ltr\">O governo paquistan\u00eas aumentou os pre\u00e7os da gasolina e do diesel em cerca de 20% no in\u00edcio de mar\u00e7o e j\u00e1 adotou medidas como a semana de trabalho de quatro dias para os servidores p\u00fablicos, na tentativa de economizar combust\u00edvel.<\/p>\n<\/div>\n<div class=\"css-1k9op6x e17x9cvu0\" dir=\"ltr\">\n<p class=\"css-s4cjt0 eea635z0\" dir=\"ltr\">&#8220;Se a guerra continuar, as press\u00f5es econ\u00f4micas no Paquist\u00e3o v\u00e3o aumentar enormemente&#8221;, afirma Farhan Siddiqi, professor de ci\u00eancia pol\u00edtica no Institute of Business Administration, em Karachi, no Paquist\u00e3o.<\/p>\n<\/div>\n<div class=\"css-1k9op6x e17x9cvu0\" dir=\"ltr\">\n<p class=\"css-s4cjt0 eea635z0\" dir=\"ltr\">Tamb\u00e9m h\u00e1 temor sobre o que uma escalada pode provocar.<\/p>\n<\/div>\n<div class=\"css-1k9op6x e17x9cvu0\" dir=\"ltr\">\n<p class=\"css-s4cjt0 eea635z0\" dir=\"ltr\">Ap\u00f3s o fechamento do acordo de defesa com a Ar\u00e1bia Saudita em setembro passado, surgiram d\u00favidas sobre como o Paquist\u00e3o reagiria caso o pa\u00eds \u00e1rabe entrasse na guerra e acionasse o acordo.<\/p>\n<\/div>\n<div class=\"css-1k9op6x e17x9cvu0\" dir=\"ltr\">\n<p class=\"css-s4cjt0 eea635z0\" dir=\"ltr\">&#8220;O problema para n\u00f3s \u00e9 que, se formos chamados a entrar no conflito ao lado da Ar\u00e1bia Saudita, toda a nossa fronteira oeste (com o Ir\u00e3) ficar\u00e1 em grande parte vulner\u00e1vel&#8221;, afirma Siddiqi, do Institute of Business Administration.<\/p>\n<\/div>\n<div class=\"css-1k9op6x e17x9cvu0\" dir=\"ltr\">\n<p class=\"css-s4cjt0 eea635z0\" dir=\"ltr\">Por outro lado, tamb\u00e9m est\u00e1 em jogo a posi\u00e7\u00e3o internacional do Paquist\u00e3o.<\/p>\n<\/div>\n<div class=\"css-1k9op6x e17x9cvu0\" dir=\"ltr\">\n<p class=\"css-s4cjt0 eea635z0\" dir=\"ltr\">&#8220;O Paquist\u00e3o \u00e9 muito sens\u00edvel a cr\u00edticas de que n\u00e3o tem influ\u00eancia no cen\u00e1rio global&#8221;, afirmou Kugelman, do Atlantic Council. &#8220;N\u00e3o acho que essa seja a principal motiva\u00e7\u00e3o para a postura que adotou, mas isso tamb\u00e9m pesa.&#8221;<\/p>\n<\/div>\n<div class=\"css-1k9op6x e17x9cvu0\" dir=\"ltr\">\n<p class=\"css-s4cjt0 eea635z0\" dir=\"ltr\">&#8220;\u00c9 uma diplomacia de alto risco, sem d\u00favida&#8221;, acrescenta Lodhi, ex-embaixadora paquistanesa. &#8220;H\u00e1 muito a perder e a ganhar. Se der certo, coloca o Paquist\u00e3o no topo do jogo diplom\u00e1tico global.&#8221;<\/p>\n<\/div>\n<div class=\"css-1k9op6x e17x9cvu0\" dir=\"ltr\">\n<h2 id=\"Como-o-Paquist\u00e3o-se-aproximou-dos-EUA\" class=\"css-jtxtr9 emoh99e1\" tabindex=\"-1\">Como o Paquist\u00e3o se aproximou dos EUA?<\/h2>\n<\/div>\n<div class=\"css-1k9op6x e17x9cvu0\" dir=\"ltr\">\n<p class=\"css-s4cjt0 eea635z0\" dir=\"ltr\">Ao longo do conflito, o Paquist\u00e3o foi r\u00e1pido em capitalizar sua rela\u00e7\u00e3o com Trump.<\/p>\n<\/div>\n<div class=\"css-1k9op6x e17x9cvu0\" dir=\"ltr\">\n<p class=\"css-s4cjt0 eea635z0\" dir=\"ltr\">Lodhi, ex-embaixadora paquistanesa, cita a indica\u00e7\u00e3o de Trump ao Pr\u00eamio Nobel da Paz pelo Paquist\u00e3o, &#8220;em reconhecimento \u00e0 sua interven\u00e7\u00e3o diplom\u00e1tica decisiva&#8221; durante a crise entre Paquist\u00e3o e \u00cdndia em 2025.<\/p>\n<\/div>\n<div class=\"css-1k9op6x e17x9cvu0\" dir=\"ltr\">\n<p class=\"css-s4cjt0 eea635z0\" dir=\"ltr\">Kugelman, do Atlantic Council, acrescenta que o Paquist\u00e3o &#8220;est\u00e1 disposto a adotar estrat\u00e9gias diplom\u00e1ticas n\u00e3o convencionais, ao contr\u00e1rio da \u00cdndia. [&#8230;] O fato de l\u00edderes paquistaneses terem se esfor\u00e7ado para elogiar o presidente (americano) ajudou sua posi\u00e7\u00e3o no governo dos EUA e tornou o Paquist\u00e3o um facilitador e mediador mais atraente aos olhos do governo&#8221;.<\/p>\n<\/div>\n<div class=\"css-1k9op6x e17x9cvu0\" dir=\"ltr\">\n<p class=\"css-s4cjt0 eea635z0\" dir=\"ltr\">&#8220;O pa\u00eds percebeu que o melhor caminho na diplomacia regional \u00e9 a neutralidade&#8221;, afirmou Siddiqi, do Institute of Business Administration. &#8220;O mundo atual \u00e9 um cen\u00e1rio em que os pa\u00edses \u2014 especialmente as pot\u00eancias m\u00e9dias \u2014 est\u00e3o mais confort\u00e1veis com uma pol\u00edtica de m\u00faltiplos alinhamentos.&#8221;<\/p>\n<\/div>\n<div class=\"css-1k9op6x e17x9cvu0\" dir=\"ltr\">\n<p class=\"css-s4cjt0 eea635z0\" dir=\"ltr\">&#8220;Acho que o Paquist\u00e3o est\u00e1 bem posicionado para dialogar com o Ir\u00e3 porque n\u00e3o carrega a imagem de ser pr\u00f3-Israel nem fortemente pr\u00f3-EUA&#8221;, acrescentou Siddiqi.<\/p>\n<\/div>\n<\/div>\n<p dir=\"ltr\">\n<\/div>\n<\/div>\n","protected":false},"excerpt":{"rendered":"<p>BBC &#8211; Nas horas que antecederam o an\u00fancio do cessar-fogo de duas semanas entre Ir\u00e3 e Estados Unidos, surgiram sinais discretos de avan\u00e7o nas negocia\u00e7\u00f5es mediadas pelo Paquist\u00e3o.<\/p>\n","protected":false},"author":1,"featured_media":0,"comment_status":"closed","ping_status":"open","sticky":false,"template":"","format":"standard","meta":{"_exactmetrics_skip_tracking":false,"_exactmetrics_sitenote_active":false,"_exactmetrics_sitenote_note":"","_exactmetrics_sitenote_category":0,"jetpack_post_was_ever_published":false,"_jetpack_newsletter_access":"","_jetpack_dont_email_post_to_subs":false,"_jetpack_newsletter_tier_id":0,"_jetpack_memberships_contains_paywalled_content":false,"_jetpack_memberships_contains_paid_content":false,"footnotes":"","jetpack_publicize_message":"","jetpack_publicize_feature_enabled":true,"jetpack_social_post_already_shared":true,"jetpack_social_options":{"image_generator_settings":{"template":"highway","enabled":false},"version":2}},"categories":[1],"tags":[],"class_list":["post-38651","post","type-post","status-publish","format-standard","hentry","category-notas"],"jetpack_publicize_connections":[],"jetpack_sharing_enabled":true,"jetpack_featured_media_url":"","jetpack_shortlink":"https:\/\/wp.me\/s7wKYW-38651","jetpack-related-posts":[],"_links":{"self":[{"href":"http:\/\/blogdalucianaoliveira.com.br\/blog\/wp-json\/wp\/v2\/posts\/38651","targetHints":{"allow":["GET"]}}],"collection":[{"href":"http:\/\/blogdalucianaoliveira.com.br\/blog\/wp-json\/wp\/v2\/posts"}],"about":[{"href":"http:\/\/blogdalucianaoliveira.com.br\/blog\/wp-json\/wp\/v2\/types\/post"}],"author":[{"embeddable":true,"href":"http:\/\/blogdalucianaoliveira.com.br\/blog\/wp-json\/wp\/v2\/users\/1"}],"replies":[{"embeddable":true,"href":"http:\/\/blogdalucianaoliveira.com.br\/blog\/wp-json\/wp\/v2\/comments?post=38651"}],"version-history":[{"count":1,"href":"http:\/\/blogdalucianaoliveira.com.br\/blog\/wp-json\/wp\/v2\/posts\/38651\/revisions"}],"predecessor-version":[{"id":38653,"href":"http:\/\/blogdalucianaoliveira.com.br\/blog\/wp-json\/wp\/v2\/posts\/38651\/revisions\/38653"}],"wp:attachment":[{"href":"http:\/\/blogdalucianaoliveira.com.br\/blog\/wp-json\/wp\/v2\/media?parent=38651"}],"wp:term":[{"taxonomy":"category","embeddable":true,"href":"http:\/\/blogdalucianaoliveira.com.br\/blog\/wp-json\/wp\/v2\/categories?post=38651"},{"taxonomy":"post_tag","embeddable":true,"href":"http:\/\/blogdalucianaoliveira.com.br\/blog\/wp-json\/wp\/v2\/tags?post=38651"}],"curies":[{"name":"wp","href":"https:\/\/api.w.org\/{rel}","templated":true}]}}