{"id":38654,"date":"2026-04-08T11:01:50","date_gmt":"2026-04-08T15:01:50","guid":{"rendered":"https:\/\/blogdalucianaoliveira.com.br\/blog\/?p=38654"},"modified":"2026-04-08T11:02:00","modified_gmt":"2026-04-08T15:02:00","slug":"vitoria-da-civilizacao-iraniana-contra-a-barbarie-mostrou-lula-do-lado-certo-da-historia-e-seus-adversarios-do-lado-errado","status":"publish","type":"post","link":"http:\/\/blogdalucianaoliveira.com.br\/blog\/2026\/04\/08\/vitoria-da-civilizacao-iraniana-contra-a-barbarie-mostrou-lula-do-lado-certo-da-historia-e-seus-adversarios-do-lado-errado\/","title":{"rendered":"Vit\u00f3ria da civiliza\u00e7\u00e3o iraniana contra a barb\u00e1rie mostrou Lula do lado certo da Hist\u00f3ria \u2013 e seus advers\u00e1rios do lado errado"},"content":{"rendered":"<p><img data-recalc-dims=\"1\" loading=\"lazy\" decoding=\"async\" data-attachment-id=\"38655\" data-permalink=\"http:\/\/blogdalucianaoliveira.com.br\/blog\/2026\/04\/08\/vitoria-da-civilizacao-iraniana-contra-a-barbarie-mostrou-lula-do-lado-certo-da-historia-e-seus-adversarios-do-lado-errado\/img_0764\/\" data-orig-file=\"https:\/\/i0.wp.com\/blogdalucianaoliveira.com.br\/blog\/wp-content\/uploads\/2026\/04\/IMG_0764.webp?fit=610%2C380\" data-orig-size=\"610,380\" data-comments-opened=\"0\" data-image-meta=\"{&quot;aperture&quot;:&quot;0&quot;,&quot;credit&quot;:&quot;&quot;,&quot;camera&quot;:&quot;&quot;,&quot;caption&quot;:&quot;&quot;,&quot;created_timestamp&quot;:&quot;0&quot;,&quot;copyright&quot;:&quot;&quot;,&quot;focal_length&quot;:&quot;0&quot;,&quot;iso&quot;:&quot;0&quot;,&quot;shutter_speed&quot;:&quot;0&quot;,&quot;title&quot;:&quot;&quot;,&quot;orientation&quot;:&quot;0&quot;}\" data-image-title=\"IMG_0764\" data-image-description=\"\" data-image-caption=\"\" data-medium-file=\"https:\/\/i0.wp.com\/blogdalucianaoliveira.com.br\/blog\/wp-content\/uploads\/2026\/04\/IMG_0764.webp?fit=300%2C187\" data-large-file=\"https:\/\/i0.wp.com\/blogdalucianaoliveira.com.br\/blog\/wp-content\/uploads\/2026\/04\/IMG_0764.webp?fit=600%2C374\" class=\"aligncenter size-full wp-image-38655\" src=\"https:\/\/i0.wp.com\/blogdalucianaoliveira.com.br\/blog\/wp-content\/uploads\/2026\/04\/IMG_0764.webp?resize=600%2C374\" alt=\"\" width=\"600\" height=\"374\" srcset=\"https:\/\/i0.wp.com\/blogdalucianaoliveira.com.br\/blog\/wp-content\/uploads\/2026\/04\/IMG_0764.webp?w=610 610w, https:\/\/i0.wp.com\/blogdalucianaoliveira.com.br\/blog\/wp-content\/uploads\/2026\/04\/IMG_0764.webp?resize=300%2C187 300w, https:\/\/i0.wp.com\/blogdalucianaoliveira.com.br\/blog\/wp-content\/uploads\/2026\/04\/IMG_0764.webp?resize=482%2C300 482w\" sizes=\"auto, (max-width: 600px) 100vw, 600px\" \/><\/p>\n<h2 class=\"article__lead\">Triunfo da paz e da diplomacia pode ter impacto nas elei\u00e7\u00f5es presidenciais e, quem sabe, at\u00e9 em S\u00e3o Paulo, desde que a popula\u00e7\u00e3o seja conscientizada<\/h2>\n<p><!--more-->247 &#8211; A incontest\u00e1vel vit\u00f3ria da civiliza\u00e7\u00e3o iraniana contra a barb\u00e1rie hoje representada pelos governos de Donald Trump e Benjamin Netanyahu, nos Estados Unidos e Israel, \u00e9 um fato hist\u00f3rico, que deve ser celebrado por todos os defensores da Paz Mundial e que poder\u00e1 ter impactos nas elei\u00e7\u00f5es de outubro no Brasil. Isso porque o presidente Luiz In\u00e1cio Lula da Silva, mais uma vez, provou estar do lado certo da Hist\u00f3ria \u2013 o da paz, do multilateralismo e do Sul Global \u2013 enquanto seus dois principais advers\u00e1rios na corrida presidencial, Fl\u00e1vio Bolsonaro e Ronaldo Caiado, vinham se alinhado abertamente ao eixo da barb\u00e1rie.<\/p>\n<p>Em poucas horas, Trump, que amea\u00e7ava eliminar do mapa a civiliza\u00e7\u00e3o iraniana, ap\u00f3s ser impelido a entrar numa guerra desastrosa por Netanyahu, se viu for\u00e7ado a recuar e aceitar a media\u00e7\u00e3o paquistanesa para um cessar-fogo que mant\u00e9m o controle iraniano sobre o Estreito de Ormuz, abre o caminho para o fim das san\u00e7\u00f5es e consolida a ascens\u00e3o do mundo multipolar. Uma vit\u00f3ria da Humanidade, mas tamb\u00e9m de Lula, que desde o primeiro dia condenou o genoc\u00eddio promovido por Netanyahu em Gaza e a guerra in\u00fatil de Trump no Golfo P\u00e9rsico, que j\u00e1 pressionava os pre\u00e7os dos combust\u00edveis no Brasil e poderia provocar uma depress\u00e3o econ\u00f4mica global.<\/p>\n<div class=\"marginBottom30\">\n<div class=\"ad ad--center marginBottom0\">\n<div id=\"b247-multipage-video-1\" data-google-query-id=\"CML__KDC3pMDFcUSigMdeOAoDw\">\n<div id=\"google_ads_iframe_\/55115104\/b247-multipage-video-1_0__container__\"><\/div>\n<div id=\"notsy_container_972444492\" class=\"B24_VIDEO_GAM\" data-notsy-container-index=\"1\" data-notsy-mapped-container=\"1\"><\/div>\n<\/div>\n<\/div>\n<\/div>\n<p>A vit\u00f3ria da paz contra a escalada b\u00e9lica impulsionada pelo eixo Washington\u2013Tel Aviv n\u00e3o apenas reposiciona o tabuleiro geopol\u00edtico global, como tamb\u00e9m escancara um desafio interno decisivo para o Brasil: a necessidade de elevar o n\u00edvel de consci\u00eancia da sociedade sobre o tema da pol\u00edtica internacional. E esse \u00e9 um terreno no qual o presidente Luiz In\u00e1cio Lula da Silva ter\u00e1, cada vez mais, que atuar como educador pol\u00edtico.<\/p>\n<p>Num ambiente midi\u00e1tico profundamente marcado pela desinforma\u00e7\u00e3o, simplifica\u00e7\u00f5es ideol\u00f3gicas e alinhamentos autom\u00e1ticos ao Ocidente, temas como multipolaridade, soberania energ\u00e9tica ou san\u00e7\u00f5es econ\u00f4micas s\u00e3o frequentemente tratados de forma superficial \u2014 ou distorcida. Isso cria um descompasso entre a realidade do mundo em transforma\u00e7\u00e3o e a percep\u00e7\u00e3o de parcelas relevantes da popula\u00e7\u00e3o brasileira.<\/p>\n<p>\u00c9 justamente nesse ponto que Lula se diferencia. Ao fazer a leitura correta do momento hist\u00f3rico e defender sempre solu\u00e7\u00f5es diplom\u00e1ticas, o presidente n\u00e3o apenas reafirma sua lideran\u00e7a moral, como tamb\u00e9m pode atuar pedagogicamente, explicando ao Brasil que o mundo j\u00e1 n\u00e3o \u00e9 mais unipolar, que o Sul Global emergiu como for\u00e7a decisiva e que o interesse nacional passa, necessariamente, por rela\u00e7\u00f5es equilibradas com diferentes centros de poder.<\/p>\n<p>Esse esfor\u00e7o de \u201ceduca\u00e7\u00e3o geopol\u00edtica\u201d ser\u00e1 cada vez mais necess\u00e1rio, uma vez que os impactos dos conflitos promovidos pelo imperialismo s\u00e3o sempre sentidos diretamente no cotidiano dos brasileiros. A press\u00e3o sobre os pre\u00e7os dos combust\u00edveis, por exemplo, n\u00e3o era um fen\u00f4meno abstrato \u2013 ela decorria da agress\u00e3o contra o Ir\u00e3, ontem interrompida pelo hist\u00f3rico acordo mediado por Islamabad.<\/p>\n<p>Ao mesmo tempo, os advers\u00e1rios de Lula seguem presos a uma vis\u00e3o ultrapassada e subordinada. Fl\u00e1vio Bolsonaro, dias atr\u00e1s, estava num evento da extrema-direita internacional, afirmando que poderia ajudar Trump a usar o Brasil para resolver os problemas dos Estados Unidos na disputa contra a China. Caiado, por sua vez, chegou a posar ao lado de Netanyahu, no auge do genoc\u00eddio em Gaza, assim como o governador de S\u00e3o Paulo, Tarc\u00edsio de Freitas. Por isso, a d\u00e9b\u00e2cle do eixo da barb\u00e1rie poder\u00e1 ter impactos n\u00e3o apenas no \u00e2mbito nacional, como tamb\u00e9m em S\u00e3o Paulo. E o pr\u00e9-candidato Fernando Haddad dever\u00e1 sempre recordar, na campanha eleitoral, da cena pat\u00e9tica de Tarc\u00edsio com seu bon\u00e9 do movimento MAGA \u2013 Make America Great Again \u2013 uma cena que o hoje o governador de S\u00e3o Paulo gostaria de apagar de seu passado.<\/p>\n<p>A \u201cvergonha silenciosa\u201d de antigos trumpistas n\u00e3o \u00e9 casual. Ela reflete uma mudan\u00e7a objetiva no equil\u00edbrio de for\u00e7as internacional. Defender hoje a escalada militar, o unilateralismo e a pol\u00edtica de san\u00e7\u00f5es como instrumento de domina\u00e7\u00e3o passou a ser sin\u00f4nimo de atraso hist\u00f3rico. Em contraste, defender o di\u00e1logo, a soberania e a multipolaridade tornou-se n\u00e3o apenas uma posi\u00e7\u00e3o \u00e9tica, mas tamb\u00e9m pragm\u00e1tica.<br \/>\nNesse contexto, a vit\u00f3ria diplom\u00e1tica que evitou uma guerra de grandes propor\u00e7\u00f5es no Oriente M\u00e9dio refor\u00e7a a narrativa de Lula como estadista global. Mais do que isso: evidencia que o Brasil, sob sua lideran\u00e7a, pode desempenhar um papel relevante na constru\u00e7\u00e3o de um mundo mais equilibrado, pac\u00edfico e promissor para os brasileiros e brasileiras.<\/p>\n","protected":false},"excerpt":{"rendered":"<p>Triunfo da paz e da diplomacia pode ter impacto nas elei\u00e7\u00f5es presidenciais e, quem sabe, at\u00e9 em S\u00e3o Paulo, desde que a popula\u00e7\u00e3o seja conscientizada<\/p>\n","protected":false},"author":1,"featured_media":0,"comment_status":"closed","ping_status":"open","sticky":false,"template":"","format":"standard","meta":{"_exactmetrics_skip_tracking":false,"_exactmetrics_sitenote_active":false,"_exactmetrics_sitenote_note":"","_exactmetrics_sitenote_category":0,"jetpack_post_was_ever_published":false,"_jetpack_newsletter_access":"","_jetpack_dont_email_post_to_subs":false,"_jetpack_newsletter_tier_id":0,"_jetpack_memberships_contains_paywalled_content":false,"_jetpack_memberships_contains_paid_content":false,"footnotes":"","jetpack_publicize_message":"","jetpack_publicize_feature_enabled":true,"jetpack_social_post_already_shared":true,"jetpack_social_options":{"image_generator_settings":{"template":"highway","enabled":false},"version":2}},"categories":[1],"tags":[],"class_list":["post-38654","post","type-post","status-publish","format-standard","hentry","category-notas"],"jetpack_publicize_connections":[],"jetpack_sharing_enabled":true,"jetpack_featured_media_url":"","jetpack_shortlink":"https:\/\/wp.me\/p7wKYW-a3s","jetpack-related-posts":[],"_links":{"self":[{"href":"http:\/\/blogdalucianaoliveira.com.br\/blog\/wp-json\/wp\/v2\/posts\/38654","targetHints":{"allow":["GET"]}}],"collection":[{"href":"http:\/\/blogdalucianaoliveira.com.br\/blog\/wp-json\/wp\/v2\/posts"}],"about":[{"href":"http:\/\/blogdalucianaoliveira.com.br\/blog\/wp-json\/wp\/v2\/types\/post"}],"author":[{"embeddable":true,"href":"http:\/\/blogdalucianaoliveira.com.br\/blog\/wp-json\/wp\/v2\/users\/1"}],"replies":[{"embeddable":true,"href":"http:\/\/blogdalucianaoliveira.com.br\/blog\/wp-json\/wp\/v2\/comments?post=38654"}],"version-history":[{"count":1,"href":"http:\/\/blogdalucianaoliveira.com.br\/blog\/wp-json\/wp\/v2\/posts\/38654\/revisions"}],"predecessor-version":[{"id":38656,"href":"http:\/\/blogdalucianaoliveira.com.br\/blog\/wp-json\/wp\/v2\/posts\/38654\/revisions\/38656"}],"wp:attachment":[{"href":"http:\/\/blogdalucianaoliveira.com.br\/blog\/wp-json\/wp\/v2\/media?parent=38654"}],"wp:term":[{"taxonomy":"category","embeddable":true,"href":"http:\/\/blogdalucianaoliveira.com.br\/blog\/wp-json\/wp\/v2\/categories?post=38654"},{"taxonomy":"post_tag","embeddable":true,"href":"http:\/\/blogdalucianaoliveira.com.br\/blog\/wp-json\/wp\/v2\/tags?post=38654"}],"curies":[{"name":"wp","href":"https:\/\/api.w.org\/{rel}","templated":true}]}}