{"id":38657,"date":"2026-04-08T11:08:04","date_gmt":"2026-04-08T15:08:04","guid":{"rendered":"https:\/\/blogdalucianaoliveira.com.br\/blog\/?p=38657"},"modified":"2026-04-08T11:08:04","modified_gmt":"2026-04-08T15:08:04","slug":"precos-de-gas-e-petroleo-caem-na-europa-apos-cessar-fogo-no-oriente-medio","status":"publish","type":"post","link":"http:\/\/blogdalucianaoliveira.com.br\/blog\/2026\/04\/08\/precos-de-gas-e-petroleo-caem-na-europa-apos-cessar-fogo-no-oriente-medio\/","title":{"rendered":"Pre\u00e7os de g\u00e1s e petr\u00f3leo caem na Europa ap\u00f3s cessar-fogo no Oriente M\u00e9dio"},"content":{"rendered":"<p><img data-recalc-dims=\"1\" loading=\"lazy\" decoding=\"async\" data-attachment-id=\"38658\" data-permalink=\"http:\/\/blogdalucianaoliveira.com.br\/blog\/2026\/04\/08\/precos-de-gas-e-petroleo-caem-na-europa-apos-cessar-fogo-no-oriente-medio\/img_0765\/\" data-orig-file=\"https:\/\/i0.wp.com\/blogdalucianaoliveira.com.br\/blog\/wp-content\/uploads\/2026\/04\/IMG_0765.jpeg?fit=620%2C614\" data-orig-size=\"620,614\" data-comments-opened=\"0\" data-image-meta=\"{&quot;aperture&quot;:&quot;0&quot;,&quot;credit&quot;:&quot;&quot;,&quot;camera&quot;:&quot;&quot;,&quot;caption&quot;:&quot;&quot;,&quot;created_timestamp&quot;:&quot;0&quot;,&quot;copyright&quot;:&quot;&quot;,&quot;focal_length&quot;:&quot;0&quot;,&quot;iso&quot;:&quot;0&quot;,&quot;shutter_speed&quot;:&quot;0&quot;,&quot;title&quot;:&quot;&quot;,&quot;orientation&quot;:&quot;0&quot;}\" data-image-title=\"IMG_0765\" data-image-description=\"\" data-image-caption=\"\" data-medium-file=\"https:\/\/i0.wp.com\/blogdalucianaoliveira.com.br\/blog\/wp-content\/uploads\/2026\/04\/IMG_0765.jpeg?fit=300%2C297\" data-large-file=\"https:\/\/i0.wp.com\/blogdalucianaoliveira.com.br\/blog\/wp-content\/uploads\/2026\/04\/IMG_0765.jpeg?fit=600%2C594\" class=\"aligncenter size-full wp-image-38658\" src=\"https:\/\/i0.wp.com\/blogdalucianaoliveira.com.br\/blog\/wp-content\/uploads\/2026\/04\/IMG_0765.jpeg?resize=600%2C594\" alt=\"\" width=\"600\" height=\"594\" srcset=\"https:\/\/i0.wp.com\/blogdalucianaoliveira.com.br\/blog\/wp-content\/uploads\/2026\/04\/IMG_0765.jpeg?w=620 620w, https:\/\/i0.wp.com\/blogdalucianaoliveira.com.br\/blog\/wp-content\/uploads\/2026\/04\/IMG_0765.jpeg?resize=300%2C297 300w, https:\/\/i0.wp.com\/blogdalucianaoliveira.com.br\/blog\/wp-content\/uploads\/2026\/04\/IMG_0765.jpeg?resize=150%2C150 150w, https:\/\/i0.wp.com\/blogdalucianaoliveira.com.br\/blog\/wp-content\/uploads\/2026\/04\/IMG_0765.jpeg?resize=303%2C300 303w\" sizes=\"auto, (max-width: 600px) 100vw, 600px\" \/><\/p>\n<p>Os mercados europeus registraram queda de cerca de 20% nos pre\u00e7os do g\u00e1s, acompanhando a redu\u00e7\u00e3o no petr\u00f3leo, em rea\u00e7\u00e3o ao acordo tempor\u00e1rio entre EUA e Ir\u00e3.<!--more--><\/p>\n<p>Jornal de Bras\u00edlia &#8211; Os pre\u00e7os do g\u00e1s na Europa ca\u00edram cerca de 20% na abertura do mercado nesta ter\u00e7a-feira (7), seguindo a queda dos pre\u00e7os do petr\u00f3leo ap\u00f3s o an\u00fancio de um cessar-fogo tempor\u00e1rio entre Estados Unidos e Ir\u00e3.<\/p>\n<p>A expectativa \u00e9 de que os pre\u00e7os dos combust\u00edveis nos postos de abastecimento possam recuar em breve. No entanto, analistas alertam para quest\u00f5es pendentes, como o desbloqueio efetivo do Estreito de Ormuz e se o cessar-fogo levar\u00e1 ao fim da guerra no Oriente M\u00e9dio.<\/p>\n<p>Pouco depois do in\u00edcio das negocia\u00e7\u00f5es \u00e0s 7h (hora em Lisboa), o contrato de futuros holand\u00eas TTF, refer\u00eancia europeia para o g\u00e1s, caiu 19,24% para 43 euros por MWh, ap\u00f3s chegar a mais de 20% de queda, atingindo 42,5 euros.<\/p>\n<p>Os pre\u00e7os do petr\u00f3leo tamb\u00e9m despencaram ap\u00f3s o an\u00fancio de que EUA e Ir\u00e3 iniciar\u00e3o negocia\u00e7\u00f5es na sexta-feira (10) e concordaram em abrir o Estreito de Ormuz de forma imediata. Cerca de 20% do petr\u00f3leo mundial passa pelo canal, e a guerra no Oriente M\u00e9dio causou o maior choque no fornecimento j\u00e1 registrado, afetando de 12 a 15 milh\u00f5es de barris de petr\u00f3leo bruto por dia.<\/p>\n<p>Por volta das 5h, o pre\u00e7o do crude West Texas Intermediate (WTI) para entrega em maio, refer\u00eancia norte-americana, ca\u00eda 14,53% para US$ 96,54. J\u00e1 o crude Brent do Mar do Norte para entrega em junho, refer\u00eancia global, registrou queda de 13,13% para US$ 94,92.<\/p>\n<p>O movimento positivo nos mercados se estendeu al\u00e9m da Europa. O d\u00f3lar norte-americano desvalorizou em rela\u00e7\u00e3o \u00e0s principais moedas, perdendo mais de 1% diante da libra esterlina. As bolsas asi\u00e1ticas registraram forte alta, com expectativa de recupera\u00e7\u00e3o nas bolsas europeias.<br \/>\nOs investidores sinalizam que o desejo principal \u00e9 a reabertura do Estreito de Ormuz. Contudo, resta saber se o canal voltar\u00e1 a funcionar normalmente e qual ser\u00e1 o futuro do conflito. Al\u00e9m disso, os efeitos nos pre\u00e7os n\u00e3o ser\u00e3o imediatos.<\/p>\n","protected":false},"excerpt":{"rendered":"<p>Os mercados europeus registraram queda de cerca de 20% nos pre\u00e7os do g\u00e1s, acompanhando a redu\u00e7\u00e3o no petr\u00f3leo, em rea\u00e7\u00e3o ao acordo tempor\u00e1rio entre EUA e Ir\u00e3.<\/p>\n","protected":false},"author":1,"featured_media":0,"comment_status":"closed","ping_status":"open","sticky":false,"template":"","format":"standard","meta":{"_exactmetrics_skip_tracking":false,"_exactmetrics_sitenote_active":false,"_exactmetrics_sitenote_note":"","_exactmetrics_sitenote_category":0,"jetpack_post_was_ever_published":false,"_jetpack_newsletter_access":"","_jetpack_dont_email_post_to_subs":false,"_jetpack_newsletter_tier_id":0,"_jetpack_memberships_contains_paywalled_content":false,"_jetpack_memberships_contains_paid_content":false,"footnotes":"","jetpack_publicize_message":"","jetpack_publicize_feature_enabled":true,"jetpack_social_post_already_shared":true,"jetpack_social_options":{"image_generator_settings":{"template":"highway","enabled":false},"version":2}},"categories":[1],"tags":[],"class_list":["post-38657","post","type-post","status-publish","format-standard","hentry","category-notas"],"jetpack_publicize_connections":[],"jetpack_sharing_enabled":true,"jetpack_featured_media_url":"","jetpack_shortlink":"https:\/\/wp.me\/p7wKYW-a3v","jetpack-related-posts":[],"_links":{"self":[{"href":"http:\/\/blogdalucianaoliveira.com.br\/blog\/wp-json\/wp\/v2\/posts\/38657","targetHints":{"allow":["GET"]}}],"collection":[{"href":"http:\/\/blogdalucianaoliveira.com.br\/blog\/wp-json\/wp\/v2\/posts"}],"about":[{"href":"http:\/\/blogdalucianaoliveira.com.br\/blog\/wp-json\/wp\/v2\/types\/post"}],"author":[{"embeddable":true,"href":"http:\/\/blogdalucianaoliveira.com.br\/blog\/wp-json\/wp\/v2\/users\/1"}],"replies":[{"embeddable":true,"href":"http:\/\/blogdalucianaoliveira.com.br\/blog\/wp-json\/wp\/v2\/comments?post=38657"}],"version-history":[{"count":1,"href":"http:\/\/blogdalucianaoliveira.com.br\/blog\/wp-json\/wp\/v2\/posts\/38657\/revisions"}],"predecessor-version":[{"id":38659,"href":"http:\/\/blogdalucianaoliveira.com.br\/blog\/wp-json\/wp\/v2\/posts\/38657\/revisions\/38659"}],"wp:attachment":[{"href":"http:\/\/blogdalucianaoliveira.com.br\/blog\/wp-json\/wp\/v2\/media?parent=38657"}],"wp:term":[{"taxonomy":"category","embeddable":true,"href":"http:\/\/blogdalucianaoliveira.com.br\/blog\/wp-json\/wp\/v2\/categories?post=38657"},{"taxonomy":"post_tag","embeddable":true,"href":"http:\/\/blogdalucianaoliveira.com.br\/blog\/wp-json\/wp\/v2\/tags?post=38657"}],"curies":[{"name":"wp","href":"https:\/\/api.w.org\/{rel}","templated":true}]}}