{"id":38664,"date":"2026-04-13T07:17:23","date_gmt":"2026-04-13T11:17:23","guid":{"rendered":"https:\/\/blogdalucianaoliveira.com.br\/blog\/?p=38664"},"modified":"2026-04-13T07:17:23","modified_gmt":"2026-04-13T11:17:23","slug":"as-ligacoes-da-familia-bolsonaro-com-viktor-orban-que-perdeu-eleicao-na-hungria-apos-16-anos","status":"publish","type":"post","link":"http:\/\/blogdalucianaoliveira.com.br\/blog\/2026\/04\/13\/as-ligacoes-da-familia-bolsonaro-com-viktor-orban-que-perdeu-eleicao-na-hungria-apos-16-anos\/","title":{"rendered":"As liga\u00e7\u00f5es da fam\u00edlia Bolsonaro com Viktor Orb\u00e1n, que perdeu elei\u00e7\u00e3o na Hungria ap\u00f3s 16 anos"},"content":{"rendered":"<p><img data-recalc-dims=\"1\" loading=\"lazy\" decoding=\"async\" data-attachment-id=\"38665\" data-permalink=\"http:\/\/blogdalucianaoliveira.com.br\/blog\/2026\/04\/13\/as-ligacoes-da-familia-bolsonaro-com-viktor-orban-que-perdeu-eleicao-na-hungria-apos-16-anos\/img_0975\/\" data-orig-file=\"https:\/\/i0.wp.com\/blogdalucianaoliveira.com.br\/blog\/wp-content\/uploads\/2026\/04\/IMG_0975.webp?fit=799%2C533\" data-orig-size=\"799,533\" data-comments-opened=\"0\" data-image-meta=\"{&quot;aperture&quot;:&quot;0&quot;,&quot;credit&quot;:&quot;&quot;,&quot;camera&quot;:&quot;&quot;,&quot;caption&quot;:&quot;&quot;,&quot;created_timestamp&quot;:&quot;0&quot;,&quot;copyright&quot;:&quot;&quot;,&quot;focal_length&quot;:&quot;0&quot;,&quot;iso&quot;:&quot;0&quot;,&quot;shutter_speed&quot;:&quot;0&quot;,&quot;title&quot;:&quot;&quot;,&quot;orientation&quot;:&quot;0&quot;}\" data-image-title=\"IMG_0975\" data-image-description=\"\" data-image-caption=\"\" data-medium-file=\"https:\/\/i0.wp.com\/blogdalucianaoliveira.com.br\/blog\/wp-content\/uploads\/2026\/04\/IMG_0975.webp?fit=300%2C200\" data-large-file=\"https:\/\/i0.wp.com\/blogdalucianaoliveira.com.br\/blog\/wp-content\/uploads\/2026\/04\/IMG_0975.webp?fit=600%2C400\" class=\"aligncenter size-full wp-image-38665\" src=\"https:\/\/i0.wp.com\/blogdalucianaoliveira.com.br\/blog\/wp-content\/uploads\/2026\/04\/IMG_0975.webp?resize=600%2C400\" alt=\"\" width=\"600\" height=\"400\" srcset=\"https:\/\/i0.wp.com\/blogdalucianaoliveira.com.br\/blog\/wp-content\/uploads\/2026\/04\/IMG_0975.webp?w=799 799w, https:\/\/i0.wp.com\/blogdalucianaoliveira.com.br\/blog\/wp-content\/uploads\/2026\/04\/IMG_0975.webp?resize=300%2C200 300w, https:\/\/i0.wp.com\/blogdalucianaoliveira.com.br\/blog\/wp-content\/uploads\/2026\/04\/IMG_0975.webp?resize=768%2C512 768w, https:\/\/i0.wp.com\/blogdalucianaoliveira.com.br\/blog\/wp-content\/uploads\/2026\/04\/IMG_0975.webp?resize=450%2C300 450w\" sizes=\"auto, (max-width: 600px) 100vw, 600px\" \/><\/p>\n<div class=\"css-1k9op6x e17x9cvu0\" dir=\"ltr\">\n<p class=\"css-s4cjt0 eea635z0\" dir=\"ltr\">\nBBC, por J\u00falia Braun &#8211; O l\u00edder de direita radical recebeu o apoio do presidente dos Estados Unidos, Donald Trump, e \u00e9 visto como um aliado do l\u00edder russo Vladimir Putin. Ele tamb\u00e9m tem v\u00ednculos com o <a class=\"focusIndicatorReducedWidth css-n8oauk e1h2ur550\" href=\"https:\/\/www.bbc.com\/portuguese\/topics\/cg7267qv6q0t\">ex-presidente Jair Bolsonaro<\/a> e sua fam\u00edlia.<\/p>\n<\/div>\n<p><!--more--><\/p>\n<div class=\"css-1k9op6x e17x9cvu0\" dir=\"ltr\">\n<p class=\"css-s4cjt0 eea635z0\" dir=\"ltr\">Orb\u00e1n foi um dos poucos l\u00edderes europeus presentes na posse de Bolsonaro em 2019. Durante uma visita do ent\u00e3o presidente brasileiro a Budapeste, tr\u00eas anos depois, os dois selaram os la\u00e7os de amizade em um encontro cheio de troca de elogios.<\/p>\n<\/div>\n<div class=\"css-1k9op6x e17x9cvu0\" dir=\"ltr\">\n<p class=\"css-s4cjt0 eea635z0\" dir=\"ltr\">Orb\u00e1n tamb\u00e9m apoiou publicamente a campanha de reelei\u00e7\u00e3o de Bolsonaro em 2022 e criticou o processo que levou \u00e0 condena\u00e7\u00e3o do ex-presidente por tentativa de golpe de Estado: &#8220;ca\u00e7as \u00e0s bruxas pol\u00edticas n\u00e3o t\u00eam lugar na democracia&#8221;, disse.<\/p>\n<\/div>\n<div class=\"css-1k9op6x e17x9cvu0\" dir=\"ltr\">\n<h2 id=\"Irm\u00e3o-e-her\u00f3i\" class=\"css-jtxtr9 emoh99e1\" tabindex=\"-1\">&#8216;Irm\u00e3o&#8217; e &#8216;her\u00f3i&#8217;<\/h2>\n<\/div>\n<div class=\"css-1k9op6x e17x9cvu0\" dir=\"ltr\">\n<p class=\"css-s4cjt0 eea635z0\" dir=\"ltr\">O primeiro encontro registrado entre Jair Bolsonaro e Viktor Orb\u00e1n se deu na posse do ex-presidente brasileiro, em janeiro de 2019, em Bras\u00edlia.<\/p>\n<div class=\"css-1k9op6x e17x9cvu0\" dir=\"ltr\">\n<p class=\"css-s4cjt0 eea635z0\" dir=\"ltr\">No mesmo ano, em abril, o l\u00edder h\u00fangaro ainda recebeu o filho de Bolsonaro e ent\u00e3o deputado federal pelo PL, Eduardo Bolsonaro, em Budapeste.<\/p>\n<\/div>\n<div class=\"css-1k9op6x e17x9cvu0\" dir=\"ltr\">\n<p class=\"css-s4cjt0 eea635z0\" dir=\"ltr\">O pr\u00f3prio ex-presidente planejava uma visita \u00e0 Hungria em 2020, mas por conta da pandemia de covid-19 a viagem s\u00f3 seria concretizada em 2022.<\/p>\n<\/div>\n<div class=\"css-1k9op6x e17x9cvu0\" dir=\"ltr\">\n<p class=\"css-s4cjt0 eea635z0\" dir=\"ltr\">Na ocasi\u00e3o, os dois l\u00edderes assinaram memorandos de entendimento nas \u00e1reas de defesa, coopera\u00e7\u00e3o humanit\u00e1ria e gest\u00e3o de recursos h\u00eddricos, e trocaram elogios.<\/p>\n<div class=\"css-1k9op6x e17x9cvu0\" dir=\"ltr\">\n<p class=\"css-s4cjt0 eea635z0\" dir=\"ltr\">\u201cAcredito na Hungria, acredito no prezado Orb\u00e1n, que eu trato praticamente como um irm\u00e3o, dadas as afinidades que n\u00f3s temos na defesa dos nossos povos e na integra\u00e7\u00e3o dos mesmos\u201d, disse Bolsonaro ap\u00f3s uma reuni\u00e3o com o aliado.<\/p>\n<\/div>\n<div class=\"css-1k9op6x e17x9cvu0\" dir=\"ltr\">\n<p class=\"css-s4cjt0 eea635z0\" dir=\"ltr\">O ex-presidente tamb\u00e9m saudou o que disse ser uma conson\u00e2ncia de valores representados pelas duas na\u00e7\u00f5es, resumidos, segundo ele, em &#8220;Deus, p\u00e1tria, fam\u00edlia e liberdade&#8221;.<\/p>\n<\/div>\n<div class=\"css-1k9op6x e17x9cvu0\" dir=\"ltr\">\n<p class=\"css-s4cjt0 eea635z0\" dir=\"ltr\">&#8220;Comungamos tamb\u00e9m da defesa da fam\u00edlia com muita \u00eanfase. Uma fam\u00edlia bem estruturada ela faz com que a sua respectiva sociedade seja sadia. N\u00e3o devemos perder esse foco&#8221;, disse Bolsonaro.<\/p>\n<div class=\"css-1k9op6x e17x9cvu0\" dir=\"ltr\">\n<p class=\"css-s4cjt0 eea635z0\" dir=\"ltr\">Durante as elei\u00e7\u00f5es presidenciais de 2022, Orb\u00e1n retribuiu os elogios ao apoiar a campanha de Bolsonaro.<\/p>\n<\/div>\n<div class=\"css-1k9op6x e17x9cvu0\" dir=\"ltr\">\n<p class=\"css-s4cjt0 eea635z0\" dir=\"ltr\">Em um v\u00eddeo compartilhado pelo ex-presidente em suas redes sociais, o premi\u00ea h\u00fangaro exaltou algumas das pol\u00edticas de seu ent\u00e3o colega governante.<\/p>\n<\/div>\n<div class=\"css-1k9op6x e17x9cvu0\" dir=\"ltr\">\n<p class=\"css-s4cjt0 eea635z0\" dir=\"ltr\">&#8220;Tenho servido meu pa\u00eds na Europa por mais de trinta anos, j\u00e1 encontrei muitos l\u00edderes, mas vi poucos l\u00edderes t\u00e3o excepcionais como seu presidente, o presidente Bolsonaro. Fico feliz de ter tido a oportunidade de trabalhar com ele. Foi uma grande honra ter visto e aprendido como ele reduziu impostos, estabilizou a economia, reduziu as taxas de crimes&#8221;, disse o h\u00fangaro na mensagem. &#8220;Espero que ele possa continuar seu trabalho.&#8221;<\/p>\n<div class=\"css-1k9op6x e17x9cvu0\" dir=\"ltr\">\n<p class=\"css-s4cjt0 eea635z0\" dir=\"ltr\">Segundo o jornal Folha de S.Paulo, o governo da Hungria tamb\u00e9m teria oferecido ajuda para reeleger Bolsonaro.<\/p>\n<\/div>\n<div class=\"css-1k9op6x e17x9cvu0\" dir=\"ltr\">\n<p class=\"css-s4cjt0 eea635z0\" dir=\"ltr\">De acordo com documentos obtidos pela reportagem, em julho de 2022, em plena campanha, o chanceler h\u00fangaro, P\u00e9ter Szijj\u00e1rt\u00f3, teria conversado com a ent\u00e3o ministra da Mulher, da Fam\u00edlia e dos Direitos Humanos, Cristiane Britto, em Londres, e perguntado &#8220;se haveria algo que o governo h\u00fangaro poderia fazer para ajudar na reelei\u00e7\u00e3o do presidente Bolsonaro&#8221;.<\/p>\n<div class=\"css-1k9op6x e17x9cvu0\" dir=\"ltr\">\n<p class=\"css-s4cjt0 eea635z0\" dir=\"ltr\">Bolsonaro e Orb\u00e1n voltaram a se encontrar na Argentina, durante a posse do presidente Javier Milei em dezembro de 2023.<\/p>\n<\/div>\n<div class=\"css-1k9op6x e17x9cvu0\" dir=\"ltr\">\n<p class=\"css-s4cjt0 eea635z0\" dir=\"ltr\">Os dois tiveram uma reuni\u00e3o privada e, em uma r\u00e1pida declara\u00e7\u00e3o, o h\u00fangaro afirmou que Brasil e Hungria est\u00e3o mais distantes, mas o futebol e a pol\u00edtica ainda unem os dois pa\u00edses.<\/p>\n<\/div>\n<div class=\"css-1k9op6x e17x9cvu0\" dir=\"ltr\">\n<p class=\"css-s4cjt0 eea635z0\" dir=\"ltr\">Orb\u00e1n ainda chamou Bolsonaro de \u201cher\u00f3i\u201d.<\/p>\n<\/div>\n<div class=\"css-1k9op6x e17x9cvu0\" dir=\"ltr\">\n<p class=\"css-s4cjt0 eea635z0\" dir=\"ltr\">&#8220;Temos muita coisa em comum, mas ele \u00e9 muito mais bonito do que eu&#8221;, brincou brasileiro, que n\u00e3o estava mais na Presid\u00eancia na ocasi\u00e3o.<\/p>\n<\/div>\n<div class=\"css-1k9op6x e17x9cvu0\" dir=\"ltr\">\n<h2 id=\"Apoio-durante-investiga\u00e7\u00f5es\" class=\"css-jtxtr9 emoh99e1\" tabindex=\"-1\">Apoio durante investiga\u00e7\u00f5es<\/h2>\n<\/div>\n<div class=\"css-1k9op6x e17x9cvu0\" dir=\"ltr\">\n<p class=\"css-s4cjt0 eea635z0\" dir=\"ltr\">Em fevereiro de 2024, ap\u00f3s ter sido alvo de uma opera\u00e7\u00e3o da Pol\u00edcia Federal (PF) em meio \u00e0s investiga\u00e7\u00f5es sobre a tentativa de golpe de Estado, Jair Bolsonaro ainda passou dois dias na embaixada da Hungria, em Bras\u00edlia.<\/p>\n<\/div>\n<div class=\"css-1k9op6x e17x9cvu0\" dir=\"ltr\">\n<p class=\"css-s4cjt0 eea635z0\" dir=\"ltr\">Segundo informa\u00e7\u00f5es reveladas na \u00e9poca pelo jornal americano The New York Times, o ex-presidente brasileiro parecia ter a inten\u00e7\u00e3o de pedir asilo pol\u00edtico ao governo h\u00fangaro.<\/p>\n<\/div>\n<div class=\"css-1k9op6x e17x9cvu0\" dir=\"ltr\">\n<p class=\"css-s4cjt0 eea635z0\" dir=\"ltr\">Posteriormente, a defesa de Bolsonaro confirmou a estada na embaixada, mas afirmou que a presen\u00e7a no local era apenas uma forma de &#8220;manter contatos com autoridades do pa\u00eds amigo&#8221;.<\/p>\n<\/div>\n<div class=\"css-1k9op6x e17x9cvu0\" dir=\"ltr\">\n<p class=\"css-s4cjt0 eea635z0\" dir=\"ltr\">No mesmo dia da opera\u00e7\u00e3o da PF contra Bolsonaro \u2014 e dias antes de o ex-presidente passar as duas noites na embaixada da Hungria\u2014, Orb\u00e1n utilizou as redes sociais para declarar apoio ao aliado.<\/p>\n<\/div>\n<div class=\"css-1k9op6x e17x9cvu0\" dir=\"ltr\">\n<p class=\"css-s4cjt0 eea635z0\" dir=\"ltr\">\u201cUm patriota honesto. Continue lutando, senhor presidente\u201d, escreveu o l\u00edder h\u00fangaro.<\/p>\n<div class=\"css-1k9op6x e17x9cvu0\" dir=\"ltr\">\n<p class=\"css-s4cjt0 eea635z0\" dir=\"ltr\">Na \u00e9poca, uma medida cautelar proibia Bolsonaro de se ausentar do pa\u00eds.<\/p>\n<\/div>\n<div class=\"css-1k9op6x e17x9cvu0\" dir=\"ltr\">\n<p class=\"css-s4cjt0 eea635z0\" dir=\"ltr\">Mas ap\u00f3s an\u00e1lise, o ministro Alexandre de Moraes, relator do caso no Supremo Tribunal Federal (STF), concluiu que n\u00e3o havia provas de que o ex-presidente Jair Bolsonaro pediria asilo ou teria violado as ordens judiciais.<\/p>\n<\/div>\n<div class=\"css-1k9op6x e17x9cvu0\" dir=\"ltr\">\n<h2 id=\"A-verdade-e-a-justi\u00e7a-devem-prevalecer\" class=\"css-jtxtr9 emoh99e1\" tabindex=\"-1\">&#8216;A verdade e a justi\u00e7a devem prevalecer&#8217;<\/h2>\n<\/div>\n<div class=\"css-1k9op6x e17x9cvu0\" dir=\"ltr\">\n<p class=\"css-s4cjt0 eea635z0\" dir=\"ltr\">Em abril de 2024, Orb\u00e1n recebeu Eduardo Bolsonaro em Budapeste mais uma vez, durante a Confer\u00eancia de A\u00e7\u00e3o Pol\u00edtica Conservadora.<\/p>\n<\/div>\n<div class=\"css-1k9op6x e17x9cvu0\" dir=\"ltr\">\n<p class=\"css-s4cjt0 eea635z0\" dir=\"ltr\">O h\u00fangaro compartilhou em seu perfil no Instagram uma foto do encontro com Eduardo, que estava acompanhado de sua esposa e de seu filho. &#8220;Conhecendo o Bolsonaro mais novo&#8221;, disse o primeiro-ministro.<\/p>\n<\/div>\n<div class=\"css-1k9op6x e17x9cvu0\" dir=\"ltr\">\n<p class=\"css-s4cjt0 eea635z0\" dir=\"ltr\">Mais recentemente, em novembro de 2025, o l\u00edder h\u00fangaro e o deputado se reuniram novamente, dessa vez nos Estados Unidos.<\/p>\n<\/div>\n<div class=\"css-1k9op6x e17x9cvu0\" dir=\"ltr\">\n<p class=\"css-s4cjt0 eea635z0\" dir=\"ltr\">Orb\u00e1n recebeu Eduardo na embaixada da Hungria. Al\u00e9m de publicar uma foto do encontro, o primeiro-ministro definiu a fam\u00edlia Bolsonaro como &#8220;amigos e aliados que nunca desistem&#8221;.<\/p>\n<\/div>\n<div class=\"css-1k9op6x e17x9cvu0\" dir=\"ltr\">\n<p class=\"css-s4cjt0 eea635z0\" dir=\"ltr\">&#8220;Estamos firmemente ao lado dos Bolsonaros nestes tempos dif\u00edceis, amigos e aliados que nunca desistem. Continuem lutando: ca\u00e7as \u00e0s bruxas pol\u00edticas n\u00e3o t\u00eam lugar na democracia, a verdade e a justi\u00e7a devem prevalecer!&#8221;, disse o premi\u00ea, em refer\u00eancia ao processo que levou \u00e0 condena\u00e7\u00e3o de Jair Bolsonaro a mais de 27 anos de pris\u00e3o por tentativa de golpe de Estado.<\/p>\n<\/div>\n<\/div>\n<\/div>\n<\/div>\n<\/div>\n<\/div>\n<\/div>\n","protected":false},"excerpt":{"rendered":"<p>BBC, por J\u00falia Braun &#8211; O l\u00edder de direita radical recebeu o apoio do presidente dos Estados Unidos, Donald Trump, e \u00e9 visto como um aliado do l\u00edder russo Vladimir Putin. Ele tamb\u00e9m tem v\u00ednculos com o ex-presidente Jair Bolsonaro e sua fam\u00edlia.<\/p>\n","protected":false},"author":1,"featured_media":0,"comment_status":"closed","ping_status":"open","sticky":false,"template":"","format":"standard","meta":{"_exactmetrics_skip_tracking":false,"_exactmetrics_sitenote_active":false,"_exactmetrics_sitenote_note":"","_exactmetrics_sitenote_category":0,"jetpack_post_was_ever_published":false,"_jetpack_newsletter_access":"","_jetpack_dont_email_post_to_subs":false,"_jetpack_newsletter_tier_id":0,"_jetpack_memberships_contains_paywalled_content":false,"_jetpack_memberships_contains_paid_content":false,"footnotes":"","jetpack_publicize_message":"","jetpack_publicize_feature_enabled":true,"jetpack_social_post_already_shared":true,"jetpack_social_options":{"image_generator_settings":{"template":"highway","enabled":false},"version":2}},"categories":[1],"tags":[],"class_list":["post-38664","post","type-post","status-publish","format-standard","hentry","category-notas"],"jetpack_publicize_connections":[],"jetpack_sharing_enabled":true,"jetpack_featured_media_url":"","jetpack_shortlink":"https:\/\/wp.me\/p7wKYW-a3C","jetpack-related-posts":[],"_links":{"self":[{"href":"http:\/\/blogdalucianaoliveira.com.br\/blog\/wp-json\/wp\/v2\/posts\/38664","targetHints":{"allow":["GET"]}}],"collection":[{"href":"http:\/\/blogdalucianaoliveira.com.br\/blog\/wp-json\/wp\/v2\/posts"}],"about":[{"href":"http:\/\/blogdalucianaoliveira.com.br\/blog\/wp-json\/wp\/v2\/types\/post"}],"author":[{"embeddable":true,"href":"http:\/\/blogdalucianaoliveira.com.br\/blog\/wp-json\/wp\/v2\/users\/1"}],"replies":[{"embeddable":true,"href":"http:\/\/blogdalucianaoliveira.com.br\/blog\/wp-json\/wp\/v2\/comments?post=38664"}],"version-history":[{"count":1,"href":"http:\/\/blogdalucianaoliveira.com.br\/blog\/wp-json\/wp\/v2\/posts\/38664\/revisions"}],"predecessor-version":[{"id":38666,"href":"http:\/\/blogdalucianaoliveira.com.br\/blog\/wp-json\/wp\/v2\/posts\/38664\/revisions\/38666"}],"wp:attachment":[{"href":"http:\/\/blogdalucianaoliveira.com.br\/blog\/wp-json\/wp\/v2\/media?parent=38664"}],"wp:term":[{"taxonomy":"category","embeddable":true,"href":"http:\/\/blogdalucianaoliveira.com.br\/blog\/wp-json\/wp\/v2\/categories?post=38664"},{"taxonomy":"post_tag","embeddable":true,"href":"http:\/\/blogdalucianaoliveira.com.br\/blog\/wp-json\/wp\/v2\/tags?post=38664"}],"curies":[{"name":"wp","href":"https:\/\/api.w.org\/{rel}","templated":true}]}}