{"id":38667,"date":"2026-04-13T07:26:13","date_gmt":"2026-04-13T11:26:13","guid":{"rendered":"https:\/\/blogdalucianaoliveira.com.br\/blog\/?p=38667"},"modified":"2026-04-13T07:26:13","modified_gmt":"2026-04-13T11:26:13","slug":"nao-tenho-medo-do-governo-trump-rebate-papa-leao-xiv","status":"publish","type":"post","link":"http:\/\/blogdalucianaoliveira.com.br\/blog\/2026\/04\/13\/nao-tenho-medo-do-governo-trump-rebate-papa-leao-xiv\/","title":{"rendered":"&#8220;N\u00e3o tenho medo do governo Trump&#8221;, rebate Papa Le\u00e3o XIV"},"content":{"rendered":"<p><img data-recalc-dims=\"1\" loading=\"lazy\" decoding=\"async\" data-attachment-id=\"38668\" data-permalink=\"http:\/\/blogdalucianaoliveira.com.br\/blog\/2026\/04\/13\/nao-tenho-medo-do-governo-trump-rebate-papa-leao-xiv\/img_0977\/\" data-orig-file=\"https:\/\/i0.wp.com\/blogdalucianaoliveira.com.br\/blog\/wp-content\/uploads\/2026\/04\/IMG_0977.webp?fit=610%2C380\" data-orig-size=\"610,380\" data-comments-opened=\"0\" data-image-meta=\"{&quot;aperture&quot;:&quot;0&quot;,&quot;credit&quot;:&quot;&quot;,&quot;camera&quot;:&quot;&quot;,&quot;caption&quot;:&quot;&quot;,&quot;created_timestamp&quot;:&quot;0&quot;,&quot;copyright&quot;:&quot;&quot;,&quot;focal_length&quot;:&quot;0&quot;,&quot;iso&quot;:&quot;0&quot;,&quot;shutter_speed&quot;:&quot;0&quot;,&quot;title&quot;:&quot;&quot;,&quot;orientation&quot;:&quot;0&quot;}\" data-image-title=\"IMG_0977\" data-image-description=\"\" data-image-caption=\"\" data-medium-file=\"https:\/\/i0.wp.com\/blogdalucianaoliveira.com.br\/blog\/wp-content\/uploads\/2026\/04\/IMG_0977.webp?fit=300%2C187\" data-large-file=\"https:\/\/i0.wp.com\/blogdalucianaoliveira.com.br\/blog\/wp-content\/uploads\/2026\/04\/IMG_0977.webp?fit=600%2C374\" class=\"aligncenter size-full wp-image-38668\" src=\"https:\/\/i0.wp.com\/blogdalucianaoliveira.com.br\/blog\/wp-content\/uploads\/2026\/04\/IMG_0977.webp?resize=600%2C374\" alt=\"\" width=\"600\" height=\"374\" srcset=\"https:\/\/i0.wp.com\/blogdalucianaoliveira.com.br\/blog\/wp-content\/uploads\/2026\/04\/IMG_0977.webp?w=610 610w, https:\/\/i0.wp.com\/blogdalucianaoliveira.com.br\/blog\/wp-content\/uploads\/2026\/04\/IMG_0977.webp?resize=300%2C187 300w, https:\/\/i0.wp.com\/blogdalucianaoliveira.com.br\/blog\/wp-content\/uploads\/2026\/04\/IMG_0977.webp?resize=482%2C300 482w\" sizes=\"auto, (max-width: 600px) 100vw, 600px\" \/><\/p>\n<h2 class=\"article__lead\">Papa Le\u00e3o XIV afirma que seguir\u00e1 defendendo a paz e o di\u00e1logo internacional ap\u00f3s cr\u00edticas do presidente dos Estados Unidos<\/h2>\n<p><!--more--><\/p>\n<p><b>247 &#8211; <\/b>O Papa Le\u00e3o XIV respondeu \u00e0s cr\u00edticas do presidente dos Estados Unidos, Donald Trump, afirmando que n\u00e3o teme o governo norte-americano e que seguir\u00e1 defendendo a paz e o di\u00e1logo internacional, destacando que sua miss\u00e3o est\u00e1 centrada nos valores do Evangelho e n\u00e3o em disputas pol\u00edticas. A declara\u00e7\u00e3o foi feita durante voo para a Arg\u00e9lia.<\/p>\n<p>O pont\u00edfice falou a jornalistas enquanto se deslocava de Roma para a \u00c1frica e reagiu diretamente \u00e0s cr\u00edticas feitas por Trump em uma publica\u00e7\u00e3o nas redes sociais. O presidente norte-americano havia classificado o Papa como \u201cliberal demais\u201d e questionado sua atua\u00e7\u00e3o.<\/p>\n<div class=\"marginBottom30\">\n<div class=\"ad ad--center marginBottom0\">\n<div id=\"b247-multipage-video-1\" data-google-query-id=\"CIqEiZTb6pMDFVvy0gQdSVIIhw\">\n<p>Durante a conversa com a imprensa, Le\u00e3o XIV foi enf\u00e1tico ao afirmar: \u201cN\u00e3o tenho medo do governo Trump nem de proclamar em voz alta a mensagem do Evangelho, que acredito ser o que estou aqui para fazer, o que a Igreja est\u00e1 aqui para fazer\u201d. Ele tamb\u00e9m ressaltou a diferen\u00e7a entre o papel da Igreja e o da pol\u00edtica institucional: \u201cN\u00e3o somos pol\u00edticos, n\u00e3o lidamos com assuntos externos sob a mesma perspectiva que ele pode compreender, mas acredito na mensagem do Evangelho como promotor da paz\u201d.<\/p>\n<p>O Papa tamb\u00e9m evitou ampliar o confronto direto com o l\u00edder americano. Em declara\u00e7\u00e3o \u00e0 ag\u00eancia Reuters, afirmou: \u201cN\u00e3o quero entrar em um debate com ele\u201d. Na mesma linha, criticou o uso indevido da mensagem crist\u00e3: \u201cN\u00e3o acredito que a mensagem do Evangelho deva ser usada de forma indevida como algumas pessoas est\u00e3o fazendo\u201d.<\/p>\n<p>Refor\u00e7ando seu posicionamento, Le\u00e3o XIV destacou que continuar\u00e1 atuando contra conflitos armados e em defesa da coopera\u00e7\u00e3o internacional. \u201cVou continuar me posicionando de forma firme contra a guerra, buscando promover a paz, incentivando o di\u00e1logo e rela\u00e7\u00f5es multilaterais entre os Estados para encontrar solu\u00e7\u00f5es justas para os problemas\u201d, disse.<\/p>\n<p>Ao abordar o cen\u00e1rio global, o pont\u00edfice chamou aten\u00e7\u00e3o para o sofrimento causado por guerras: \u201cMuitas pessoas est\u00e3o sofrendo no mundo hoje. Muitas pessoas inocentes est\u00e3o sendo mortas. E acredito que algu\u00e9m precisa se levantar e dizer que h\u00e1 um caminho melhor\u201d<\/p>\n<p>Ele concluiu reafirmando a ess\u00eancia de sua atua\u00e7\u00e3o religiosa: \u201cA mensagem da Igreja, a minha mensagem, a mensagem do Evangelho: bem-aventurados os pacificadores. N\u00e3o vejo meu papel como pol\u00edtico, como um homem pol\u00edtico\u201d.<\/p>\n<p>As declara\u00e7\u00f5es do Papa ocorrem ap\u00f3s cr\u00edticas p\u00fablicas de Donald Trump. Em postagem na rede Truth Social, o presidente afirmou que Le\u00e3o XIV deveria ser \u201cgrato\u201d por sua elei\u00e7\u00e3o e sugeriu que sua escolha teria sido influenciada pela nacionalidade americana. Trump tamb\u00e9m declarou a jornalistas que \u201cn\u00e3o \u00e9 um grande f\u00e3\u201d do pont\u00edfice, classificando-o como \u201cmuito liberal\u201d e questionando suas posi\u00e7\u00f5es sobre seguran\u00e7a e pol\u00edtica internacional.<\/p>\n<\/div>\n<\/div>\n<\/div>\n","protected":false},"excerpt":{"rendered":"<p>Papa Le\u00e3o XIV afirma que seguir\u00e1 defendendo a paz e o di\u00e1logo internacional ap\u00f3s cr\u00edticas do presidente dos Estados Unidos<\/p>\n","protected":false},"author":1,"featured_media":0,"comment_status":"closed","ping_status":"open","sticky":false,"template":"","format":"standard","meta":{"_exactmetrics_skip_tracking":false,"_exactmetrics_sitenote_active":false,"_exactmetrics_sitenote_note":"","_exactmetrics_sitenote_category":0,"jetpack_post_was_ever_published":false,"_jetpack_newsletter_access":"","_jetpack_dont_email_post_to_subs":false,"_jetpack_newsletter_tier_id":0,"_jetpack_memberships_contains_paywalled_content":false,"_jetpack_memberships_contains_paid_content":false,"footnotes":"","jetpack_publicize_message":"","jetpack_publicize_feature_enabled":true,"jetpack_social_post_already_shared":true,"jetpack_social_options":{"image_generator_settings":{"template":"highway","enabled":false},"version":2}},"categories":[1],"tags":[],"class_list":["post-38667","post","type-post","status-publish","format-standard","hentry","category-notas"],"jetpack_publicize_connections":[],"jetpack_sharing_enabled":true,"jetpack_featured_media_url":"","jetpack_shortlink":"https:\/\/wp.me\/p7wKYW-a3F","jetpack-related-posts":[],"_links":{"self":[{"href":"http:\/\/blogdalucianaoliveira.com.br\/blog\/wp-json\/wp\/v2\/posts\/38667","targetHints":{"allow":["GET"]}}],"collection":[{"href":"http:\/\/blogdalucianaoliveira.com.br\/blog\/wp-json\/wp\/v2\/posts"}],"about":[{"href":"http:\/\/blogdalucianaoliveira.com.br\/blog\/wp-json\/wp\/v2\/types\/post"}],"author":[{"embeddable":true,"href":"http:\/\/blogdalucianaoliveira.com.br\/blog\/wp-json\/wp\/v2\/users\/1"}],"replies":[{"embeddable":true,"href":"http:\/\/blogdalucianaoliveira.com.br\/blog\/wp-json\/wp\/v2\/comments?post=38667"}],"version-history":[{"count":1,"href":"http:\/\/blogdalucianaoliveira.com.br\/blog\/wp-json\/wp\/v2\/posts\/38667\/revisions"}],"predecessor-version":[{"id":38669,"href":"http:\/\/blogdalucianaoliveira.com.br\/blog\/wp-json\/wp\/v2\/posts\/38667\/revisions\/38669"}],"wp:attachment":[{"href":"http:\/\/blogdalucianaoliveira.com.br\/blog\/wp-json\/wp\/v2\/media?parent=38667"}],"wp:term":[{"taxonomy":"category","embeddable":true,"href":"http:\/\/blogdalucianaoliveira.com.br\/blog\/wp-json\/wp\/v2\/categories?post=38667"},{"taxonomy":"post_tag","embeddable":true,"href":"http:\/\/blogdalucianaoliveira.com.br\/blog\/wp-json\/wp\/v2\/tags?post=38667"}],"curies":[{"name":"wp","href":"https:\/\/api.w.org\/{rel}","templated":true}]}}