{"id":38670,"date":"2026-04-13T10:43:04","date_gmt":"2026-04-13T14:43:04","guid":{"rendered":"https:\/\/blogdalucianaoliveira.com.br\/blog\/?p=38670"},"modified":"2026-04-13T10:43:04","modified_gmt":"2026-04-13T14:43:04","slug":"prazo-para-tirar-e-regularizar-titulo-de-eleitor-vai-ate-6-de-maio","status":"publish","type":"post","link":"http:\/\/blogdalucianaoliveira.com.br\/blog\/2026\/04\/13\/prazo-para-tirar-e-regularizar-titulo-de-eleitor-vai-ate-6-de-maio\/","title":{"rendered":"Prazo para tirar e regularizar t\u00edtulo de eleitor vai at\u00e9 6 de maio"},"content":{"rendered":"<p><img data-recalc-dims=\"1\" loading=\"lazy\" decoding=\"async\" data-attachment-id=\"38671\" data-permalink=\"http:\/\/blogdalucianaoliveira.com.br\/blog\/2026\/04\/13\/prazo-para-tirar-e-regularizar-titulo-de-eleitor-vai-ate-6-de-maio\/etitulo\/\" data-orig-file=\"https:\/\/i0.wp.com\/blogdalucianaoliveira.com.br\/blog\/wp-content\/uploads\/2026\/04\/etitulo.webp?fit=1170%2C700\" data-orig-size=\"1170,700\" data-comments-opened=\"0\" data-image-meta=\"{&quot;aperture&quot;:&quot;0&quot;,&quot;credit&quot;:&quot;&quot;,&quot;camera&quot;:&quot;&quot;,&quot;caption&quot;:&quot;&quot;,&quot;created_timestamp&quot;:&quot;0&quot;,&quot;copyright&quot;:&quot;&quot;,&quot;focal_length&quot;:&quot;0&quot;,&quot;iso&quot;:&quot;0&quot;,&quot;shutter_speed&quot;:&quot;0&quot;,&quot;title&quot;:&quot;&quot;,&quot;orientation&quot;:&quot;0&quot;}\" data-image-title=\"etitulo\" data-image-description=\"\" data-image-caption=\"\" data-medium-file=\"https:\/\/i0.wp.com\/blogdalucianaoliveira.com.br\/blog\/wp-content\/uploads\/2026\/04\/etitulo.webp?fit=300%2C179\" data-large-file=\"https:\/\/i0.wp.com\/blogdalucianaoliveira.com.br\/blog\/wp-content\/uploads\/2026\/04\/etitulo.webp?fit=600%2C359\" class=\"aligncenter size-full wp-image-38671\" src=\"https:\/\/i0.wp.com\/blogdalucianaoliveira.com.br\/blog\/wp-content\/uploads\/2026\/04\/etitulo.webp?resize=600%2C359\" alt=\"\" width=\"600\" height=\"359\" srcset=\"https:\/\/i0.wp.com\/blogdalucianaoliveira.com.br\/blog\/wp-content\/uploads\/2026\/04\/etitulo.webp?w=1170 1170w, https:\/\/i0.wp.com\/blogdalucianaoliveira.com.br\/blog\/wp-content\/uploads\/2026\/04\/etitulo.webp?resize=300%2C179 300w, https:\/\/i0.wp.com\/blogdalucianaoliveira.com.br\/blog\/wp-content\/uploads\/2026\/04\/etitulo.webp?resize=1024%2C613 1024w, https:\/\/i0.wp.com\/blogdalucianaoliveira.com.br\/blog\/wp-content\/uploads\/2026\/04\/etitulo.webp?resize=768%2C459 768w, https:\/\/i0.wp.com\/blogdalucianaoliveira.com.br\/blog\/wp-content\/uploads\/2026\/04\/etitulo.webp?resize=501%2C300 501w\" sizes=\"auto, (max-width: 600px) 100vw, 600px\" \/><\/p>\n<div class=\"header-noticia full-width\">\n<div><\/div>\n<div class=\"linha-fina-noticia\"><strong>Primeiro turno das elei\u00e7\u00f5es 2026 ser\u00e1 realizado no dia 4 de outubro<\/strong><\/div>\n<\/div>\n<p><!--more--><\/p>\n<div class=\"subheader\">\n<div class=\"container-autoria\">\n<p>Ag\u00eancia Brasil &#8211; Os eleitores t\u00eam at\u00e9 o dia 6 de maio para tirar o t\u00edtulo de eleitor, atualizar dados cadastrais, transferir o domic\u00edlio eleitoral ou regularizar pend\u00eancias na Justi\u00e7a Eleitoral.<img data-recalc-dims=\"1\" decoding=\"async\" src=\"https:\/\/i0.wp.com\/agenciabrasil.ebc.com.br\/ebc.png?w=600&#038;ssl=1\" \/><img data-recalc-dims=\"1\" decoding=\"async\" src=\"https:\/\/i0.wp.com\/agenciabrasil.ebc.com.br\/ebc.gif?w=600&#038;ssl=1\" \/><\/p>\n<p>Quem estiver com o t\u00edtulo cancelado ou com alguma pend\u00eancia n\u00e3o poder\u00e1 votar nas elei\u00e7\u00f5es deste ano.\u00a0<strong>O primeiro turno ser\u00e1 realizado no dia 4 de outubro.\u00a0<\/strong><\/p>\n<h2>Quem precisa tirar o t\u00edtulo?<\/h2>\n<p>O voto \u00e9 obrigat\u00f3rio para quem tem acima de 18 anos de idade. \u00c9 facultativo para\u00a0pessoas analfabetas, maiores de 70 anos e jovens de 16 e 17 anos. Estrangeiros e cidad\u00e3os em servi\u00e7o militar obrigat\u00f3rio n\u00e3o podem se alistar para votar.<\/p>\n<h2>Como posso solicitar o t\u00edtulo de eleitor?<\/h2>\n<p>Veja as formas de solicita\u00e7\u00e3o:<\/p>\n<p>&#8211;\u00a0<a href=\"https:\/\/www.tse.jus.br\/servicos-eleitorais\/autoatendimento-eleitoral#\/\" target=\"_blank\" rel=\"noopener\">Autoatendimento Eleitoral<\/a>:\u00a0dispon\u00edvel no Portal do Tribunal Superior Eleitoral (TSE);<br \/>\n&#8211; Cidad\u00e3o pode ir a um\u00a0cart\u00f3rio\u00a0eleitoral ou postos de atendimento da Justi\u00e7a Eleitoral.<\/p>\n<p>O TSE alerta que aqueles que optarem pelo atendimento on-line precisam ir a um cart\u00f3rio ou posto de atendimento para a coleta da biometria.<\/p>\n<h2>&gt;&gt; Confira\u00a0os documentos necess\u00e1rios para tirar o t\u00edtulo:<\/h2>\n<ul>\n<li>Documento oficial de identifica\u00e7\u00e3o com foto (carteira de identidade, carteira de trabalho ou passaporte);<\/li>\n<li>Comprovante de resid\u00eancia recente;<\/li>\n<li>Comprovante de quita\u00e7\u00e3o do servi\u00e7o militar para homens que completam 19 anos no ano do alistamento.<\/li>\n<\/ul>\n<p>\u00c9 importante que o documento de identifica\u00e7\u00e3o permita a comprova\u00e7\u00e3o da nacionalidade brasileira e contenha foto.<\/p>\n<div class=\"noticias-relacionadas rel-position rowflex\"><\/div>\n<\/div>\n<\/div>\n","protected":false},"excerpt":{"rendered":"<p>Primeiro turno das elei\u00e7\u00f5es 2026 ser\u00e1 realizado no dia 4 de outubro<\/p>\n","protected":false},"author":1,"featured_media":0,"comment_status":"closed","ping_status":"open","sticky":false,"template":"","format":"standard","meta":{"_exactmetrics_skip_tracking":false,"_exactmetrics_sitenote_active":false,"_exactmetrics_sitenote_note":"","_exactmetrics_sitenote_category":0,"jetpack_post_was_ever_published":false,"_jetpack_newsletter_access":"","_jetpack_dont_email_post_to_subs":false,"_jetpack_newsletter_tier_id":0,"_jetpack_memberships_contains_paywalled_content":false,"_jetpack_memberships_contains_paid_content":false,"footnotes":"","jetpack_publicize_message":"","jetpack_publicize_feature_enabled":true,"jetpack_social_post_already_shared":true,"jetpack_social_options":{"image_generator_settings":{"template":"highway","enabled":false},"version":2}},"categories":[1],"tags":[],"class_list":["post-38670","post","type-post","status-publish","format-standard","hentry","category-notas"],"jetpack_publicize_connections":[],"jetpack_sharing_enabled":true,"jetpack_featured_media_url":"","jetpack_shortlink":"https:\/\/wp.me\/p7wKYW-a3I","jetpack-related-posts":[],"_links":{"self":[{"href":"http:\/\/blogdalucianaoliveira.com.br\/blog\/wp-json\/wp\/v2\/posts\/38670","targetHints":{"allow":["GET"]}}],"collection":[{"href":"http:\/\/blogdalucianaoliveira.com.br\/blog\/wp-json\/wp\/v2\/posts"}],"about":[{"href":"http:\/\/blogdalucianaoliveira.com.br\/blog\/wp-json\/wp\/v2\/types\/post"}],"author":[{"embeddable":true,"href":"http:\/\/blogdalucianaoliveira.com.br\/blog\/wp-json\/wp\/v2\/users\/1"}],"replies":[{"embeddable":true,"href":"http:\/\/blogdalucianaoliveira.com.br\/blog\/wp-json\/wp\/v2\/comments?post=38670"}],"version-history":[{"count":1,"href":"http:\/\/blogdalucianaoliveira.com.br\/blog\/wp-json\/wp\/v2\/posts\/38670\/revisions"}],"predecessor-version":[{"id":38672,"href":"http:\/\/blogdalucianaoliveira.com.br\/blog\/wp-json\/wp\/v2\/posts\/38670\/revisions\/38672"}],"wp:attachment":[{"href":"http:\/\/blogdalucianaoliveira.com.br\/blog\/wp-json\/wp\/v2\/media?parent=38670"}],"wp:term":[{"taxonomy":"category","embeddable":true,"href":"http:\/\/blogdalucianaoliveira.com.br\/blog\/wp-json\/wp\/v2\/categories?post=38670"},{"taxonomy":"post_tag","embeddable":true,"href":"http:\/\/blogdalucianaoliveira.com.br\/blog\/wp-json\/wp\/v2\/tags?post=38670"}],"curies":[{"name":"wp","href":"https:\/\/api.w.org\/{rel}","templated":true}]}}