{"id":38689,"date":"2026-04-14T18:36:54","date_gmt":"2026-04-14T22:36:54","guid":{"rendered":"https:\/\/blogdalucianaoliveira.com.br\/blog\/?p=38689"},"modified":"2026-04-14T18:36:54","modified_gmt":"2026-04-14T22:36:54","slug":"lula-promete-4o-mandato-com-salto-definitivo-para-um-pais-desenvolvido","status":"publish","type":"post","link":"http:\/\/blogdalucianaoliveira.com.br\/blog\/2026\/04\/14\/lula-promete-4o-mandato-com-salto-definitivo-para-um-pais-desenvolvido\/","title":{"rendered":"Lula promete 4\u00ba mandato com \u201csalto definitivo para um pa\u00eds desenvolvido\u201d"},"content":{"rendered":"<p><img data-recalc-dims=\"1\" loading=\"lazy\" decoding=\"async\" data-attachment-id=\"38690\" data-permalink=\"http:\/\/blogdalucianaoliveira.com.br\/blog\/2026\/04\/14\/lula-promete-4o-mandato-com-salto-definitivo-para-um-pais-desenvolvido\/img_1019\/\" data-orig-file=\"https:\/\/i0.wp.com\/blogdalucianaoliveira.com.br\/blog\/wp-content\/uploads\/2026\/04\/IMG_1019.webp?fit=500%2C240\" data-orig-size=\"500,240\" data-comments-opened=\"0\" data-image-meta=\"{&quot;aperture&quot;:&quot;0&quot;,&quot;credit&quot;:&quot;&quot;,&quot;camera&quot;:&quot;&quot;,&quot;caption&quot;:&quot;&quot;,&quot;created_timestamp&quot;:&quot;0&quot;,&quot;copyright&quot;:&quot;&quot;,&quot;focal_length&quot;:&quot;0&quot;,&quot;iso&quot;:&quot;0&quot;,&quot;shutter_speed&quot;:&quot;0&quot;,&quot;title&quot;:&quot;&quot;,&quot;orientation&quot;:&quot;0&quot;}\" data-image-title=\"IMG_1019\" data-image-description=\"\" data-image-caption=\"\" data-medium-file=\"https:\/\/i0.wp.com\/blogdalucianaoliveira.com.br\/blog\/wp-content\/uploads\/2026\/04\/IMG_1019.webp?fit=300%2C144\" data-large-file=\"https:\/\/i0.wp.com\/blogdalucianaoliveira.com.br\/blog\/wp-content\/uploads\/2026\/04\/IMG_1019.webp?fit=500%2C240\" class=\"alignleft size-full wp-image-38690\" src=\"https:\/\/i0.wp.com\/blogdalucianaoliveira.com.br\/blog\/wp-content\/uploads\/2026\/04\/IMG_1019.webp?resize=500%2C240\" alt=\"\" width=\"500\" height=\"240\" srcset=\"https:\/\/i0.wp.com\/blogdalucianaoliveira.com.br\/blog\/wp-content\/uploads\/2026\/04\/IMG_1019.webp?w=500 500w, https:\/\/i0.wp.com\/blogdalucianaoliveira.com.br\/blog\/wp-content\/uploads\/2026\/04\/IMG_1019.webp?resize=300%2C144 300w\" sizes=\"auto, (max-width: 500px) 100vw, 500px\" \/><\/p>\n<h2 class=\"article__lead\">Presidente destaca crescimento econ\u00f4mico, inclus\u00e3o social e recupera\u00e7\u00e3o do BNDES<\/h2>\n<p><!--more--><b>247<\/b> &#8211; O presidente Luiz In\u00e1cio Lula da Silva afirmou que um eventual quarto mandato teria como objetivo promover um salto estrutural no Brasil, com a transforma\u00e7\u00e3o do pa\u00eds em uma na\u00e7\u00e3o desenvolvida, apoiada em crescimento econ\u00f4mico, inclus\u00e3o social e fortalecimento institucional.<\/p>\n<p>A declara\u00e7\u00e3o foi feita em entrevista \u00e0 TV 247, em parceria com a Revista F\u00f3rum e o DCM, nesta ter\u00e7a-feira (14), quando Lula tamb\u00e9m destacou resultados de seu governo e comparou o cen\u00e1rio atual com per\u00edodos anteriores.<\/p>\n<p>Durante a entrevista, o presidente relembrou o in\u00edcio de seu primeiro mandato, em 2003, quando enfrentou desconfian\u00e7a de diferentes setores. \u201cQuando cheguei em 2003, economistas de esquerda diziam que \u2018o pa\u00eds est\u00e1 quebrado, Lula vai conseguir governar\u2019. At\u00e9 os de direita diziam \u2018est\u00e1 dif\u00edcil, o Lula n\u00e3o vai dar conta\u2019\u201d, afirmou.<\/p>\n<p>Lula ressaltou que atribui os resultados econ\u00f4micos ao compromisso pol\u00edtico. \u201cA gente n\u00e3o tem sorte, a gente tem compromisso\u201d, disse, ao comentar o desempenho recente da economia brasileira.<\/p>\n<p>Segundo o presidente, o pa\u00eds voltou a crescer de forma consistente ap\u00f3s seu retorno ao governo. \u201cA economia brasileira n\u00e3o crescia acima de 3% desde que eu deixei a Presid\u00eancia em 2010. S\u00f3 voltou a crescer acima de 3% quando voltei em 2023\u201d, declarou.<\/p>\n<p>Ele tamb\u00e9m destacou avan\u00e7os na ind\u00fastria e no com\u00e9rcio exterior. \u201cAbrimos 518 novos mercados em tr\u00eas anos e meio para produtos brasileiros. O Brasil voltou a ser levado a s\u00e9rio no mundo inteiro\u201d, afirmou, ao mencionar o reconhecimento internacional do pa\u00eds.<\/p>\n<p>Lula ressaltou ainda a recupera\u00e7\u00e3o do cr\u00e9dito e o papel do Banco Nacional de Desenvolvimento Econ\u00f4mico e Social (BNDES). \u201cRecuperamos o BNDES e est\u00e1 batendo recorde de financiamento outra vez\u201d, disse.<\/p>\n<p>Ao abordar sua eventual candidatura, o presidente afirmou que sua motiva\u00e7\u00e3o est\u00e1 ligada a um projeto de desenvolvimento. \u201cEu jamais concorreria a um mandato para fazer as coisas darem errado. Meu quarto mandato \u00e9 para fazer esse pa\u00eds dar um salto definitivo e se transformar em um pa\u00eds desenvolvido\u201d, declarou.<\/p>\n<p>O presidente tamb\u00e9m relembrou medidas adotadas em momentos de crise econ\u00f4mica, como o aumento do super\u00e1vit prim\u00e1rio em 2004, e destacou a import\u00e2ncia de transmitir confian\u00e7a aos investidores.<\/p>\n<p>Por fim, Lula defendeu o alcance das pol\u00edticas sociais implementadas em seus governos. \u201cPode me comparar com qualquer presidente da hist\u00f3ria do Brasil, pode pegar todos. Duvido que todos eles juntos fizeram 50% da pol\u00edtica de inclus\u00e3o social que n\u00f3s fizemos\u201d, afirmou.<\/p>\n","protected":false},"excerpt":{"rendered":"<p>Presidente destaca crescimento econ\u00f4mico, inclus\u00e3o social e recupera\u00e7\u00e3o do BNDES<\/p>\n","protected":false},"author":1,"featured_media":0,"comment_status":"closed","ping_status":"open","sticky":false,"template":"","format":"standard","meta":{"_exactmetrics_skip_tracking":false,"_exactmetrics_sitenote_active":false,"_exactmetrics_sitenote_note":"","_exactmetrics_sitenote_category":0,"jetpack_post_was_ever_published":false,"_jetpack_newsletter_access":"","_jetpack_dont_email_post_to_subs":false,"_jetpack_newsletter_tier_id":0,"_jetpack_memberships_contains_paywalled_content":false,"_jetpack_memberships_contains_paid_content":false,"footnotes":"","jetpack_publicize_message":"","jetpack_publicize_feature_enabled":true,"jetpack_social_post_already_shared":true,"jetpack_social_options":{"image_generator_settings":{"template":"highway","enabled":false},"version":2}},"categories":[1],"tags":[],"class_list":["post-38689","post","type-post","status-publish","format-standard","hentry","category-notas"],"jetpack_publicize_connections":[],"jetpack_sharing_enabled":true,"jetpack_featured_media_url":"","jetpack_shortlink":"https:\/\/wp.me\/p7wKYW-a41","jetpack-related-posts":[],"_links":{"self":[{"href":"http:\/\/blogdalucianaoliveira.com.br\/blog\/wp-json\/wp\/v2\/posts\/38689","targetHints":{"allow":["GET"]}}],"collection":[{"href":"http:\/\/blogdalucianaoliveira.com.br\/blog\/wp-json\/wp\/v2\/posts"}],"about":[{"href":"http:\/\/blogdalucianaoliveira.com.br\/blog\/wp-json\/wp\/v2\/types\/post"}],"author":[{"embeddable":true,"href":"http:\/\/blogdalucianaoliveira.com.br\/blog\/wp-json\/wp\/v2\/users\/1"}],"replies":[{"embeddable":true,"href":"http:\/\/blogdalucianaoliveira.com.br\/blog\/wp-json\/wp\/v2\/comments?post=38689"}],"version-history":[{"count":1,"href":"http:\/\/blogdalucianaoliveira.com.br\/blog\/wp-json\/wp\/v2\/posts\/38689\/revisions"}],"predecessor-version":[{"id":38691,"href":"http:\/\/blogdalucianaoliveira.com.br\/blog\/wp-json\/wp\/v2\/posts\/38689\/revisions\/38691"}],"wp:attachment":[{"href":"http:\/\/blogdalucianaoliveira.com.br\/blog\/wp-json\/wp\/v2\/media?parent=38689"}],"wp:term":[{"taxonomy":"category","embeddable":true,"href":"http:\/\/blogdalucianaoliveira.com.br\/blog\/wp-json\/wp\/v2\/categories?post=38689"},{"taxonomy":"post_tag","embeddable":true,"href":"http:\/\/blogdalucianaoliveira.com.br\/blog\/wp-json\/wp\/v2\/tags?post=38689"}],"curies":[{"name":"wp","href":"https:\/\/api.w.org\/{rel}","templated":true}]}}