{"id":38692,"date":"2026-04-15T07:38:01","date_gmt":"2026-04-15T11:38:01","guid":{"rendered":"https:\/\/blogdalucianaoliveira.com.br\/blog\/?p=38692"},"modified":"2026-04-15T07:38:01","modified_gmt":"2026-04-15T11:38:01","slug":"lula-envia-ao-congresso-projeto-de-lei-pelo-fim-da-escala-6x1","status":"publish","type":"post","link":"http:\/\/blogdalucianaoliveira.com.br\/blog\/2026\/04\/15\/lula-envia-ao-congresso-projeto-de-lei-pelo-fim-da-escala-6x1\/","title":{"rendered":"Lula envia ao Congresso projeto de lei pelo fim da escala 6&#215;1"},"content":{"rendered":"<p><img data-recalc-dims=\"1\" loading=\"lazy\" decoding=\"async\" data-attachment-id=\"38693\" data-permalink=\"http:\/\/blogdalucianaoliveira.com.br\/blog\/2026\/04\/15\/lula-envia-ao-congresso-projeto-de-lei-pelo-fim-da-escala-6x1\/img_1023\/\" data-orig-file=\"https:\/\/i0.wp.com\/blogdalucianaoliveira.com.br\/blog\/wp-content\/uploads\/2026\/04\/IMG_1023.webp?fit=1170%2C700\" data-orig-size=\"1170,700\" data-comments-opened=\"0\" data-image-meta=\"{&quot;aperture&quot;:&quot;0&quot;,&quot;credit&quot;:&quot;&quot;,&quot;camera&quot;:&quot;&quot;,&quot;caption&quot;:&quot;&quot;,&quot;created_timestamp&quot;:&quot;0&quot;,&quot;copyright&quot;:&quot;&quot;,&quot;focal_length&quot;:&quot;0&quot;,&quot;iso&quot;:&quot;0&quot;,&quot;shutter_speed&quot;:&quot;0&quot;,&quot;title&quot;:&quot;&quot;,&quot;orientation&quot;:&quot;0&quot;}\" data-image-title=\"IMG_1023\" data-image-description=\"\" data-image-caption=\"\" data-medium-file=\"https:\/\/i0.wp.com\/blogdalucianaoliveira.com.br\/blog\/wp-content\/uploads\/2026\/04\/IMG_1023.webp?fit=300%2C179\" data-large-file=\"https:\/\/i0.wp.com\/blogdalucianaoliveira.com.br\/blog\/wp-content\/uploads\/2026\/04\/IMG_1023.webp?fit=600%2C359\" class=\"alignleft size-full wp-image-38693\" src=\"https:\/\/i0.wp.com\/blogdalucianaoliveira.com.br\/blog\/wp-content\/uploads\/2026\/04\/IMG_1023.webp?resize=600%2C359\" alt=\"\" width=\"600\" height=\"359\" srcset=\"https:\/\/i0.wp.com\/blogdalucianaoliveira.com.br\/blog\/wp-content\/uploads\/2026\/04\/IMG_1023.webp?w=1170 1170w, https:\/\/i0.wp.com\/blogdalucianaoliveira.com.br\/blog\/wp-content\/uploads\/2026\/04\/IMG_1023.webp?resize=300%2C179 300w, https:\/\/i0.wp.com\/blogdalucianaoliveira.com.br\/blog\/wp-content\/uploads\/2026\/04\/IMG_1023.webp?resize=1024%2C613 1024w, https:\/\/i0.wp.com\/blogdalucianaoliveira.com.br\/blog\/wp-content\/uploads\/2026\/04\/IMG_1023.webp?resize=768%2C459 768w, https:\/\/i0.wp.com\/blogdalucianaoliveira.com.br\/blog\/wp-content\/uploads\/2026\/04\/IMG_1023.webp?resize=501%2C300 501w\" sizes=\"auto, (max-width: 600px) 100vw, 600px\" \/><\/p>\n<p><strong>Proposta prev\u00ea tamb\u00e9m redu\u00e7\u00e3o de jornada a 40 horas semanais<\/strong> <!--more--><\/p>\n<p>Ag\u00eancia Brasil &#8211; O presidente Luiz In\u00e1cio Lula da Silva enviou ao Congresso Nacional, na noite desta ter\u00e7a-feira (14), o projeto de lei que prev\u00ea o fim com a escala de seis dias trabalhados para um de descanso (6&#215;1), e reduz a jornada de trabalho para, no m\u00e1ximo, 40 horas semanais.<img data-recalc-dims=\"1\" decoding=\"async\" src=\"https:\/\/i0.wp.com\/agenciabrasil.ebc.com.br\/ebc.png?w=600&#038;ssl=1\" \/><img data-recalc-dims=\"1\" decoding=\"async\" src=\"https:\/\/i0.wp.com\/agenciabrasil.ebc.com.br\/ebc.gif?w=600&#038;ssl=1\" \/><\/p>\n<p>A medida foi publicada\u00a0em <a href=\"http:\/\/\u00a0https:\/\/pesquisa.in.gov.br\/imprensa\/jsp\/visualiza\/index.jsp?jornal=600&amp;pagina=1&amp;data=14\/04\/2026&amp;totalArquivos=1\" target=\"_blank\" rel=\"noopener\">edi\u00e7\u00e3o extra do Di\u00e1rio Oficial<\/a>.<\/p>\n<p>Segundo o texto, a proposta \u00e9 reduzir o limite da jornada de trabalho de 44 para 40 horas semanais, garantindo dois dias de descanso remunerado sem redu\u00e7\u00e3o salarial.<\/p>\n<p><strong>A escala passaria a ser de cinco dias trabalhados para dois dias de descanso.<\/strong><\/p>\n<p>O presidente Lula,<a href=\"https:\/\/x.com\/LulaOficial\/status\/2044193933400383948?ref_src=twsrc%5Etfw%7Ctwcamp%5Etweetembed%7Ctwterm%5E2044193933400383948%7Ctwgr%5E42838181cd830a3fcfc55676007e13bdf471b91a%7Ctwcon%5Es1_c10&amp;ref_url=https%3A%2F%2Fwww.gov.br%2Fplanalto%2Fpt-br%2Facompanhe-o-planalto%2Fnoticias%2F2026%2F04%2Fgoverno-envia-ao-congresso-projeto-de-lei-que-acaba-com-a-escala-6x1-e-diminui-jornada-para-40-horas-sem-reducao-de-salario\" target=\"_blank\" rel=\"noopener\"> em\u00a0postagem nas redes sociais<\/a>, salientou que a proposta seguiu com \u201curg\u00eancia constitucional, o que\u00a0faz com que o Legislativo tenha 45 dias para a delibera\u00e7\u00e3o da mat\u00e9ria.<\/p>\n<blockquote><p>\u201cA proposta devolve tempo aos trabalhadores e trabalhadoras: tempo para ver os filhos crescerem, para o lazer, para o descanso e para o conv\u00edvio familiar. Um passo para um pa\u00eds mais justo e com mais qualidade de vida para todos\u201d, escreveu o presidente.<\/p><\/blockquote>\n<p>De acordo com Lula, o envio da proposta tem rela\u00e7\u00e3o com a dignidade das fam\u00edlias brasileiras, &#8220;de quem constr\u00f3i o Brasil todos os dias\u201d. O presidente ressaltou que a jornada menor n\u00e3o prev\u00ea qualquer redu\u00e7\u00e3o no sal\u00e1rio.<\/p>\n<p>Conforme o governo, a<strong> proposta abrange tamb\u00e9m trabalhadores\u00a0dom\u00e9sticos, comerci\u00e1rios, atletas, aeronautas, radialistas e outras categorias abrangidas pela Consolida\u00e7\u00e3o das Leis do Trabalho.<\/strong><\/p>\n<p>Ainda de acordo com o Executivo, a proposta tem aplica\u00e7\u00e3o geral.<\/p>\n<p>\u201cO limite de 40 horas passa a valer tamb\u00e9m para escalas especiais e regimes diferenciados\u201d, informa.<\/p>\n<h2>&gt;&gt; Veja o que prev\u00ea o projeto de lei:<\/h2>\n<ul>\n<li>Jornada semanal: limite passa de 44 para 40 horas<\/li>\n<li>Descanso ampliado: ao menos dois dias de repouso semanal remunerado<\/li>\n<li>Novo padr\u00e3o: consolida\u00e7\u00e3o do modelo 5&#215;2 e redu\u00e7\u00e3o das horas trabalhadas<\/li>\n<li>Sal\u00e1rio protegido: vedada qualquer redu\u00e7\u00e3o salarial<\/li>\n<li>Abrang\u00eancia ampla: inclui dom\u00e9sticos, comerci\u00e1rio, atletas, aeronautas, radialistas e outras categorias abrangidas pela CLT e leis especiais.<\/li>\n<li>Aplica\u00e7\u00e3o geral: limite de 40 horas passa a valer tamb\u00e9m para escalas especiais e regimes diferenciados<\/li>\n<li>Flexibilidade: mant\u00e9m escalas como 12hx36 por acordo coletivo, respeitada a m\u00e9dia de 40 horas por semana<\/li>\n<\/ul>\n<p><em>* Com informa\u00e7\u00f5es da Presid\u00eancia da Rep\u00fablica<\/em><\/p>\n","protected":false},"excerpt":{"rendered":"<p>Proposta prev\u00ea tamb\u00e9m redu\u00e7\u00e3o de jornada a 40 horas semanais<\/p>\n","protected":false},"author":1,"featured_media":0,"comment_status":"closed","ping_status":"open","sticky":false,"template":"","format":"standard","meta":{"_exactmetrics_skip_tracking":false,"_exactmetrics_sitenote_active":false,"_exactmetrics_sitenote_note":"","_exactmetrics_sitenote_category":0,"jetpack_post_was_ever_published":false,"_jetpack_newsletter_access":"","_jetpack_dont_email_post_to_subs":false,"_jetpack_newsletter_tier_id":0,"_jetpack_memberships_contains_paywalled_content":false,"_jetpack_memberships_contains_paid_content":false,"footnotes":"","jetpack_publicize_message":"","jetpack_publicize_feature_enabled":true,"jetpack_social_post_already_shared":true,"jetpack_social_options":{"image_generator_settings":{"template":"highway","enabled":false},"version":2}},"categories":[1],"tags":[],"class_list":["post-38692","post","type-post","status-publish","format-standard","hentry","category-notas"],"jetpack_publicize_connections":[],"jetpack_sharing_enabled":true,"jetpack_featured_media_url":"","jetpack_shortlink":"https:\/\/wp.me\/p7wKYW-a44","jetpack-related-posts":[],"_links":{"self":[{"href":"http:\/\/blogdalucianaoliveira.com.br\/blog\/wp-json\/wp\/v2\/posts\/38692","targetHints":{"allow":["GET"]}}],"collection":[{"href":"http:\/\/blogdalucianaoliveira.com.br\/blog\/wp-json\/wp\/v2\/posts"}],"about":[{"href":"http:\/\/blogdalucianaoliveira.com.br\/blog\/wp-json\/wp\/v2\/types\/post"}],"author":[{"embeddable":true,"href":"http:\/\/blogdalucianaoliveira.com.br\/blog\/wp-json\/wp\/v2\/users\/1"}],"replies":[{"embeddable":true,"href":"http:\/\/blogdalucianaoliveira.com.br\/blog\/wp-json\/wp\/v2\/comments?post=38692"}],"version-history":[{"count":1,"href":"http:\/\/blogdalucianaoliveira.com.br\/blog\/wp-json\/wp\/v2\/posts\/38692\/revisions"}],"predecessor-version":[{"id":38694,"href":"http:\/\/blogdalucianaoliveira.com.br\/blog\/wp-json\/wp\/v2\/posts\/38692\/revisions\/38694"}],"wp:attachment":[{"href":"http:\/\/blogdalucianaoliveira.com.br\/blog\/wp-json\/wp\/v2\/media?parent=38692"}],"wp:term":[{"taxonomy":"category","embeddable":true,"href":"http:\/\/blogdalucianaoliveira.com.br\/blog\/wp-json\/wp\/v2\/categories?post=38692"},{"taxonomy":"post_tag","embeddable":true,"href":"http:\/\/blogdalucianaoliveira.com.br\/blog\/wp-json\/wp\/v2\/tags?post=38692"}],"curies":[{"name":"wp","href":"https:\/\/api.w.org\/{rel}","templated":true}]}}