{"id":38712,"date":"2026-04-16T15:47:07","date_gmt":"2026-04-16T19:47:07","guid":{"rendered":"https:\/\/blogdalucianaoliveira.com.br\/blog\/?p=38712"},"modified":"2026-04-16T15:47:07","modified_gmt":"2026-04-16T19:47:07","slug":"entrevista-de-lula-a-midia-independente-supera-14-milhao-de-interacoes-e-alcanca-milhoes-de-visualizacoes","status":"publish","type":"post","link":"http:\/\/blogdalucianaoliveira.com.br\/blog\/2026\/04\/16\/entrevista-de-lula-a-midia-independente-supera-14-milhao-de-interacoes-e-alcanca-milhoes-de-visualizacoes\/","title":{"rendered":"Entrevista de Lula \u00e0 m\u00eddia independente supera 1,4 milh\u00e3o de intera\u00e7\u00f5es e alcan\u00e7a milh\u00f5es de visualiza\u00e7\u00f5es"},"content":{"rendered":"<p><img data-recalc-dims=\"1\" loading=\"lazy\" decoding=\"async\" data-attachment-id=\"38713\" data-permalink=\"http:\/\/blogdalucianaoliveira.com.br\/blog\/2026\/04\/16\/entrevista-de-lula-a-midia-independente-supera-14-milhao-de-interacoes-e-alcanca-milhoes-de-visualizacoes\/img_1061\/\" data-orig-file=\"https:\/\/i0.wp.com\/blogdalucianaoliveira.com.br\/blog\/wp-content\/uploads\/2026\/04\/IMG_1061.webp?fit=500%2C240\" data-orig-size=\"500,240\" data-comments-opened=\"0\" data-image-meta=\"{&quot;aperture&quot;:&quot;0&quot;,&quot;credit&quot;:&quot;&quot;,&quot;camera&quot;:&quot;&quot;,&quot;caption&quot;:&quot;&quot;,&quot;created_timestamp&quot;:&quot;0&quot;,&quot;copyright&quot;:&quot;&quot;,&quot;focal_length&quot;:&quot;0&quot;,&quot;iso&quot;:&quot;0&quot;,&quot;shutter_speed&quot;:&quot;0&quot;,&quot;title&quot;:&quot;&quot;,&quot;orientation&quot;:&quot;0&quot;}\" data-image-title=\"IMG_1061\" data-image-description=\"\" data-image-caption=\"\" data-medium-file=\"https:\/\/i0.wp.com\/blogdalucianaoliveira.com.br\/blog\/wp-content\/uploads\/2026\/04\/IMG_1061.webp?fit=300%2C144\" data-large-file=\"https:\/\/i0.wp.com\/blogdalucianaoliveira.com.br\/blog\/wp-content\/uploads\/2026\/04\/IMG_1061.webp?fit=500%2C240\" class=\"alignleft size-full wp-image-38713\" src=\"https:\/\/i0.wp.com\/blogdalucianaoliveira.com.br\/blog\/wp-content\/uploads\/2026\/04\/IMG_1061.webp?resize=500%2C240\" alt=\"\" width=\"500\" height=\"240\" srcset=\"https:\/\/i0.wp.com\/blogdalucianaoliveira.com.br\/blog\/wp-content\/uploads\/2026\/04\/IMG_1061.webp?w=500 500w, https:\/\/i0.wp.com\/blogdalucianaoliveira.com.br\/blog\/wp-content\/uploads\/2026\/04\/IMG_1061.webp?resize=300%2C144 300w\" sizes=\"auto, (max-width: 500px) 100vw, 500px\" \/><\/p>\n<h2 class=\"article__lead\">Com 1.493 publica\u00e7\u00f5es em 48 horas, conversa pautou a imprensa e dominou redes sociais; relat\u00f3rio aponta engajamento massivo que furou bolhas digitais<\/h2>\n<p><!--more--><b>Por: Diego Feij\u00f3 de Abreu, da revista F\u00f3rum \u2013<\/b> A entrevista de Lula \u00e0 m\u00eddia independente, concedida com exclusividade \u00e0 <a href=\"https:\/\/revistaforum.com.br\/politica\/lula-concede-entrevista-a-forum-dcm-e-brasil-247-nesta-terca-14-assista-ao-vivo\/\" target=\"_blank\" rel=\"noopener noreferrer nofollow\">Revista F\u00f3rum<\/a>, ao <a href=\"https:\/\/www.brasil247.com\/\">Brasil 247<\/a> e ao <a href=\"https:\/\/www.diariodocentrodomundo.com.br\/\" target=\"_blank\" rel=\"noopener noreferrer nofollow\">DCM<\/a> na \u00faltima ter\u00e7a-feira (14), tornou-se um fen\u00f3meno de audi\u00eancia digital e pautou o debate nacional de forma transversal. Em apenas dois dias, a repercuss\u00e3o alcan\u00e7ou a marca de 1,4 milh\u00e3o de intera\u00e7\u00f5es nas redes sociais e gerou milh\u00f5es de visualiza\u00e7\u00f5es em m\u00faltiplas plataformas. Os dados constam de um relat\u00f3rio t\u00e9cnico de repercuss\u00e3o enviado \u00e0 Secretaria de Comunica\u00e7\u00e3o Social (Secom), comprovando que o conte\u00fado pautou o debate nacional de forma transversal.<\/p>\n<p>Ao todo, foram registadas 1.493 publica\u00e7\u00f5es \u00fanicas entre os dias 14 e 15 de abril. A for\u00e7a da conversa, realizada no <a href=\"https:\/\/www.gov.br\/planalto\/pt-br\/acompanhe-o-planalto\/agenda-do-presidente-da-republica-lula\/agenda-do-presidente-da-republica\/2026-04-14\" target=\"_blank\" rel=\"noopener noreferrer nofollow\">Pal\u00e1cio do Planalto<\/a>, manifestou-se na ocupa\u00e7\u00e3o de espa\u00e7os na chamada grande m\u00eddia, como Folha de S.Paulo, O Globo, Estad\u00e3o e Valor Econ\u00f3mico, al\u00e9m da viraliza\u00e7\u00e3o org\u00e2nica que atingiu portais regionais.<\/p>\n<h2>Entrevista de Lula \u00e0 m\u00eddia independente fura a bolha narrativa<\/h2>\n<p>Renato Rovai, editor da Revista F\u00f3rum, ressalta que o alcance milion\u00e1rio prova que a m\u00eddia progressista j\u00e1 possui infraestrutura e capilaridade para disputar a agenda com os grandes conglomerados de comunica\u00e7\u00e3o. Para o jornalista, a transpar\u00eancia do governo ao dialogar com estes ve\u00edculos fortalece a democracia.<\/p>\n<blockquote><p>\u201cO resultado dessa pesquisa mostra a dimens\u00e3o da m\u00eddia progressista e sua capacidade de fazer jornalismo que fura a bolha. O que a gente precisa \u00e9 ter condi\u00e7\u00f5es iguais na cobertura. Lula ao ter falado conosco com seriedade e transpar\u00eancia permitiu isso.\u201d<\/p><\/blockquote>\n<h2>Inflex\u00e3o pol\u00edtica e reafirma\u00e7\u00e3o de 2026<\/h2>\n<p>O motor deste engajamento milion\u00e1rio foi a declara\u00e7\u00e3o sobre a disputa presidencial de 2026. Ao dissipar d\u00favidas sobre a sua candidatura, o presidente gerou conte\u00fado prim\u00e1rio de alto valor noticioso. Leonardo Attuch, diretor do Brasil 247, define o momento como um divisor de \u00e1guas pol\u00edtico que impactou instantaneamente o ambiente pr\u00e9-eleitoral.<\/p>\n<blockquote><p>\u201cA entrevista foi um ponto de inflex\u00e3o, porque dissipou qualquer d\u00favida sobre a candidatura do presidente Lula e mostrou sua disposi\u00e7\u00e3o para vencer mais uma vez\u201d, diz Leonardo Attuch, do Brasil 247.<\/p><\/blockquote>\n<p>A sinaliza\u00e7\u00e3o pautou manchetes em ve\u00edculos nacionais e foi o tema central da cobertura da revista na reportagem <a href=\"https:\/\/revistaforum.com.br\/politica\/lula-confirma-candidatura-a-presidencia-tenho-muita-coisa-pra-fazer-nesse-pais\/\" target=\"_blank\" rel=\"noopener noreferrer nofollow\">\u201cLula confirma candidatura \u00e0 presid\u00eancia: \u2018Tenho muita coisa pra fazer nesse pa\u00eds\u2019\u201d<\/a>.<\/p>\n<h2>Contraponto \u00e0 imprensa heredit\u00e1ria<\/h2>\n<p>A an\u00e1lise do relat\u00f3rio aponta que a repercuss\u00e3o for\u00e7ou a grande m\u00eddia a adotar os enquadramentos propostos pelos ve\u00edculos independentes. Kiko Nogueira, diretor do DCM, destaca que o epis\u00f3dio consolida a import\u00e2ncia de oferecer um contradit\u00f3rio efetivo ao notici\u00e1rio tradicional.<\/p>\n<blockquote><p>\u201cA entrevista de Lula consolidou a import\u00e2ncia da m\u00eddia alternativa. Sem a contrapartida ao que \u00e9 vendido pela imprensa heredit\u00e1ria, os brasileiros n\u00e3o conhecer\u00e3o a verdade. Ficaremos com o Powerpoint\u201d<\/p><\/blockquote>\n<h2>Viraliza\u00e7\u00e3o e monitoramento em tempo real<\/h2>\n<p>O engajamento massivo foi puxado pelo Instagram, com 1.148.196 intera\u00e7\u00f5es, e pelo Facebook, com 251.142. Apenas no YouTube, o monitoramento mapeou 516.357 visualiza\u00e7\u00f5es em 85 v\u00eddeos distintos, evidenciando o poder de fragmenta\u00e7\u00e3o do conte\u00fado em cortes virais para o TikTok e o X.<\/p>\n<p>Para Edgard Piccino, analista respons\u00e1vel pelo levantamento de dados, os n\u00fameros explicam o efeito em cascata observado na cobertura nacional em tempo real, atingindo ve\u00edculos de todas as regi\u00f5es do pa\u00eds.<\/p>\n<blockquote><p>\u201cA repercuss\u00e3o foi imediata e em um volume muito grande, o que demonstra que todos os ve\u00edculos estavam acompanhando a entrevista ao vivo, para fazer a cobertura em tempo real. Houve uma reverbera\u00e7\u00e3o em ondas, alcan\u00e7ando praticamente todos os ve\u00edculos regionais e locais do pa\u00eds, al\u00e9m de uma ampla gama de perfis nas redes sociais.\u201d<\/p><\/blockquote>\n<h2>Desdobramentos: De Trump \u00e0s apostas online<\/h2>\n<p>A conversa rendeu audi\u00eancia elevada ao abordar temas sociais urgentes. A F\u00f3rum detalhou a press\u00e3o presidencial pelo <a href=\"https:\/\/revistaforum.com.br\/politica\/lula-quer-fim-da-escala-6x1-facam-pressao-no-congresso-nacional\/\" target=\"_blank\" rel=\"noopener noreferrer nofollow\">fim da escala 6\u00d71<\/a> e as cr\u00edticas \u00e1cidas a Donald Trump, publicadas na mat\u00e9ria <a href=\"https:\/\/revistaforum.com.br\/politica\/lula-sobre-trump-vestido-de-jesus-cristo-sinceramente\/\" target=\"_blank\" rel=\"noopener noreferrer nofollow\">\u201cLula sobre Trump vestido de Jesus Cristo: \u2018sinceramente\u2026\u2019\u201d<\/a>.<\/p>\n<p>O impacto na economia popular foi pautado com a resposta ao avan\u00e7o das bets, detalhada na reportagem <a href=\"https:\/\/revistaforum.com.br\/politica\/lula-anuncia-programa-para-resolver-divida-da-populacao-com-bets-cassino-esta-dentro-da-casa-do-povo\/\" target=\"_blank\" rel=\"noopener noreferrer nofollow\">sobre o programa contra endividamento por apostas<\/a>. No combate \u00e0 desinforma\u00e7\u00e3o, o ve\u00edculo registou a rea\u00e7\u00e3o a fake news na mat\u00e9ria <a href=\"https:\/\/revistaforum.com.br\/politica\/lula-diz-que-flavio-bolsonaro-foi-pego-de-calcas-curtas-com-fake-news-sobre-fome-2026-sera-o-ano-da-verdade\/\" target=\"_blank\" rel=\"noopener noreferrer nofollow\">sobre Fl\u00e1vio Bolsonaro<\/a> e a rela\u00e7\u00e3o com a grande m\u00eddia na reportagem sobre a <a href=\"https:\/\/revistaforum.com.br\/politica\/lula-revela-conversa-com-dirigente-da-globo-apos-powerpoint-do-caso-master\/\" target=\"_blank\" rel=\"noopener noreferrer nofollow\">conversa com dirigente da Globo<\/a>.<\/p>\n<p>Ao final de 48 horas, o saldo editorial confirma o peso institucional da entrevista de Lula \u00e0 m\u00eddia independente. O ecossistema progressista demonstrou capilaridade, velocidade e densidade t\u00e9cnica para conduzir conversas que reverberam muito al\u00e9m do seu p\u00fablico original.<\/p>\n","protected":false},"excerpt":{"rendered":"<p>Com 1.493 publica\u00e7\u00f5es em 48 horas, conversa pautou a imprensa e dominou redes sociais; relat\u00f3rio aponta engajamento massivo que furou bolhas digitais<\/p>\n","protected":false},"author":1,"featured_media":0,"comment_status":"closed","ping_status":"open","sticky":false,"template":"","format":"standard","meta":{"_exactmetrics_skip_tracking":false,"_exactmetrics_sitenote_active":false,"_exactmetrics_sitenote_note":"","_exactmetrics_sitenote_category":0,"jetpack_post_was_ever_published":false,"_jetpack_newsletter_access":"","_jetpack_dont_email_post_to_subs":false,"_jetpack_newsletter_tier_id":0,"_jetpack_memberships_contains_paywalled_content":false,"_jetpack_memberships_contains_paid_content":false,"footnotes":"","jetpack_publicize_message":"","jetpack_publicize_feature_enabled":true,"jetpack_social_post_already_shared":true,"jetpack_social_options":{"image_generator_settings":{"template":"highway","enabled":false},"version":2}},"categories":[1],"tags":[],"class_list":["post-38712","post","type-post","status-publish","format-standard","hentry","category-notas"],"jetpack_publicize_connections":[],"jetpack_sharing_enabled":true,"jetpack_featured_media_url":"","jetpack_shortlink":"https:\/\/wp.me\/p7wKYW-a4o","jetpack-related-posts":[],"_links":{"self":[{"href":"http:\/\/blogdalucianaoliveira.com.br\/blog\/wp-json\/wp\/v2\/posts\/38712","targetHints":{"allow":["GET"]}}],"collection":[{"href":"http:\/\/blogdalucianaoliveira.com.br\/blog\/wp-json\/wp\/v2\/posts"}],"about":[{"href":"http:\/\/blogdalucianaoliveira.com.br\/blog\/wp-json\/wp\/v2\/types\/post"}],"author":[{"embeddable":true,"href":"http:\/\/blogdalucianaoliveira.com.br\/blog\/wp-json\/wp\/v2\/users\/1"}],"replies":[{"embeddable":true,"href":"http:\/\/blogdalucianaoliveira.com.br\/blog\/wp-json\/wp\/v2\/comments?post=38712"}],"version-history":[{"count":1,"href":"http:\/\/blogdalucianaoliveira.com.br\/blog\/wp-json\/wp\/v2\/posts\/38712\/revisions"}],"predecessor-version":[{"id":38714,"href":"http:\/\/blogdalucianaoliveira.com.br\/blog\/wp-json\/wp\/v2\/posts\/38712\/revisions\/38714"}],"wp:attachment":[{"href":"http:\/\/blogdalucianaoliveira.com.br\/blog\/wp-json\/wp\/v2\/media?parent=38712"}],"wp:term":[{"taxonomy":"category","embeddable":true,"href":"http:\/\/blogdalucianaoliveira.com.br\/blog\/wp-json\/wp\/v2\/categories?post=38712"},{"taxonomy":"post_tag","embeddable":true,"href":"http:\/\/blogdalucianaoliveira.com.br\/blog\/wp-json\/wp\/v2\/tags?post=38712"}],"curies":[{"name":"wp","href":"https:\/\/api.w.org\/{rel}","templated":true}]}}