{"id":38722,"date":"2026-04-17T13:01:52","date_gmt":"2026-04-17T17:01:52","guid":{"rendered":"https:\/\/blogdalucianaoliveira.com.br\/blog\/?p=38722"},"modified":"2026-04-17T13:01:52","modified_gmt":"2026-04-17T17:01:52","slug":"justica-federal-recebe-denuncia-do-mpf-contra-dois-acusados-por-extracao-ilegal-de-ouro-no-rio-madeira-ro","status":"publish","type":"post","link":"http:\/\/blogdalucianaoliveira.com.br\/blog\/2026\/04\/17\/justica-federal-recebe-denuncia-do-mpf-contra-dois-acusados-por-extracao-ilegal-de-ouro-no-rio-madeira-ro\/","title":{"rendered":"Justi\u00e7a Federal recebe den\u00fancia do MPF contra dois acusados por extra\u00e7\u00e3o ilegal de ouro no Rio Madeira (RO"},"content":{"rendered":"<p><img data-recalc-dims=\"1\" loading=\"lazy\" decoding=\"async\" data-attachment-id=\"38723\" data-permalink=\"http:\/\/blogdalucianaoliveira.com.br\/blog\/2026\/04\/17\/justica-federal-recebe-denuncia-do-mpf-contra-dois-acusados-por-extracao-ilegal-de-ouro-no-rio-madeira-ro\/img_1161\/\" data-orig-file=\"https:\/\/i0.wp.com\/blogdalucianaoliveira.com.br\/blog\/wp-content\/uploads\/2026\/04\/IMG_1161.jpeg?fit=768%2C512\" data-orig-size=\"768,512\" data-comments-opened=\"0\" data-image-meta=\"{&quot;aperture&quot;:&quot;0&quot;,&quot;credit&quot;:&quot;&quot;,&quot;camera&quot;:&quot;&quot;,&quot;caption&quot;:&quot;&quot;,&quot;created_timestamp&quot;:&quot;0&quot;,&quot;copyright&quot;:&quot;&quot;,&quot;focal_length&quot;:&quot;0&quot;,&quot;iso&quot;:&quot;0&quot;,&quot;shutter_speed&quot;:&quot;0&quot;,&quot;title&quot;:&quot;&quot;,&quot;orientation&quot;:&quot;0&quot;}\" data-image-title=\"IMG_1161\" data-image-description=\"\" data-image-caption=\"\" data-medium-file=\"https:\/\/i0.wp.com\/blogdalucianaoliveira.com.br\/blog\/wp-content\/uploads\/2026\/04\/IMG_1161.jpeg?fit=300%2C200\" data-large-file=\"https:\/\/i0.wp.com\/blogdalucianaoliveira.com.br\/blog\/wp-content\/uploads\/2026\/04\/IMG_1161.jpeg?fit=600%2C400\" class=\"alignleft size-full wp-image-38723\" src=\"https:\/\/i0.wp.com\/blogdalucianaoliveira.com.br\/blog\/wp-content\/uploads\/2026\/04\/IMG_1161.jpeg?resize=600%2C400\" alt=\"\" width=\"600\" height=\"400\" srcset=\"https:\/\/i0.wp.com\/blogdalucianaoliveira.com.br\/blog\/wp-content\/uploads\/2026\/04\/IMG_1161.jpeg?w=768 768w, https:\/\/i0.wp.com\/blogdalucianaoliveira.com.br\/blog\/wp-content\/uploads\/2026\/04\/IMG_1161.jpeg?resize=300%2C200 300w, https:\/\/i0.wp.com\/blogdalucianaoliveira.com.br\/blog\/wp-content\/uploads\/2026\/04\/IMG_1161.jpeg?resize=450%2C300 450w\" sizes=\"auto, (max-width: 600px) 100vw, 600px\" \/><\/p>\n<p>Assessoria &#8211; Justi\u00e7a Federal recebeu uma den\u00fancia do Minist\u00e9rio P\u00fablico Federal (MPF) contra dois acusados por explora\u00e7\u00e3o ilegal de ouro no leito do Rio Madeira, em Porto Velho (RO). Com a decis\u00e3o, os denunciados passam \u00e0 condi\u00e7\u00e3o de r\u00e9us e foram citados para apresentar resposta \u00e0 acusa\u00e7\u00e3o no prazo de dez dias, dando in\u00edcio \u00e0 a\u00e7\u00e3o penal.<!--more--><\/p>\n<p>De acordo com o MPF, os fatos ocorreram no interior da \u00c1rea de Prote\u00e7\u00e3o Ambiental (APA) do Rio Madeira, onde os acusados instalaram e operaram uma balsa equipada com motor e outros instrumentos t\u00edpicos da atividade garimpeira para extrair ouro diretamente do leito do rio.<\/p>\n<p>A estrutura foi apreendida em 17 de dezembro de 2015, durante fiscaliza\u00e7\u00e3o realizada por servidores da Secretaria de Estado do Desenvolvimento Ambiental de Rond\u00f4nia (Sedam), com apoio da Pol\u00edcia Militar e da Marinha do Brasil. Na ocasi\u00e3o, os trabalhadores que estavam na embarca\u00e7\u00e3o fugiram ao perceber a aproxima\u00e7\u00e3o da equipe, pulando no rio ou utilizando embarca\u00e7\u00f5es de pequeno porte.<\/p>\n<p>Segundo a den\u00fancia, a fiscaliza\u00e7\u00e3o constatou que a balsa estava em plena opera\u00e7\u00e3o, com ind\u00edcios recentes de uso. Os acusados, ouvidos posteriormente, confirmaram a propriedade da embarca\u00e7\u00e3o, mas n\u00e3o apresentaram autoriza\u00e7\u00e3o da Ag\u00eancia Nacional de Minera\u00e7\u00e3o (ANM) nem licen\u00e7a ambiental para a atividade.<\/p>\n<p>Para o MPF, a conduta indica atua\u00e7\u00e3o habitual na explora\u00e7\u00e3o clandestina de ouro, o que afastou a possibilidade de acordo de n\u00e3o persecu\u00e7\u00e3o penal ou de suspens\u00e3o condicional do processo. O \u00f3rg\u00e3o tamb\u00e9m pediu \u00e0 Justi\u00e7a a fixa\u00e7\u00e3o de indeniza\u00e7\u00e3o m\u00ednima de R$ 20 mil por danos morais coletivos, a ser destinada ao Fundo de Defesa dos Direitos Difusos.<\/p>\n<p>A a\u00e7\u00e3o penal \u00e9 uma atua\u00e7\u00e3o do 2\u00ba Of\u00edcio da Amaz\u00f4nia Ocidental do MPF, especializado no enfrentamento \u00e0 minera\u00e7\u00e3o ilegal no Amazonas, no Acre, em Roraima e em Rond\u00f4nia.<\/p>\n<p>Os r\u00e9us responder\u00e3o pelo crime de usurpa\u00e7\u00e3o de mat\u00e9ria-prima pertencente \u00e0 Uni\u00e3o, previsto no artigo 2\u00ba da Lei n\u00ba 8.176\/1991, com pena de deten\u00e7\u00e3o de um a cinco anos e multa.<\/p>\n<div class=\"yiv8767479643gmail_default\"><b>A\u00e7\u00e3o Penal n\u00ba 1002579-54.2020.4.01.4100<\/b><\/div>\n","protected":false},"excerpt":{"rendered":"<p>Assessoria &#8211; Justi\u00e7a Federal recebeu uma den\u00fancia do Minist\u00e9rio P\u00fablico Federal (MPF) contra dois acusados por explora\u00e7\u00e3o ilegal de ouro no leito do Rio Madeira, em Porto Velho (RO). Com a decis\u00e3o, os denunciados passam \u00e0 condi\u00e7\u00e3o de r\u00e9us e foram citados para apresentar resposta \u00e0 acusa\u00e7\u00e3o no prazo de dez dias, dando in\u00edcio \u00e0&#8230;<a class=\"more-link\" href=\"http:\/\/blogdalucianaoliveira.com.br\/blog\/2026\/04\/17\/justica-federal-recebe-denuncia-do-mpf-contra-dois-acusados-por-extracao-ilegal-de-ouro-no-rio-madeira-ro\/\">Continue a leitura <span class=\"meta-nav\">&raquo;<\/span><\/a><\/p>\n","protected":false},"author":1,"featured_media":0,"comment_status":"closed","ping_status":"open","sticky":false,"template":"","format":"standard","meta":{"_exactmetrics_skip_tracking":false,"_exactmetrics_sitenote_active":false,"_exactmetrics_sitenote_note":"","_exactmetrics_sitenote_category":0,"jetpack_post_was_ever_published":false,"_jetpack_newsletter_access":"","_jetpack_dont_email_post_to_subs":false,"_jetpack_newsletter_tier_id":0,"_jetpack_memberships_contains_paywalled_content":false,"_jetpack_memberships_contains_paid_content":false,"footnotes":"","jetpack_publicize_message":"","jetpack_publicize_feature_enabled":true,"jetpack_social_post_already_shared":true,"jetpack_social_options":{"image_generator_settings":{"template":"highway","enabled":false},"version":2}},"categories":[1],"tags":[],"class_list":["post-38722","post","type-post","status-publish","format-standard","hentry","category-notas"],"jetpack_publicize_connections":[],"jetpack_sharing_enabled":true,"jetpack_featured_media_url":"","jetpack_shortlink":"https:\/\/wp.me\/p7wKYW-a4y","jetpack-related-posts":[],"_links":{"self":[{"href":"http:\/\/blogdalucianaoliveira.com.br\/blog\/wp-json\/wp\/v2\/posts\/38722","targetHints":{"allow":["GET"]}}],"collection":[{"href":"http:\/\/blogdalucianaoliveira.com.br\/blog\/wp-json\/wp\/v2\/posts"}],"about":[{"href":"http:\/\/blogdalucianaoliveira.com.br\/blog\/wp-json\/wp\/v2\/types\/post"}],"author":[{"embeddable":true,"href":"http:\/\/blogdalucianaoliveira.com.br\/blog\/wp-json\/wp\/v2\/users\/1"}],"replies":[{"embeddable":true,"href":"http:\/\/blogdalucianaoliveira.com.br\/blog\/wp-json\/wp\/v2\/comments?post=38722"}],"version-history":[{"count":1,"href":"http:\/\/blogdalucianaoliveira.com.br\/blog\/wp-json\/wp\/v2\/posts\/38722\/revisions"}],"predecessor-version":[{"id":38724,"href":"http:\/\/blogdalucianaoliveira.com.br\/blog\/wp-json\/wp\/v2\/posts\/38722\/revisions\/38724"}],"wp:attachment":[{"href":"http:\/\/blogdalucianaoliveira.com.br\/blog\/wp-json\/wp\/v2\/media?parent=38722"}],"wp:term":[{"taxonomy":"category","embeddable":true,"href":"http:\/\/blogdalucianaoliveira.com.br\/blog\/wp-json\/wp\/v2\/categories?post=38722"},{"taxonomy":"post_tag","embeddable":true,"href":"http:\/\/blogdalucianaoliveira.com.br\/blog\/wp-json\/wp\/v2\/tags?post=38722"}],"curies":[{"name":"wp","href":"https:\/\/api.w.org\/{rel}","templated":true}]}}