{"id":38725,"date":"2026-04-17T16:00:37","date_gmt":"2026-04-17T20:00:37","guid":{"rendered":"https:\/\/blogdalucianaoliveira.com.br\/blog\/?p=38725"},"modified":"2026-04-17T16:00:37","modified_gmt":"2026-04-17T20:00:37","slug":"saiba-o-que-e-a-interdicao-judicial-medida-adotada-por-familia-de-fhc","status":"publish","type":"post","link":"http:\/\/blogdalucianaoliveira.com.br\/blog\/2026\/04\/17\/saiba-o-que-e-a-interdicao-judicial-medida-adotada-por-familia-de-fhc\/","title":{"rendered":"Saiba o que \u00e9 a interdi\u00e7\u00e3o judicial, medida adotada por fam\u00edlia de FHC"},"content":{"rendered":"<p><img data-recalc-dims=\"1\" loading=\"lazy\" decoding=\"async\" data-attachment-id=\"38726\" data-permalink=\"http:\/\/blogdalucianaoliveira.com.br\/blog\/2026\/04\/17\/saiba-o-que-e-a-interdicao-judicial-medida-adotada-por-familia-de-fhc\/img_1174\/\" data-orig-file=\"https:\/\/i0.wp.com\/blogdalucianaoliveira.com.br\/blog\/wp-content\/uploads\/2026\/04\/IMG_1174.webp?fit=1170%2C700\" data-orig-size=\"1170,700\" data-comments-opened=\"0\" data-image-meta=\"{&quot;aperture&quot;:&quot;0&quot;,&quot;credit&quot;:&quot;&quot;,&quot;camera&quot;:&quot;&quot;,&quot;caption&quot;:&quot;&quot;,&quot;created_timestamp&quot;:&quot;0&quot;,&quot;copyright&quot;:&quot;&quot;,&quot;focal_length&quot;:&quot;0&quot;,&quot;iso&quot;:&quot;0&quot;,&quot;shutter_speed&quot;:&quot;0&quot;,&quot;title&quot;:&quot;&quot;,&quot;orientation&quot;:&quot;0&quot;}\" data-image-title=\"IMG_1174\" data-image-description=\"\" data-image-caption=\"\" data-medium-file=\"https:\/\/i0.wp.com\/blogdalucianaoliveira.com.br\/blog\/wp-content\/uploads\/2026\/04\/IMG_1174.webp?fit=300%2C179\" data-large-file=\"https:\/\/i0.wp.com\/blogdalucianaoliveira.com.br\/blog\/wp-content\/uploads\/2026\/04\/IMG_1174.webp?fit=600%2C359\" class=\"alignleft size-full wp-image-38726\" src=\"https:\/\/i0.wp.com\/blogdalucianaoliveira.com.br\/blog\/wp-content\/uploads\/2026\/04\/IMG_1174.webp?resize=600%2C359\" alt=\"\" width=\"600\" height=\"359\" srcset=\"https:\/\/i0.wp.com\/blogdalucianaoliveira.com.br\/blog\/wp-content\/uploads\/2026\/04\/IMG_1174.webp?w=1170 1170w, https:\/\/i0.wp.com\/blogdalucianaoliveira.com.br\/blog\/wp-content\/uploads\/2026\/04\/IMG_1174.webp?resize=300%2C179 300w, https:\/\/i0.wp.com\/blogdalucianaoliveira.com.br\/blog\/wp-content\/uploads\/2026\/04\/IMG_1174.webp?resize=1024%2C613 1024w, https:\/\/i0.wp.com\/blogdalucianaoliveira.com.br\/blog\/wp-content\/uploads\/2026\/04\/IMG_1174.webp?resize=768%2C459 768w, https:\/\/i0.wp.com\/blogdalucianaoliveira.com.br\/blog\/wp-content\/uploads\/2026\/04\/IMG_1174.webp?resize=501%2C300 501w\" sizes=\"auto, (max-width: 600px) 100vw, 600px\" \/><\/p>\n<p><strong>A interdi\u00e7\u00e3o judicial ou curatela de uma pessoa \u00e9 uma medida excepcional, baseada em laudos m\u00e9dicos, que reconhece a incapacidade cognitiva para a gest\u00e3o da pr\u00f3pria vida, especialmente em casos de doen\u00e7as como o Alzheimer.\u00a0<\/strong><img data-recalc-dims=\"1\" decoding=\"async\" src=\"https:\/\/i0.wp.com\/agenciabrasil.ebc.com.br\/ebc.png?w=600&#038;ssl=1\" \/><img data-recalc-dims=\"1\" decoding=\"async\" src=\"https:\/\/i0.wp.com\/agenciabrasil.ebc.com.br\/ebc.gif?w=600&#038;ssl=1\" \/><!--more--><\/p>\n<p><strong>Ag\u00eancia Brasil &#8211; O assunto veio \u00e0 tona nesta semana, com a not\u00edcia de que a Justi\u00e7a de S\u00e3o Paulo determinou, na \u00faltima quarta-feira (15), a interdi\u00e7\u00e3o do ex-presidente Fernando Henrique Cardoso,<\/strong> de 94 anos, ap\u00f3s pedido feito pelos filhos. FHC sofre de Alzheimer em est\u00e1gio avan\u00e7ado e com a decis\u00e3o n\u00e3o ser\u00e1 mais respons\u00e1vel por seus atos civis, vida financeira e patrimonial.<\/p>\n<p>Segundo a advogada Fabiana Longhi Vieira Franz, especialista em gerontologia pela Sociedade Brasileira de Geriatria e Gerontologia (SBGG), o tema \u00e9 presente na realidade de muitas fam\u00edlias, principalmente por chamar a aten\u00e7\u00e3o para a capacidade civil de pessoas idosas e os limites entre autonomia e prote\u00e7\u00e3o.<\/p>\n<p>\u201cTrata-se do reconhecimento judicial da incapacidade cognitiva de uma pessoa, para a gest\u00e3o de seu patrim\u00f4nio e bem-estar, com a nomea\u00e7\u00e3o de um respons\u00e1vel para esses cuidados\u201d, explicou.<\/p>\n<p><strong>Fabiana ressalta que a medida n\u00e3o implica, necessariamente, na perda total de autonomia, pois a curatela \u00e9 definida de forma proporcional \u00e0s necessidades do caso e, em geral, se restringe a atos patrimoniais, sem atingir os direitos existenciais, como ir e vir ou votar, por exemplo.<\/strong><\/p>\n<blockquote><p>\u201cA interven\u00e7\u00e3o legal passa a ser necess\u00e1ria quando h\u00e1 risco \u00e0 pr\u00f3pria pessoa ou a terceiros, ou ainda em situa\u00e7\u00f5es de neglig\u00eancia de autocuidado. Nesse cen\u00e1rio, o envolvimento da fam\u00edlia \u00e9 fundamental. A interdi\u00e7\u00e3o deve ser compreendida como uma forma de prote\u00e7\u00e3o. O processo tamb\u00e9m prev\u00ea presta\u00e7\u00e3o de contas ao Judici\u00e1rio, o que ajuda a evitar abusos e garantir o bem-estar da pessoa curatelada\u201d, destacou.<\/p><\/blockquote>\n<p>A especialista refor\u00e7ou ainda que, para fam\u00edlias que enfrentam essa realidade, a orienta\u00e7\u00e3o \u00e9 buscar avalia\u00e7\u00e3o m\u00e9dica diante de sinais de comprometimento cognitivo e conduzir o processo com di\u00e1logo e respeito. \u201cO objetivo \u00e9 preservar a dignidade, garantindo seguran\u00e7a sem violar direitos\u201d.<\/p>\n<h2>Casos em que pode ser aplicada<\/h2>\n<p>A interdi\u00e7\u00e3o judicial \u00e9 um processo judicial no qual se declara que a pessoa n\u00e3o tem capacidade total ou parcial de tomar decis\u00f5es sobre a pr\u00f3pria vida civil, como administrar bens ou assinar contratos. O objetivo \u00e9 garantir que ela n\u00e3o seja prejudicada por n\u00e3o conseguir expressar sua vontade ou entender as consequ\u00eancias de seus atos.<\/p>\n<p><strong>Segundo o C\u00f3digo Civil, a medida pode ser aplicada a pessoas que se enquadrem nos seguintes perfis:\u00a0<\/strong><\/p>\n<ul>\n<li>Pessoas impossibilitadas de exprimir sua vontade, por causa transit\u00f3ria ou permanente como coma, paralisia cerebral grave ou doen\u00e7as degenerativas em est\u00e1gio avan\u00e7ado;<\/li>\n<li>Pessoas com doen\u00e7as mentais ou limita\u00e7\u00f5es cognitivas, como o Alzheimer, dem\u00eancia ou esquizofrenia, dificultando a administra\u00e7\u00e3o do pr\u00f3prio patrim\u00f4nio;<\/li>\n<li>\u00c9brios habituais e viciados em t\u00f3xicos;<\/li>\n<li>Pessoas com depend\u00eancia qu\u00edmica ou alcoolismo grave que comprometa sua capacidade de tomar decis\u00f5es civis e financeiras de forma l\u00facida;<\/li>\n<li>Indiv\u00edduos que gastam seus bens de forma compulsiva e descontrolada, a ponto de colocar em risco a pr\u00f3pria subsist\u00eancia e de sua fam\u00edlia.<\/li>\n<\/ul>\n","protected":false},"excerpt":{"rendered":"<p>A interdi\u00e7\u00e3o judicial ou curatela de uma pessoa \u00e9 uma medida excepcional, baseada em laudos m\u00e9dicos, que reconhece a incapacidade cognitiva para a gest\u00e3o da pr\u00f3pria vida, especialmente em casos de doen\u00e7as como o Alzheimer.\u00a0<\/p>\n","protected":false},"author":1,"featured_media":0,"comment_status":"closed","ping_status":"open","sticky":false,"template":"","format":"standard","meta":{"_exactmetrics_skip_tracking":false,"_exactmetrics_sitenote_active":false,"_exactmetrics_sitenote_note":"","_exactmetrics_sitenote_category":0,"jetpack_post_was_ever_published":false,"_jetpack_newsletter_access":"","_jetpack_dont_email_post_to_subs":false,"_jetpack_newsletter_tier_id":0,"_jetpack_memberships_contains_paywalled_content":false,"_jetpack_memberships_contains_paid_content":false,"footnotes":"","jetpack_publicize_message":"","jetpack_publicize_feature_enabled":true,"jetpack_social_post_already_shared":true,"jetpack_social_options":{"image_generator_settings":{"template":"highway","enabled":false},"version":2}},"categories":[1],"tags":[],"class_list":["post-38725","post","type-post","status-publish","format-standard","hentry","category-notas"],"jetpack_publicize_connections":[],"jetpack_sharing_enabled":true,"jetpack_featured_media_url":"","jetpack_shortlink":"https:\/\/wp.me\/p7wKYW-a4B","jetpack-related-posts":[],"_links":{"self":[{"href":"http:\/\/blogdalucianaoliveira.com.br\/blog\/wp-json\/wp\/v2\/posts\/38725","targetHints":{"allow":["GET"]}}],"collection":[{"href":"http:\/\/blogdalucianaoliveira.com.br\/blog\/wp-json\/wp\/v2\/posts"}],"about":[{"href":"http:\/\/blogdalucianaoliveira.com.br\/blog\/wp-json\/wp\/v2\/types\/post"}],"author":[{"embeddable":true,"href":"http:\/\/blogdalucianaoliveira.com.br\/blog\/wp-json\/wp\/v2\/users\/1"}],"replies":[{"embeddable":true,"href":"http:\/\/blogdalucianaoliveira.com.br\/blog\/wp-json\/wp\/v2\/comments?post=38725"}],"version-history":[{"count":1,"href":"http:\/\/blogdalucianaoliveira.com.br\/blog\/wp-json\/wp\/v2\/posts\/38725\/revisions"}],"predecessor-version":[{"id":38727,"href":"http:\/\/blogdalucianaoliveira.com.br\/blog\/wp-json\/wp\/v2\/posts\/38725\/revisions\/38727"}],"wp:attachment":[{"href":"http:\/\/blogdalucianaoliveira.com.br\/blog\/wp-json\/wp\/v2\/media?parent=38725"}],"wp:term":[{"taxonomy":"category","embeddable":true,"href":"http:\/\/blogdalucianaoliveira.com.br\/blog\/wp-json\/wp\/v2\/categories?post=38725"},{"taxonomy":"post_tag","embeddable":true,"href":"http:\/\/blogdalucianaoliveira.com.br\/blog\/wp-json\/wp\/v2\/tags?post=38725"}],"curies":[{"name":"wp","href":"https:\/\/api.w.org\/{rel}","templated":true}]}}