{"id":38736,"date":"2026-04-21T19:38:31","date_gmt":"2026-04-21T23:38:31","guid":{"rendered":"https:\/\/blogdalucianaoliveira.com.br\/blog\/?p=38736"},"modified":"2026-04-21T19:38:31","modified_gmt":"2026-04-21T23:38:31","slug":"o-super-el-nino-esta-chegando","status":"publish","type":"post","link":"http:\/\/blogdalucianaoliveira.com.br\/blog\/2026\/04\/21\/o-super-el-nino-esta-chegando\/","title":{"rendered":"O &#8216;Super El Ni\u00f1o&#8217; est\u00e1 chegando?"},"content":{"rendered":"<p><img data-recalc-dims=\"1\" loading=\"lazy\" decoding=\"async\" data-attachment-id=\"38742\" data-permalink=\"http:\/\/blogdalucianaoliveira.com.br\/blog\/2026\/04\/21\/o-super-el-nino-esta-chegando\/img_1411\/\" data-orig-file=\"https:\/\/i0.wp.com\/blogdalucianaoliveira.com.br\/blog\/wp-content\/uploads\/2026\/04\/IMG_1411.webp?fit=800%2C450\" data-orig-size=\"800,450\" data-comments-opened=\"0\" data-image-meta=\"{&quot;aperture&quot;:&quot;0&quot;,&quot;credit&quot;:&quot;&quot;,&quot;camera&quot;:&quot;&quot;,&quot;caption&quot;:&quot;&quot;,&quot;created_timestamp&quot;:&quot;0&quot;,&quot;copyright&quot;:&quot;&quot;,&quot;focal_length&quot;:&quot;0&quot;,&quot;iso&quot;:&quot;0&quot;,&quot;shutter_speed&quot;:&quot;0&quot;,&quot;title&quot;:&quot;&quot;,&quot;orientation&quot;:&quot;0&quot;}\" data-image-title=\"IMG_1411\" data-image-description=\"\" data-image-caption=\"\" data-medium-file=\"https:\/\/i0.wp.com\/blogdalucianaoliveira.com.br\/blog\/wp-content\/uploads\/2026\/04\/IMG_1411.webp?fit=300%2C169\" data-large-file=\"https:\/\/i0.wp.com\/blogdalucianaoliveira.com.br\/blog\/wp-content\/uploads\/2026\/04\/IMG_1411.webp?fit=600%2C338\" class=\"alignleft size-full wp-image-38742\" src=\"https:\/\/i0.wp.com\/blogdalucianaoliveira.com.br\/blog\/wp-content\/uploads\/2026\/04\/IMG_1411.webp?resize=600%2C338\" alt=\"\" width=\"600\" height=\"338\" srcset=\"https:\/\/i0.wp.com\/blogdalucianaoliveira.com.br\/blog\/wp-content\/uploads\/2026\/04\/IMG_1411.webp?w=800 800w, https:\/\/i0.wp.com\/blogdalucianaoliveira.com.br\/blog\/wp-content\/uploads\/2026\/04\/IMG_1411.webp?resize=300%2C169 300w, https:\/\/i0.wp.com\/blogdalucianaoliveira.com.br\/blog\/wp-content\/uploads\/2026\/04\/IMG_1411.webp?resize=768%2C432 768w, https:\/\/i0.wp.com\/blogdalucianaoliveira.com.br\/blog\/wp-content\/uploads\/2026\/04\/IMG_1411.webp?resize=533%2C300 533w\" sizes=\"auto, (max-width: 600px) 100vw, 600px\" \/><\/p>\n<p>Catherine Heathwood, Servi\u00e7o Mundial da BBC &#8211; Talvez voc\u00ea tenha encontrado recentemente not\u00edcias sobre um &#8220;<a class=\"focusIndicatorReducedWidth css-n8oauk e1h2ur550\" href=\"https:\/\/www.bbc.com\/portuguese\/geral-50207541\">Super El Ni\u00f1o<\/a>&#8220;, que pode estar vindo na nossa dire\u00e7\u00e3o ainda este ano. Em algumas men\u00e7\u00f5es, ele chega a ser chamado de &#8220;El Ni\u00f1o Godzilla&#8221;.<!--more--><\/p>\n<div class=\"css-1k9op6x e17x9cvu0\" dir=\"ltr\">\n<p class=\"css-s4cjt0 eea635z0\" dir=\"ltr\">Um evento t\u00edpico de El Ni\u00f1o normalmente eleva as temperaturas globais e traz mais tempestades tropicais para algumas regi\u00f5es e condi\u00e7\u00f5es mais secas para outras.<\/p>\n<\/div>\n<div class=\"css-1k9op6x e17x9cvu0\" dir=\"ltr\">\n<p class=\"css-s4cjt0 eea635z0\" dir=\"ltr\">Por isso, quando falamos em um fen\u00f4meno <a class=\"focusIndicatorReducedWidth css-n8oauk e1h2ur550\" href=\"https:\/\/www.bbc.com\/portuguese\/articles\/c0lep03p2yro\">particularmente forte<\/a>, \u00e9 compreens\u00edvel que surjam preocupa\u00e7\u00f5es a respeito.<\/p>\n<\/div>\n<div class=\"css-1k9op6x e17x9cvu0\" dir=\"ltr\">\n<p class=\"css-s4cjt0 eea635z0\" dir=\"ltr\">Mas cientistas clim\u00e1ticos declararam \u00e0 BBC que \u00e9 preciso ter cautela em rela\u00e7\u00e3o a essas previs\u00f5es.<\/p>\n<\/div>\n<div class=\"css-1k9op6x e17x9cvu0\" dir=\"ltr\">\n<p class=\"css-s4cjt0 eea635z0\" dir=\"ltr\">Atualmente, existem incertezas sobre qual poder\u00e1 ser a gravidade do evento e, por isso, n\u00e3o se sabe at\u00e9 que ponto ele poder\u00e1 afetar os <a class=\"focusIndicatorReducedWidth css-n8oauk e1h2ur550\" href=\"https:\/\/www.bbc.com\/portuguese\/geral-50019998\">padr\u00f5es clim\u00e1ticos do planeta<\/a>.<\/p>\n<div class=\"css-1k9op6x e17x9cvu0\" dir=\"ltr\">\n<p class=\"css-s4cjt0 eea635z0\" dir=\"ltr\">A cientista atmosf\u00e9rica Kimberley Reid, da Universidade de Melbourne, na Austr\u00e1lia, descreveu a express\u00e3o &#8220;El Ni\u00f1o Godzilla&#8221; como &#8220;um absurdo&#8221;.<\/p>\n<\/div>\n<div class=\"css-1k9op6x e17x9cvu0\" dir=\"ltr\">\n<p class=\"css-s4cjt0 eea635z0\" dir=\"ltr\">&#8220;Ouvi meteorologistas australianos dizerem que agricultores entraram em contato com eles, muito preocupados com esta express\u00e3o&#8221;, contou ela \u00e0 BBC.<\/p>\n<\/div>\n<div class=\"css-1k9op6x e17x9cvu0\" dir=\"ltr\">\n<p class=\"css-s4cjt0 eea635z0\" dir=\"ltr\">&#8220;Eles acham que ir\u00e3o sofrer uma grave seca, prejudicando sua subsist\u00eancia. Esta express\u00e3o pode ser muito alarmante para pessoas que podem ser seriamente afetadas pelo <a class=\"focusIndicatorReducedWidth css-n8oauk e1h2ur550\" href=\"https:\/\/www.bbc.com\/portuguese\/articles\/c3gdv48v29ko\">impacto do El Ni\u00f1o<\/a>.&#8221;<\/p>\n<div class=\"css-1k9op6x e17x9cvu0\" dir=\"ltr\">\n<h2 id=\"O-que-\u00e9-o-El-Ni\u00f1o\" class=\"css-jtxtr9 emoh99e1\" tabindex=\"-1\">O que \u00e9 o El Ni\u00f1o?<\/h2>\n<\/div>\n<div class=\"css-1k9op6x e17x9cvu0\" dir=\"ltr\">\n<p class=\"css-s4cjt0 eea635z0\" dir=\"ltr\">O <a class=\"focusIndicatorReducedWidth css-n8oauk e1h2ur550\" href=\"https:\/\/www.bbc.com\/portuguese\/internacional-64234275\">El Ni\u00f1o e seu hom\u00f3logo La Ni\u00f1a<\/a> s\u00e3o dois estados opostos de um fen\u00f4meno clim\u00e1tico natural, chamado El Ni\u00f1o Oscila\u00e7\u00e3o Sul (ENSO, na sigla em ingl\u00eas).<\/p>\n<\/div>\n<div class=\"css-1k9op6x e17x9cvu0\" dir=\"ltr\">\n<p class=\"css-s4cjt0 eea635z0\" dir=\"ltr\">Eles n\u00e3o necessariamente se alternam e costumam ser identificados pelas temperaturas da superf\u00edcie do mar na parte central e oriental do oceano Pac\u00edfico. Durante o El Ni\u00f1o, estas \u00e1guas s\u00e3o mais quentes; e, no caso do La Ni\u00f1a, elas ficam mais frias.<\/p>\n<\/div>\n<p dir=\"ltr\"><img data-recalc-dims=\"1\" loading=\"lazy\" decoding=\"async\" data-attachment-id=\"38737\" data-permalink=\"http:\/\/blogdalucianaoliveira.com.br\/blog\/2026\/04\/21\/o-super-el-nino-esta-chegando\/img_1412\/\" data-orig-file=\"https:\/\/i0.wp.com\/blogdalucianaoliveira.com.br\/blog\/wp-content\/uploads\/2026\/04\/IMG_1412.webp?fit=640%2C600\" data-orig-size=\"640,600\" data-comments-opened=\"0\" data-image-meta=\"{&quot;aperture&quot;:&quot;0&quot;,&quot;credit&quot;:&quot;&quot;,&quot;camera&quot;:&quot;&quot;,&quot;caption&quot;:&quot;&quot;,&quot;created_timestamp&quot;:&quot;0&quot;,&quot;copyright&quot;:&quot;&quot;,&quot;focal_length&quot;:&quot;0&quot;,&quot;iso&quot;:&quot;0&quot;,&quot;shutter_speed&quot;:&quot;0&quot;,&quot;title&quot;:&quot;&quot;,&quot;orientation&quot;:&quot;0&quot;}\" data-image-title=\"IMG_1412\" data-image-description=\"\" data-image-caption=\"\" data-medium-file=\"https:\/\/i0.wp.com\/blogdalucianaoliveira.com.br\/blog\/wp-content\/uploads\/2026\/04\/IMG_1412.webp?fit=300%2C281\" data-large-file=\"https:\/\/i0.wp.com\/blogdalucianaoliveira.com.br\/blog\/wp-content\/uploads\/2026\/04\/IMG_1412.webp?fit=600%2C563\" class=\"alignleft size-full wp-image-38737\" src=\"https:\/\/i0.wp.com\/blogdalucianaoliveira.com.br\/blog\/wp-content\/uploads\/2026\/04\/IMG_1412.webp?resize=600%2C563\" alt=\"\" width=\"600\" height=\"563\" srcset=\"https:\/\/i0.wp.com\/blogdalucianaoliveira.com.br\/blog\/wp-content\/uploads\/2026\/04\/IMG_1412.webp?w=640 640w, https:\/\/i0.wp.com\/blogdalucianaoliveira.com.br\/blog\/wp-content\/uploads\/2026\/04\/IMG_1412.webp?resize=300%2C281 300w, https:\/\/i0.wp.com\/blogdalucianaoliveira.com.br\/blog\/wp-content\/uploads\/2026\/04\/IMG_1412.webp?resize=320%2C300 320w\" sizes=\"auto, (max-width: 600px) 100vw, 600px\" \/> <img data-recalc-dims=\"1\" loading=\"lazy\" decoding=\"async\" data-attachment-id=\"38738\" data-permalink=\"http:\/\/blogdalucianaoliveira.com.br\/blog\/2026\/04\/21\/o-super-el-nino-esta-chegando\/img_1413\/\" data-orig-file=\"https:\/\/i0.wp.com\/blogdalucianaoliveira.com.br\/blog\/wp-content\/uploads\/2026\/04\/IMG_1413.webp?fit=800%2C775\" data-orig-size=\"800,775\" data-comments-opened=\"0\" data-image-meta=\"{&quot;aperture&quot;:&quot;0&quot;,&quot;credit&quot;:&quot;&quot;,&quot;camera&quot;:&quot;&quot;,&quot;caption&quot;:&quot;&quot;,&quot;created_timestamp&quot;:&quot;0&quot;,&quot;copyright&quot;:&quot;&quot;,&quot;focal_length&quot;:&quot;0&quot;,&quot;iso&quot;:&quot;0&quot;,&quot;shutter_speed&quot;:&quot;0&quot;,&quot;title&quot;:&quot;&quot;,&quot;orientation&quot;:&quot;0&quot;}\" data-image-title=\"IMG_1413\" data-image-description=\"\" data-image-caption=\"\" data-medium-file=\"https:\/\/i0.wp.com\/blogdalucianaoliveira.com.br\/blog\/wp-content\/uploads\/2026\/04\/IMG_1413.webp?fit=300%2C291\" data-large-file=\"https:\/\/i0.wp.com\/blogdalucianaoliveira.com.br\/blog\/wp-content\/uploads\/2026\/04\/IMG_1413.webp?fit=600%2C581\" class=\"alignleft size-full wp-image-38738\" src=\"https:\/\/i0.wp.com\/blogdalucianaoliveira.com.br\/blog\/wp-content\/uploads\/2026\/04\/IMG_1413.webp?resize=600%2C581\" alt=\"\" width=\"600\" height=\"581\" srcset=\"https:\/\/i0.wp.com\/blogdalucianaoliveira.com.br\/blog\/wp-content\/uploads\/2026\/04\/IMG_1413.webp?w=800 800w, https:\/\/i0.wp.com\/blogdalucianaoliveira.com.br\/blog\/wp-content\/uploads\/2026\/04\/IMG_1413.webp?resize=300%2C291 300w, https:\/\/i0.wp.com\/blogdalucianaoliveira.com.br\/blog\/wp-content\/uploads\/2026\/04\/IMG_1413.webp?resize=768%2C744 768w, https:\/\/i0.wp.com\/blogdalucianaoliveira.com.br\/blog\/wp-content\/uploads\/2026\/04\/IMG_1413.webp?resize=310%2C300 310w\" sizes=\"auto, (max-width: 600px) 100vw, 600px\" \/><\/p>\n<\/div>\n<\/div>\n<div class=\"css-1k9op6x e17x9cvu0\" dir=\"ltr\">\n<p class=\"css-s4cjt0 eea635z0\" dir=\"ltr\">Esses fen\u00f4menos costumam ocorrer a cada dois a sete anos e normalmente duram de nove a 12 meses. Mas podem permanecer por mais tempo.<\/p>\n<\/div>\n<div class=\"css-1k9op6x e17x9cvu0\" dir=\"ltr\">\n<p class=\"css-s4cjt0 eea635z0\" dir=\"ltr\">O \u00faltimo La Ni\u00f1a ocorreu entre 2024 e 2025. No momento, as condi\u00e7\u00f5es no Pac\u00edfico s\u00e3o &#8220;neutras&#8221;. N\u00e3o temos nem El Ni\u00f1o, nem La Ni\u00f1a.<\/p>\n<\/div>\n<div class=\"css-1k9op6x e17x9cvu0\" dir=\"ltr\">\n<p class=\"css-s4cjt0 eea635z0\" dir=\"ltr\">Nem todos os eventos s\u00e3o iguais e suas consequ\u00eancias variam entre diferentes regi\u00f5es e \u00e9pocas do ano. Mas os cientistas j\u00e1 observaram alguns efeitos em comum.<\/p>\n<\/div>\n<div class=\"css-1k9op6x e17x9cvu0\" dir=\"ltr\">\n<p class=\"css-s4cjt0 eea635z0\" dir=\"ltr\">As consequ\u00eancias mais claras do El Ni\u00f1o s\u00e3o normalmente encontradas em locais pr\u00f3ximos das \u00e1guas incomumente quentes do oceano Pac\u00edfico.<\/p>\n<\/div>\n<div class=\"css-1k9op6x e17x9cvu0\" dir=\"ltr\">\n<p class=\"css-s4cjt0 eea635z0\" dir=\"ltr\">Pa\u00edses do lado oeste do Pac\u00edfico, como a Austr\u00e1lia, a Indon\u00e9sia e as Filipinas, costumam ficar mais secos que o normal. Com isso, secas e inc\u00eandios florestais podem causar problemas s\u00e9rios na regi\u00e3o.<\/p>\n<\/div>\n<div class=\"css-1k9op6x e17x9cvu0\" dir=\"ltr\">\n<p class=\"css-s4cjt0 eea635z0\" dir=\"ltr\">J\u00e1 no outro lado do Pac\u00edfico, pa\u00edses sul-americanos como o Peru e o Equador podem vivenciar tempo muito mais \u00famido, gerando enchentes.<\/p>\n<\/div>\n<div class=\"css-1k9op6x e17x9cvu0\" dir=\"ltr\">\n<p class=\"css-s4cjt0 eea635z0\" dir=\"ltr\">Mas o El Ni\u00f1o tamb\u00e9m pode trazer consequ\u00eancias muito mais profundas. Ele pode enfraquecer as mon\u00e7\u00f5es na \u00cdndia e causar intensas chuvas de inverno no sudoeste dos Estados Unidos.<\/p>\n<p dir=\"ltr\"><img data-recalc-dims=\"1\" loading=\"lazy\" decoding=\"async\" data-attachment-id=\"38740\" data-permalink=\"http:\/\/blogdalucianaoliveira.com.br\/blog\/2026\/04\/21\/o-super-el-nino-esta-chegando\/img_1415-3\/\" data-orig-file=\"https:\/\/i0.wp.com\/blogdalucianaoliveira.com.br\/blog\/wp-content\/uploads\/2026\/04\/IMG_1415.webp?fit=640%2C484\" data-orig-size=\"640,484\" data-comments-opened=\"0\" data-image-meta=\"{&quot;aperture&quot;:&quot;0&quot;,&quot;credit&quot;:&quot;&quot;,&quot;camera&quot;:&quot;&quot;,&quot;caption&quot;:&quot;&quot;,&quot;created_timestamp&quot;:&quot;0&quot;,&quot;copyright&quot;:&quot;&quot;,&quot;focal_length&quot;:&quot;0&quot;,&quot;iso&quot;:&quot;0&quot;,&quot;shutter_speed&quot;:&quot;0&quot;,&quot;title&quot;:&quot;&quot;,&quot;orientation&quot;:&quot;0&quot;}\" data-image-title=\"IMG_1415\" data-image-description=\"\" data-image-caption=\"\" data-medium-file=\"https:\/\/i0.wp.com\/blogdalucianaoliveira.com.br\/blog\/wp-content\/uploads\/2026\/04\/IMG_1415.webp?fit=300%2C227\" data-large-file=\"https:\/\/i0.wp.com\/blogdalucianaoliveira.com.br\/blog\/wp-content\/uploads\/2026\/04\/IMG_1415.webp?fit=600%2C454\" class=\"alignleft size-full wp-image-38740\" src=\"https:\/\/i0.wp.com\/blogdalucianaoliveira.com.br\/blog\/wp-content\/uploads\/2026\/04\/IMG_1415.webp?resize=600%2C454\" alt=\"\" width=\"600\" height=\"454\" srcset=\"https:\/\/i0.wp.com\/blogdalucianaoliveira.com.br\/blog\/wp-content\/uploads\/2026\/04\/IMG_1415.webp?w=640 640w, https:\/\/i0.wp.com\/blogdalucianaoliveira.com.br\/blog\/wp-content\/uploads\/2026\/04\/IMG_1415.webp?resize=300%2C227 300w, https:\/\/i0.wp.com\/blogdalucianaoliveira.com.br\/blog\/wp-content\/uploads\/2026\/04\/IMG_1415.webp?resize=397%2C300 397w\" sizes=\"auto, (max-width: 600px) 100vw, 600px\" \/><\/p>\n<div class=\"css-1k9op6x e17x9cvu0\" dir=\"ltr\">\n<h2 id=\"Super-El-Ni\u00f1o\" class=\"css-jtxtr9 emoh99e1\" tabindex=\"-1\">Super El Ni\u00f1o?<\/h2>\n<\/div>\n<div class=\"css-1k9op6x e17x9cvu0\" dir=\"ltr\">\n<p class=\"css-s4cjt0 eea635z0\" dir=\"ltr\">No dia 9 de abril, o Centro de Previs\u00e3o Clim\u00e1tica dos Estados Unidos afirmou que h\u00e1 61% de possibilidade de surgimento do El Ni\u00f1o entre maio e julho, persistindo pelo menos at\u00e9 o final de 2026. E destacou que a possibilidade de um evento &#8220;muito forte&#8221; \u00e9 de apenas 25%.<\/p>\n<p dir=\"ltr\"><img data-recalc-dims=\"1\" loading=\"lazy\" decoding=\"async\" data-attachment-id=\"38741\" data-permalink=\"http:\/\/blogdalucianaoliveira.com.br\/blog\/2026\/04\/21\/o-super-el-nino-esta-chegando\/img_1416\/\" data-orig-file=\"https:\/\/i0.wp.com\/blogdalucianaoliveira.com.br\/blog\/wp-content\/uploads\/2026\/04\/IMG_1416.webp?fit=800%2C450\" data-orig-size=\"800,450\" data-comments-opened=\"0\" data-image-meta=\"{&quot;aperture&quot;:&quot;0&quot;,&quot;credit&quot;:&quot;&quot;,&quot;camera&quot;:&quot;&quot;,&quot;caption&quot;:&quot;&quot;,&quot;created_timestamp&quot;:&quot;0&quot;,&quot;copyright&quot;:&quot;&quot;,&quot;focal_length&quot;:&quot;0&quot;,&quot;iso&quot;:&quot;0&quot;,&quot;shutter_speed&quot;:&quot;0&quot;,&quot;title&quot;:&quot;&quot;,&quot;orientation&quot;:&quot;0&quot;}\" data-image-title=\"IMG_1416\" data-image-description=\"\" data-image-caption=\"\" data-medium-file=\"https:\/\/i0.wp.com\/blogdalucianaoliveira.com.br\/blog\/wp-content\/uploads\/2026\/04\/IMG_1416.webp?fit=300%2C169\" data-large-file=\"https:\/\/i0.wp.com\/blogdalucianaoliveira.com.br\/blog\/wp-content\/uploads\/2026\/04\/IMG_1416.webp?fit=600%2C338\" class=\"alignleft size-full wp-image-38741\" src=\"https:\/\/i0.wp.com\/blogdalucianaoliveira.com.br\/blog\/wp-content\/uploads\/2026\/04\/IMG_1416.webp?resize=600%2C338\" alt=\"\" width=\"600\" height=\"338\" srcset=\"https:\/\/i0.wp.com\/blogdalucianaoliveira.com.br\/blog\/wp-content\/uploads\/2026\/04\/IMG_1416.webp?w=800 800w, https:\/\/i0.wp.com\/blogdalucianaoliveira.com.br\/blog\/wp-content\/uploads\/2026\/04\/IMG_1416.webp?resize=300%2C169 300w, https:\/\/i0.wp.com\/blogdalucianaoliveira.com.br\/blog\/wp-content\/uploads\/2026\/04\/IMG_1416.webp?resize=768%2C432 768w, https:\/\/i0.wp.com\/blogdalucianaoliveira.com.br\/blog\/wp-content\/uploads\/2026\/04\/IMG_1416.webp?resize=533%2C300 533w\" sizes=\"auto, (max-width: 600px) 100vw, 600px\" \/><\/p>\n<\/div>\n<div class=\"css-1k9op6x e17x9cvu0\" dir=\"ltr\">\n<p class=\"css-s4cjt0 eea635z0\" dir=\"ltr\">Tim Stockdale, do Centro Europeu de Previs\u00f5es Meteorol\u00f3gicas a M\u00e9dio Prazo (ECMWF, na sigla em ingl\u00eas), afirma que a express\u00e3o &#8220;Super El Ni\u00f1o&#8221; \u00e9 relativamente nova para ele.<\/p>\n<div class=\"css-1k9op6x e17x9cvu0\" dir=\"ltr\">\n<p class=\"css-s4cjt0 eea635z0\" dir=\"ltr\">&#8220;As pessoas criaram isso, eu acho, para indicar um evento El Ni\u00f1o muito grande, como os que vimos em 1997-98 ou 2015-16, quando as anomalias ultrapassaram cerca de 2 \u00b0C, digamos, na regi\u00e3o central do Pac\u00edfico&#8221;, declarou ele ao Servi\u00e7o Mundial da BBC.<\/p>\n<\/div>\n<div class=\"css-1k9op6x e17x9cvu0\" dir=\"ltr\">\n<p class=\"css-s4cjt0 eea635z0\" dir=\"ltr\">Os modelos atuais indicam que \u00e9 prov\u00e1vel a ocorr\u00eancia de um El Ni\u00f1o moderado, segundo Stockdale, e alguns apontam que \u00e9 poss\u00edvel que ocorra um evento forte.<\/p>\n<\/div>\n<div class=\"css-1k9op6x e17x9cvu0\" dir=\"ltr\">\n<p class=\"css-s4cjt0 eea635z0\" dir=\"ltr\">Ele destaca que existem in\u00fameras possibilidades, dependendo de condi\u00e7\u00f5es imprevis\u00edveis como o vento.<\/p>\n<div class=\"css-1k9op6x e17x9cvu0\" dir=\"ltr\">\n<p class=\"css-s4cjt0 eea635z0\" dir=\"ltr\">Kimberley Reid explica que a for\u00e7a do El Ni\u00f1o n\u00e3o se reflete, necessariamente, na escala dos impactos resultantes em toda a parte.<\/p>\n<\/div>\n<div class=\"css-1k9op6x e17x9cvu0\" dir=\"ltr\">\n<p class=\"css-s4cjt0 eea635z0\" dir=\"ltr\">Ela destaca que lugares como o continente americano, pr\u00f3ximo \u00e0 \u00e1gua mais quente do Pac\u00edfico, podem ser mais afetados. Mas, para lugares como a Austr\u00e1lia, a \u00c1sia e a \u00c1frica, &#8220;temperaturas acima do normal em 0,5 \u00b0C, 1 \u00b0C ou 2 \u00b0C naquela regi\u00e3o do Pac\u00edfico t\u00eam menos import\u00e2ncia que a ocorr\u00eancia ou n\u00e3o do El Ni\u00f1o por ali.&#8221;<\/p>\n<\/div>\n<div class=\"css-1k9op6x e17x9cvu0\" dir=\"ltr\">\n<p class=\"css-s4cjt0 eea635z0\" dir=\"ltr\">Para Reid, \u00e9 importante observar diversos fatores que podem influenciar o clima de uma regi\u00e3o espec\u00edfica.<\/p>\n<\/div>\n<div class=\"css-1k9op6x e17x9cvu0\" dir=\"ltr\">\n<p class=\"css-s4cjt0 eea635z0\" dir=\"ltr\">&#8220;Quando nos concentramos apenas no El Ni\u00f1o, n\u00e3o temos toda a hist\u00f3ria&#8221;, explica ela.<\/p>\n<\/div>\n<div class=\"css-1k9op6x e17x9cvu0\" dir=\"ltr\">\n<p class=\"css-s4cjt0 eea635z0\" dir=\"ltr\">&#8220;Gosto de comparar isso com o IMC, o \u00edndice de massa corporal. Se voc\u00ea observar o IMC de um fisiculturista, provavelmente dir\u00e1 que ele \u00e9 obeso, mesmo tendo percentual de gordura muito baixo.&#8221;<\/p>\n<div class=\"css-1k9op6x e17x9cvu0\" dir=\"ltr\">\n<h2 id=\"N\u00e3o-h\u00e1-garantias\" class=\"css-jtxtr9 emoh99e1\" tabindex=\"-1\">N\u00e3o h\u00e1 garantias<\/h2>\n<\/div>\n<div class=\"css-1k9op6x e17x9cvu0\" dir=\"ltr\">\n<p class=\"css-s4cjt0 eea635z0\" dir=\"ltr\">Nem sempre as previs\u00f5es se materializam. Em 2017, por exemplo, elas apontavam para a ocorr\u00eancia de um El Ni\u00f1o, que causaria, portanto, aquecimento das \u00e1guas do Pac\u00edfico.<\/p>\n<\/div>\n<div class=\"css-1k9op6x e17x9cvu0\" dir=\"ltr\">\n<p class=\"css-s4cjt0 eea635z0\" dir=\"ltr\">Com o passar do tempo, contudo, as condi\u00e7\u00f5es se reverteram e o que se acabou observando foi a emerg\u00eancia de um La Ni\u00f1a.<\/p>\n<\/div>\n<div class=\"css-1k9op6x e17x9cvu0\" dir=\"ltr\">\n<p class=\"css-s4cjt0 eea635z0\" dir=\"ltr\">Kimberley Reid afirma que &#8220;previs\u00f5es fracassadas&#8221; como essa s\u00e3o muito raras, mas destaca que &#8220;mesmo quando todos os modelos indicam uma probabilidade elevada&#8230; isso n\u00e3o significa que ir\u00e1 necessariamente acontecer&#8221;.<\/p>\n<\/div>\n<div class=\"css-1k9op6x e17x9cvu0\" dir=\"ltr\">\n<p class=\"css-s4cjt0 eea635z0\" dir=\"ltr\">&#8220;A hist\u00f3ria nos orienta a ter cautela com as previs\u00f5es de mar\u00e7o e abril, mesmo se elas aparentarem ter alto n\u00edvel de confian\u00e7a&#8221;, destaca ela.<\/p>\n<\/div>\n<div class=\"css-1k9op6x e17x9cvu0\" dir=\"ltr\">\n<p class=\"css-s4cjt0 eea635z0\" dir=\"ltr\">A dificuldade de se prever o El Ni\u00f1o no per\u00edodo entre mar\u00e7o e maio tem at\u00e9 um nome: &#8220;barreira de previsibilidade da primavera&#8221;, no hemisf\u00e9rio norte, ou &#8220;do outono&#8221;, no hemisf\u00e9rio sul.<\/p>\n<\/div>\n<div class=\"css-1k9op6x e17x9cvu0\" dir=\"ltr\">\n<p class=\"css-s4cjt0 eea635z0\" dir=\"ltr\">Stockdale escreveu, no site do ECMWF, que as previs\u00f5es precoces &#8220;costumam chamar a aten\u00e7\u00e3o&#8221;, mas n\u00e3o garantem resultados espec\u00edficos.<\/p>\n<\/div>\n<div class=\"css-1k9op6x e17x9cvu0\" dir=\"ltr\">\n<p class=\"css-s4cjt0 eea635z0\" dir=\"ltr\">&#8220;\u00c9 importante compreender onde a confian\u00e7a \u00e9 justificada e onde h\u00e1 incertezas, para interpretar com responsabilidade as manchetes atuais sobre o El Ni\u00f1o&#8221;, explica ele.<\/p>\n<\/div>\n<div class=\"css-1k9op6x e17x9cvu0\" dir=\"ltr\">\n<p class=\"css-s4cjt0 eea635z0\" dir=\"ltr\">Reid aconselha \u00e0s pessoas &#8220;relembrar que frases como &#8216;El Ni\u00f1o Godzilla&#8217; ter\u00e3o muito mais cliques do que &#8216;El Ni\u00f1o meio que incerto nesta \u00e9poca do ano'&#8221;. Ela destaca que \u00e9 preciso aguardar at\u00e9 perto de maio ou junho, antes de dar muita import\u00e2ncia \u00e0s previs\u00f5es.<\/p>\n<\/div>\n<div class=\"css-1k9op6x e17x9cvu0\" dir=\"ltr\">\n<p class=\"css-s4cjt0 eea635z0\" dir=\"ltr\">&#8220;Estamos observando eventos clim\u00e1ticos extremos com maior frequ\u00eancia devido \u00e0s mudan\u00e7as clim\u00e1ticas. \u00c9 importante ficarmos atentos ao que poder\u00e1 acontecer e nos prepararmos para isso fazendo o melhor poss\u00edvel para reduzir nossas emiss\u00f5es e diminuir a probabilidade desses eventos extremos&#8221;, conclui Reid.<\/p>\n<\/div>\n<\/div>\n<\/div>\n<\/div>\n<\/div>\n","protected":false},"excerpt":{"rendered":"<p>Catherine Heathwood, Servi\u00e7o Mundial da BBC &#8211; Talvez voc\u00ea tenha encontrado recentemente not\u00edcias sobre um &#8220;Super El Ni\u00f1o&#8220;, que pode estar vindo na nossa dire\u00e7\u00e3o ainda este ano. Em algumas men\u00e7\u00f5es, ele chega a ser chamado de &#8220;El Ni\u00f1o Godzilla&#8221;.<\/p>\n","protected":false},"author":1,"featured_media":0,"comment_status":"closed","ping_status":"open","sticky":false,"template":"","format":"standard","meta":{"_exactmetrics_skip_tracking":false,"_exactmetrics_sitenote_active":false,"_exactmetrics_sitenote_note":"","_exactmetrics_sitenote_category":0,"jetpack_post_was_ever_published":false,"_jetpack_newsletter_access":"","_jetpack_dont_email_post_to_subs":false,"_jetpack_newsletter_tier_id":0,"_jetpack_memberships_contains_paywalled_content":false,"_jetpack_memberships_contains_paid_content":false,"footnotes":"","jetpack_publicize_message":"","jetpack_publicize_feature_enabled":true,"jetpack_social_post_already_shared":true,"jetpack_social_options":{"image_generator_settings":{"template":"highway","enabled":false},"version":2}},"categories":[1],"tags":[],"class_list":["post-38736","post","type-post","status-publish","format-standard","hentry","category-notas"],"jetpack_publicize_connections":[],"jetpack_sharing_enabled":true,"jetpack_featured_media_url":"","jetpack_shortlink":"https:\/\/wp.me\/p7wKYW-a4M","jetpack-related-posts":[],"_links":{"self":[{"href":"http:\/\/blogdalucianaoliveira.com.br\/blog\/wp-json\/wp\/v2\/posts\/38736","targetHints":{"allow":["GET"]}}],"collection":[{"href":"http:\/\/blogdalucianaoliveira.com.br\/blog\/wp-json\/wp\/v2\/posts"}],"about":[{"href":"http:\/\/blogdalucianaoliveira.com.br\/blog\/wp-json\/wp\/v2\/types\/post"}],"author":[{"embeddable":true,"href":"http:\/\/blogdalucianaoliveira.com.br\/blog\/wp-json\/wp\/v2\/users\/1"}],"replies":[{"embeddable":true,"href":"http:\/\/blogdalucianaoliveira.com.br\/blog\/wp-json\/wp\/v2\/comments?post=38736"}],"version-history":[{"count":1,"href":"http:\/\/blogdalucianaoliveira.com.br\/blog\/wp-json\/wp\/v2\/posts\/38736\/revisions"}],"predecessor-version":[{"id":38743,"href":"http:\/\/blogdalucianaoliveira.com.br\/blog\/wp-json\/wp\/v2\/posts\/38736\/revisions\/38743"}],"wp:attachment":[{"href":"http:\/\/blogdalucianaoliveira.com.br\/blog\/wp-json\/wp\/v2\/media?parent=38736"}],"wp:term":[{"taxonomy":"category","embeddable":true,"href":"http:\/\/blogdalucianaoliveira.com.br\/blog\/wp-json\/wp\/v2\/categories?post=38736"},{"taxonomy":"post_tag","embeddable":true,"href":"http:\/\/blogdalucianaoliveira.com.br\/blog\/wp-json\/wp\/v2\/tags?post=38736"}],"curies":[{"name":"wp","href":"https:\/\/api.w.org\/{rel}","templated":true}]}}