{"id":38744,"date":"2026-04-21T19:41:22","date_gmt":"2026-04-21T23:41:22","guid":{"rendered":"https:\/\/blogdalucianaoliveira.com.br\/blog\/?p=38744"},"modified":"2026-04-21T19:41:22","modified_gmt":"2026-04-21T23:41:22","slug":"lula-diz-que-terceiro-governo-superou-2003-e-cobra-continuidade","status":"publish","type":"post","link":"http:\/\/blogdalucianaoliveira.com.br\/blog\/2026\/04\/21\/lula-diz-que-terceiro-governo-superou-2003-e-cobra-continuidade\/","title":{"rendered":"Lula diz que terceiro governo superou 2003 e cobra continuidade"},"content":{"rendered":"<p><img data-recalc-dims=\"1\" loading=\"lazy\" decoding=\"async\" data-attachment-id=\"38745\" data-permalink=\"http:\/\/blogdalucianaoliveira.com.br\/blog\/2026\/04\/21\/lula-diz-que-terceiro-governo-superou-2003-e-cobra-continuidade\/img_1417\/\" data-orig-file=\"https:\/\/i0.wp.com\/blogdalucianaoliveira.com.br\/blog\/wp-content\/uploads\/2026\/04\/IMG_1417.webp?fit=500%2C240\" data-orig-size=\"500,240\" data-comments-opened=\"0\" data-image-meta=\"{&quot;aperture&quot;:&quot;0&quot;,&quot;credit&quot;:&quot;&quot;,&quot;camera&quot;:&quot;&quot;,&quot;caption&quot;:&quot;&quot;,&quot;created_timestamp&quot;:&quot;0&quot;,&quot;copyright&quot;:&quot;&quot;,&quot;focal_length&quot;:&quot;0&quot;,&quot;iso&quot;:&quot;0&quot;,&quot;shutter_speed&quot;:&quot;0&quot;,&quot;title&quot;:&quot;&quot;,&quot;orientation&quot;:&quot;0&quot;}\" data-image-title=\"IMG_1417\" data-image-description=\"\" data-image-caption=\"\" data-medium-file=\"https:\/\/i0.wp.com\/blogdalucianaoliveira.com.br\/blog\/wp-content\/uploads\/2026\/04\/IMG_1417.webp?fit=300%2C144\" data-large-file=\"https:\/\/i0.wp.com\/blogdalucianaoliveira.com.br\/blog\/wp-content\/uploads\/2026\/04\/IMG_1417.webp?fit=500%2C240\" class=\"alignleft size-full wp-image-38745\" src=\"https:\/\/i0.wp.com\/blogdalucianaoliveira.com.br\/blog\/wp-content\/uploads\/2026\/04\/IMG_1417.webp?resize=500%2C240\" alt=\"\" width=\"500\" height=\"240\" srcset=\"https:\/\/i0.wp.com\/blogdalucianaoliveira.com.br\/blog\/wp-content\/uploads\/2026\/04\/IMG_1417.webp?w=500 500w, https:\/\/i0.wp.com\/blogdalucianaoliveira.com.br\/blog\/wp-content\/uploads\/2026\/04\/IMG_1417.webp?resize=300%2C144 300w\" sizes=\"auto, (max-width: 500px) 100vw, 500px\" \/><\/p>\n<h2 class=\"article__lead\">Presidente alerta contra nova destrui\u00e7\u00e3o do pa\u00eds<\/h2>\n<p><!--more--><b>247 \u2014 <\/b>O presidente Luiz In\u00e1cio Lula da Silva afirmou, ao fazer um balan\u00e7o do governo, que sua terceira gest\u00e3o \u00e0 frente do Pal\u00e1cio do Planalto superou, em termos de conquistas sociais, o primeiro mandato, iniciado em 2003.<\/p>\n<p>&#8220;Se voc\u00ea for analisar o que aconteceu nos \u00faltimos tr\u00eas anos e quatro meses no pa\u00eds, houve muito mais conquistas do que no meu primeiro mandato&#8221;, disse Lula, em entrevista ao programa Calma Urgente, no canal Est\u00fadio Fluxo.<\/p>\n<p>&#8220;Agora tivemos que reconquistar para fazer a mesma coisa&#8221;, acrescentou o presidente, lembrando que tudo isso &#8220;\u00e9 pouco&#8221; diante das necessidades urgentes do povo brasileiro.<\/p>\n<p>Ao mesmo tempo, Lula destacou que uma eventual revers\u00e3o no governo comprometeria a continuidade dos avan\u00e7os sociais. &#8220;A \u00fanica chance de melhorar \u00e9 n\u00e3o permitir que destruam isso tudo mais uma vez&#8221;, disse Lula.<\/p>\n","protected":false},"excerpt":{"rendered":"<p>Presidente alerta contra nova destrui\u00e7\u00e3o do pa\u00eds<\/p>\n","protected":false},"author":1,"featured_media":0,"comment_status":"closed","ping_status":"open","sticky":false,"template":"","format":"standard","meta":{"_exactmetrics_skip_tracking":false,"_exactmetrics_sitenote_active":false,"_exactmetrics_sitenote_note":"","_exactmetrics_sitenote_category":0,"jetpack_post_was_ever_published":false,"_jetpack_newsletter_access":"","_jetpack_dont_email_post_to_subs":false,"_jetpack_newsletter_tier_id":0,"_jetpack_memberships_contains_paywalled_content":false,"_jetpack_memberships_contains_paid_content":false,"footnotes":"","jetpack_publicize_message":"","jetpack_publicize_feature_enabled":true,"jetpack_social_post_already_shared":true,"jetpack_social_options":{"image_generator_settings":{"template":"highway","enabled":false},"version":2}},"categories":[1],"tags":[],"class_list":["post-38744","post","type-post","status-publish","format-standard","hentry","category-notas"],"jetpack_publicize_connections":[],"jetpack_sharing_enabled":true,"jetpack_featured_media_url":"","jetpack_shortlink":"https:\/\/wp.me\/p7wKYW-a4U","jetpack-related-posts":[],"_links":{"self":[{"href":"http:\/\/blogdalucianaoliveira.com.br\/blog\/wp-json\/wp\/v2\/posts\/38744","targetHints":{"allow":["GET"]}}],"collection":[{"href":"http:\/\/blogdalucianaoliveira.com.br\/blog\/wp-json\/wp\/v2\/posts"}],"about":[{"href":"http:\/\/blogdalucianaoliveira.com.br\/blog\/wp-json\/wp\/v2\/types\/post"}],"author":[{"embeddable":true,"href":"http:\/\/blogdalucianaoliveira.com.br\/blog\/wp-json\/wp\/v2\/users\/1"}],"replies":[{"embeddable":true,"href":"http:\/\/blogdalucianaoliveira.com.br\/blog\/wp-json\/wp\/v2\/comments?post=38744"}],"version-history":[{"count":1,"href":"http:\/\/blogdalucianaoliveira.com.br\/blog\/wp-json\/wp\/v2\/posts\/38744\/revisions"}],"predecessor-version":[{"id":38746,"href":"http:\/\/blogdalucianaoliveira.com.br\/blog\/wp-json\/wp\/v2\/posts\/38744\/revisions\/38746"}],"wp:attachment":[{"href":"http:\/\/blogdalucianaoliveira.com.br\/blog\/wp-json\/wp\/v2\/media?parent=38744"}],"wp:term":[{"taxonomy":"category","embeddable":true,"href":"http:\/\/blogdalucianaoliveira.com.br\/blog\/wp-json\/wp\/v2\/categories?post=38744"},{"taxonomy":"post_tag","embeddable":true,"href":"http:\/\/blogdalucianaoliveira.com.br\/blog\/wp-json\/wp\/v2\/tags?post=38744"}],"curies":[{"name":"wp","href":"https:\/\/api.w.org\/{rel}","templated":true}]}}