{"id":38755,"date":"2026-04-21T21:15:41","date_gmt":"2026-04-22T01:15:41","guid":{"rendered":"https:\/\/blogdalucianaoliveira.com.br\/blog\/?p=38755"},"modified":"2026-04-21T21:15:41","modified_gmt":"2026-04-22T01:15:41","slug":"trump-mergulha-na-pior-crise-de-desaprovacao-e-ve-governo-se-isolar-frente-a-opiniao-publica","status":"publish","type":"post","link":"http:\/\/blogdalucianaoliveira.com.br\/blog\/2026\/04\/21\/trump-mergulha-na-pior-crise-de-desaprovacao-e-ve-governo-se-isolar-frente-a-opiniao-publica\/","title":{"rendered":"Trump mergulha na pior crise de desaprova\u00e7\u00e3o e v\u00ea governo se isolar frente \u00e0 opini\u00e3o p\u00fablica"},"content":{"rendered":"<p><img data-recalc-dims=\"1\" loading=\"lazy\" decoding=\"async\" data-attachment-id=\"38756\" data-permalink=\"http:\/\/blogdalucianaoliveira.com.br\/blog\/2026\/04\/21\/trump-mergulha-na-pior-crise-de-desaprovacao-e-ve-governo-se-isolar-frente-a-opiniao-publica\/img_1421\/\" data-orig-file=\"https:\/\/i0.wp.com\/blogdalucianaoliveira.com.br\/blog\/wp-content\/uploads\/2026\/04\/IMG_1421.webp?fit=1536%2C864\" data-orig-size=\"1536,864\" data-comments-opened=\"0\" data-image-meta=\"{&quot;aperture&quot;:&quot;0&quot;,&quot;credit&quot;:&quot;&quot;,&quot;camera&quot;:&quot;&quot;,&quot;caption&quot;:&quot;&quot;,&quot;created_timestamp&quot;:&quot;0&quot;,&quot;copyright&quot;:&quot;&quot;,&quot;focal_length&quot;:&quot;0&quot;,&quot;iso&quot;:&quot;0&quot;,&quot;shutter_speed&quot;:&quot;0&quot;,&quot;title&quot;:&quot;&quot;,&quot;orientation&quot;:&quot;0&quot;}\" data-image-title=\"IMG_1421\" data-image-description=\"\" data-image-caption=\"\" data-medium-file=\"https:\/\/i0.wp.com\/blogdalucianaoliveira.com.br\/blog\/wp-content\/uploads\/2026\/04\/IMG_1421.webp?fit=300%2C169\" data-large-file=\"https:\/\/i0.wp.com\/blogdalucianaoliveira.com.br\/blog\/wp-content\/uploads\/2026\/04\/IMG_1421.webp?fit=600%2C338\" class=\"alignleft size-full wp-image-38756\" src=\"https:\/\/i0.wp.com\/blogdalucianaoliveira.com.br\/blog\/wp-content\/uploads\/2026\/04\/IMG_1421.webp?resize=600%2C338\" alt=\"\" width=\"600\" height=\"338\" srcset=\"https:\/\/i0.wp.com\/blogdalucianaoliveira.com.br\/blog\/wp-content\/uploads\/2026\/04\/IMG_1421.webp?w=1536 1536w, https:\/\/i0.wp.com\/blogdalucianaoliveira.com.br\/blog\/wp-content\/uploads\/2026\/04\/IMG_1421.webp?resize=300%2C169 300w, https:\/\/i0.wp.com\/blogdalucianaoliveira.com.br\/blog\/wp-content\/uploads\/2026\/04\/IMG_1421.webp?resize=1024%2C576 1024w, https:\/\/i0.wp.com\/blogdalucianaoliveira.com.br\/blog\/wp-content\/uploads\/2026\/04\/IMG_1421.webp?resize=768%2C432 768w, https:\/\/i0.wp.com\/blogdalucianaoliveira.com.br\/blog\/wp-content\/uploads\/2026\/04\/IMG_1421.webp?resize=533%2C300 533w, https:\/\/i0.wp.com\/blogdalucianaoliveira.com.br\/blog\/wp-content\/uploads\/2026\/04\/IMG_1421.webp?w=1200 1200w\" sizes=\"auto, (max-width: 600px) 100vw, 600px\" \/><\/p>\n<div class=\"desc\">\n<p>Mandato recheado de absurdos, acusa\u00e7\u00f5es e promessas de vit\u00f3rias por meio de intimida\u00e7\u00f5es caiu em desgra\u00e7a com eleitores norte-americanos<\/p>\n<\/div>\n<p><!--more--><\/p>\n<div class=\"info\">\n<div class=\"info-author\">\n<div class=\"text\"><span class=\"name\">Revista F\u00f3rum, por Henrique Rodrigues &#8211; governo de Donald Trump atravessa seu momento mais dram\u00e1tico desde a posse em 2025. Uma nova pesquisa <b data-path-to-node=\"3\" data-index-in-node=\"117\">Reuters\/Ipsos<\/b>, finalizada nesta segunda-feira (20), revela que a aprova\u00e7\u00e3o do republicano estancou em p\u00edfios <b data-path-to-node=\"3\" data-index-in-node=\"226\">36%<\/b>, o n\u00edvel mais baixo de seu mandato. O isolamento do presidente \u00e9 o resultado direto de uma gest\u00e3o marcada por agressividade diplom\u00e1tica, uma guerra impopular no Ir\u00e3 e ataques in\u00e9ditos a figuras globais, como o Papa Le\u00e3o.<\/span><\/div>\n<div>O contraste com o in\u00edcio do governo \u00e9 brutal: logo ap\u00f3s assumir o cargo, em janeiro do ano passado, Trump ostentava 47% de apoio. Hoje, o cen\u00e1rio \u00e9 de terra arrasada. O levantamento, realizado com 4.557 adultos, mostra que a confian\u00e7a no temperamento e na sanidade do presidente de 79 anos est\u00e1 em queda livre, inclusive entre seus pr\u00f3prios aliados.<\/p>\n<h4 data-path-to-node=\"5\"><b data-path-to-node=\"5\" data-index-in-node=\"0\">Inseguran\u00e7a mental e temperamento explosivo<\/b><\/h4>\n<p data-path-to-node=\"6\">Um dos dados mais alarmantes da pesquisa toca na capacidade cognitiva do mandat\u00e1rio. Cerca de <b data-path-to-node=\"6\" data-index-in-node=\"94\">51% dos americanos<\/b> acreditam que a lucidez mental de Trump \u201cpiorou\u201d no \u00faltimo ano. Esse ceticismo atravessa linhas partid\u00e1rias: 14% dos republicanos e 54% dos independentes compartilham dessa preocupa\u00e7\u00e3o.<\/p>\n<p data-path-to-node=\"7\">A percep\u00e7\u00e3o de que o presidente \u00e9 algu\u00e9m \u201cequilibrado\u201d \u00e9 defendida por apenas 26% da popula\u00e7\u00e3o. At\u00e9 mesmo dentro do Partido Republicano a divis\u00e3o \u00e9 clara: quase metade da base (46%) j\u00e1 admite que o l\u00edder da na\u00e7\u00e3o n\u00e3o possui o equil\u00edbrio necess\u00e1rio para o cargo, ap\u00f3s uma s\u00e9rie de explos\u00f5es verbais e postagens err\u00e1ticas em redes sociais.<\/p>\n<div id=\"teads-container\"><\/div>\n<h4 data-path-to-node=\"8\"><b data-path-to-node=\"8\" data-index-in-node=\"0\">A guerra no bolso e o ataque ao sagrado<\/b><\/h4>\n<p data-path-to-node=\"9\">A aventura militar contra o Ir\u00e3 e Israel, iniciada em fevereiro, provou ser o estopim da crise econ\u00f4mica. A alta dr\u00e1stica nos pre\u00e7os da gasolina atingiu em cheio o or\u00e7amento das fam\u00edlias, fazendo com que a aprova\u00e7\u00e3o de Trump na gest\u00e3o do custo de vida despencasse para <b data-path-to-node=\"9\" data-index-in-node=\"269\">26%<\/b>. Apenas um quarto dos americanos acredita que a ofensiva no Oriente M\u00e9dio valeu o custo financeiro ou tornou o pa\u00eds mais seguro.<\/p>\n<p data-path-to-node=\"10\">N\u00e3o satisfeito com o front militar, Trump abriu uma frente de batalha contra o Vaticano. Ao atacar o <b data-path-to-node=\"10\" data-index-in-node=\"101\">Papa Le\u00e3o<\/b> como \u201cfraco contra o crime\u201d \u2014 uma repres\u00e1lia \u00e0s cr\u00edticas do pont\u00edfice \u00e0 guerra, o presidente desafiou uma figura muito mais popular que ele pr\u00f3prio. Enquanto 60% dos americanos t\u00eam uma vis\u00e3o favor\u00e1vel do Papa, Trump patina nos seus 36%.<\/p>\n<h4 data-path-to-node=\"11\"><b data-path-to-node=\"11\" data-index-in-node=\"0\">Amea\u00e7as de aniquila\u00e7\u00e3o e isolamento internacional<\/b><\/h4>\n<p data-path-to-node=\"12\">O repert\u00f3rio de \u201cabsurdos\u201d de Trump nas \u00faltimas semanas inclui amea\u00e7as profanas de destruir pontes e usinas el\u00e9tricas iranianas, al\u00e9m de promessas de \u201caniquilar a civiliza\u00e7\u00e3o\u201d daquele pa\u00eds. No campo diplom\u00e1tico, o presidente conseguiu alarmar a OTAN ao sugerir o uso de for\u00e7a militar contra a <b data-path-to-node=\"12\" data-index-in-node=\"293\">Dinamarca<\/b>, caso o pa\u00eds aliado n\u00e3o aceite a anexa\u00e7\u00e3o da Groenl\u00e2ndia pelos EUA.<\/p>\n<p data-path-to-node=\"13\">Com um cessar-fogo fr\u00e1gil prestes a expirar nesta ter\u00e7a-feira e a amea\u00e7a de sa\u00edda da OTAN ainda pairando no ar (apoiada por apenas 16% da popula\u00e7\u00e3o), o governo Trump parece governar de costas para a realidade das ruas. O \u201calecrim dourado\u201d da pol\u00edtica americana agora enfrenta o julgamento de uma opini\u00e3o p\u00fablica que, cansada de intimida\u00e7\u00f5es e pre\u00e7os altos, come\u00e7a a lhe dar as costas definitivamente.<\/p>\n<\/div>\n<\/div>\n<\/div>\n","protected":false},"excerpt":{"rendered":"<p>Mandato recheado de absurdos, acusa\u00e7\u00f5es e promessas de vit\u00f3rias por meio de intimida\u00e7\u00f5es caiu em desgra\u00e7a com eleitores norte-americanos<\/p>\n","protected":false},"author":1,"featured_media":0,"comment_status":"closed","ping_status":"open","sticky":false,"template":"","format":"standard","meta":{"_exactmetrics_skip_tracking":false,"_exactmetrics_sitenote_active":false,"_exactmetrics_sitenote_note":"","_exactmetrics_sitenote_category":0,"jetpack_post_was_ever_published":false,"_jetpack_newsletter_access":"","_jetpack_dont_email_post_to_subs":false,"_jetpack_newsletter_tier_id":0,"_jetpack_memberships_contains_paywalled_content":false,"_jetpack_memberships_contains_paid_content":false,"footnotes":"","jetpack_publicize_message":"","jetpack_publicize_feature_enabled":true,"jetpack_social_post_already_shared":true,"jetpack_social_options":{"image_generator_settings":{"template":"highway","enabled":false},"version":2}},"categories":[1],"tags":[],"class_list":["post-38755","post","type-post","status-publish","format-standard","hentry","category-notas"],"jetpack_publicize_connections":[],"jetpack_sharing_enabled":true,"jetpack_featured_media_url":"","jetpack_shortlink":"https:\/\/wp.me\/p7wKYW-a55","jetpack-related-posts":[],"_links":{"self":[{"href":"http:\/\/blogdalucianaoliveira.com.br\/blog\/wp-json\/wp\/v2\/posts\/38755","targetHints":{"allow":["GET"]}}],"collection":[{"href":"http:\/\/blogdalucianaoliveira.com.br\/blog\/wp-json\/wp\/v2\/posts"}],"about":[{"href":"http:\/\/blogdalucianaoliveira.com.br\/blog\/wp-json\/wp\/v2\/types\/post"}],"author":[{"embeddable":true,"href":"http:\/\/blogdalucianaoliveira.com.br\/blog\/wp-json\/wp\/v2\/users\/1"}],"replies":[{"embeddable":true,"href":"http:\/\/blogdalucianaoliveira.com.br\/blog\/wp-json\/wp\/v2\/comments?post=38755"}],"version-history":[{"count":1,"href":"http:\/\/blogdalucianaoliveira.com.br\/blog\/wp-json\/wp\/v2\/posts\/38755\/revisions"}],"predecessor-version":[{"id":38757,"href":"http:\/\/blogdalucianaoliveira.com.br\/blog\/wp-json\/wp\/v2\/posts\/38755\/revisions\/38757"}],"wp:attachment":[{"href":"http:\/\/blogdalucianaoliveira.com.br\/blog\/wp-json\/wp\/v2\/media?parent=38755"}],"wp:term":[{"taxonomy":"category","embeddable":true,"href":"http:\/\/blogdalucianaoliveira.com.br\/blog\/wp-json\/wp\/v2\/categories?post=38755"},{"taxonomy":"post_tag","embeddable":true,"href":"http:\/\/blogdalucianaoliveira.com.br\/blog\/wp-json\/wp\/v2\/tags?post=38755"}],"curies":[{"name":"wp","href":"https:\/\/api.w.org\/{rel}","templated":true}]}}