{"id":3876,"date":"2016-09-12T10:20:47","date_gmt":"2016-09-12T14:20:47","guid":{"rendered":"http:\/\/blogdalucianaoliveira.com.br\/blog\/?p=3876"},"modified":"2016-09-12T10:20:47","modified_gmt":"2016-09-12T14:20:47","slug":"no-dia-d-cunha-avisa-quem-julga-sera-julgado","status":"publish","type":"post","link":"http:\/\/blogdalucianaoliveira.com.br\/blog\/2016\/09\/12\/no-dia-d-cunha-avisa-quem-julga-sera-julgado\/","title":{"rendered":"NO DIA D, CUNHA AVISA: QUEM JULGA, SER\u00c1 JULGADO"},"content":{"rendered":"<p><img data-recalc-dims=\"1\" loading=\"lazy\" decoding=\"async\" data-attachment-id=\"3877\" data-permalink=\"http:\/\/blogdalucianaoliveira.com.br\/blog\/2016\/09\/12\/no-dia-d-cunha-avisa-quem-julga-sera-julgado\/image-862\/\" data-orig-file=\"https:\/\/i0.wp.com\/blogdalucianaoliveira.com.br\/blog\/wp-content\/uploads\/2016\/09\/image-67.jpeg?fit=470%2C313\" data-orig-size=\"470,313\" data-comments-opened=\"0\" data-image-meta=\"{&quot;aperture&quot;:&quot;0&quot;,&quot;credit&quot;:&quot;&quot;,&quot;camera&quot;:&quot;&quot;,&quot;caption&quot;:&quot;&quot;,&quot;created_timestamp&quot;:&quot;0&quot;,&quot;copyright&quot;:&quot;&quot;,&quot;focal_length&quot;:&quot;0&quot;,&quot;iso&quot;:&quot;0&quot;,&quot;shutter_speed&quot;:&quot;0&quot;,&quot;title&quot;:&quot;&quot;,&quot;orientation&quot;:&quot;0&quot;}\" data-image-title=\"image\" data-image-description=\"\" data-image-caption=\"\" data-medium-file=\"https:\/\/i0.wp.com\/blogdalucianaoliveira.com.br\/blog\/wp-content\/uploads\/2016\/09\/image-67.jpeg?fit=300%2C200\" data-large-file=\"https:\/\/i0.wp.com\/blogdalucianaoliveira.com.br\/blog\/wp-content\/uploads\/2016\/09\/image-67.jpeg?fit=470%2C313\" src=\"https:\/\/i0.wp.com\/blogdalucianaoliveira.com.br\/blog\/wp-content\/uploads\/2016\/09\/image-67.jpeg?resize=470%2C313\" alt=\"image\" width=\"470\" height=\"313\" class=\"alignnone size-full wp-image-3877\" srcset=\"https:\/\/i0.wp.com\/blogdalucianaoliveira.com.br\/blog\/wp-content\/uploads\/2016\/09\/image-67.jpeg?w=470 470w, https:\/\/i0.wp.com\/blogdalucianaoliveira.com.br\/blog\/wp-content\/uploads\/2016\/09\/image-67.jpeg?resize=300%2C200 300w, https:\/\/i0.wp.com\/blogdalucianaoliveira.com.br\/blog\/wp-content\/uploads\/2016\/09\/image-67.jpeg?resize=450%2C300 450w\" sizes=\"auto, (max-width: 470px) 100vw, 470px\" \/><\/p>\n<p>247 \u2013 O deputado afastado Eduardo Cunha (PMDB-RJ), que pode ser cassado nesta segunda-feira, perdendo assim os direitos pol\u00edticos e tamb\u00e9m o foro privilegiado, concedeu uma entrevista \u00e0 jornalista Daniela Lima (leia aqui), em que manda um recado para seus pares: &#8220;quem julga, ser\u00e1 julgado&#8221;.<!--more--><\/p>\n<p>&#8220;Se cassarem um ex-presidente da C\u00e2mara com uma situa\u00e7\u00e3o absurda, tendo um processo judicial em curso, amanh\u00e3 n\u00e3o poder\u00e3o cassar qualquer um? Isso \u00e9 amea\u00e7a ou \u00e9 constata\u00e7\u00e3o? Falam que fiz amea\u00e7a quando disse que mais de 160 parlamentares est\u00e3o sob investiga\u00e7\u00e3o, com inqu\u00e9rito, processo. Se eles forem julgados pelo texto da acusa\u00e7\u00e3o, n\u00e3o vai sobrar ningu\u00e9m&#8221;, diz ele.<\/p>\n<p>Cunha afirma, ainda, que sua cassa\u00e7\u00e3o refor\u00e7ar\u00e1 o discurso de que a presidente Dilma Rousseff foi v\u00edtima de um golpe. &#8220;O discurso do golpe precisa da minha cassa\u00e7\u00e3o, vai dar muni\u00e7\u00e3o para eles dizerem que o processo \u00e9 t\u00e3o deturpado que quem autorizou a abertura do impeachment foi cassado. Para eles, essa \u00e9 uma luta de vida ou morte. Sou o principal inimigo deles, o algoz. Existe um esp\u00edrito de vingan\u00e7a e eles querem consumar na vota\u00e7\u00e3o. N\u00e3o tenha d\u00favida: a minha cassa\u00e7\u00e3o vai representar o fortalecimento do discurso do golpe.&#8221;<\/p>\n<p>Temer ref\u00e9m do PSDB<\/p>\n<p>Ele tamb\u00e9m afirmou que Michel Temer hoje est\u00e1 numa armadilha e \u00e9 ref\u00e9m das for\u00e7as derrotadas na elei\u00e7\u00e3o presidencial de 2014. &#8220;Quando voc\u00ea quer fazer o programa do PSDB e do DEM, passa a impress\u00e3o de que quem est\u00e1 governando \u00e9 o PSDB e o DEM. De uma certa forma, est\u00e1 trazendo para si a falta de representatividade. Os que votaram em voc\u00ea n\u00e3o reconhecem isso e aqueles que votaram no programa PSDB\/DEM n\u00e3o entendem que o Michel \u00e9 o representante leg\u00edtimo para exercer isso. Nessas circunst\u00e2ncias, ele est\u00e1 numa armadilha.&#8221;<\/p>\n<p>Essa armadilha coloca os tucanos numa posi\u00e7\u00e3o confort\u00e1vel, avalia Cunha. &#8220;O PSDB adotou essa posi\u00e7\u00e3o de censor depois que se divulgou a ideia de que o Michel poderia ser candidato \u00e0 reelei\u00e7\u00e3o. Eles ficaram com a desconfian\u00e7a. N\u00e3o v\u00e3o ser s\u00f3cios de um governo que d\u00ea certo, porque se der certo o candidato \u00e9 o Michel. Se der errado, ser\u00e3o part\u00edcipes do fracasso. Ent\u00e3o eles v\u00e3o ficar nessa posi\u00e7\u00e3o. Votam o que for de interesse deles e criticam o que n\u00e3o for. Demarcaram uma diferen\u00e7a.&#8221;<\/p>\n<p>Ele tamb\u00e9m voltou a negar a possibilidade de dela\u00e7\u00e3o premiada e prometeu escrever um livro sobre o processo de impeachment. <\/p>\n","protected":false},"excerpt":{"rendered":"<p>247 \u2013 O deputado afastado Eduardo Cunha (PMDB-RJ), que pode ser cassado nesta segunda-feira, perdendo assim os direitos pol\u00edticos e tamb\u00e9m o foro privilegiado, concedeu uma entrevista \u00e0 jornalista Daniela Lima (leia aqui), em que manda um recado para seus pares: &#8220;quem julga, ser\u00e1 julgado&#8221;.<\/p>\n","protected":false},"author":1,"featured_media":0,"comment_status":"closed","ping_status":"open","sticky":false,"template":"","format":"standard","meta":{"_exactmetrics_skip_tracking":false,"_exactmetrics_sitenote_active":false,"_exactmetrics_sitenote_note":"","_exactmetrics_sitenote_category":0,"jetpack_post_was_ever_published":false,"_jetpack_newsletter_access":"","_jetpack_dont_email_post_to_subs":false,"_jetpack_newsletter_tier_id":0,"_jetpack_memberships_contains_paywalled_content":false,"_jetpack_memberships_contains_paid_content":false,"footnotes":"","jetpack_publicize_message":"","jetpack_publicize_feature_enabled":true,"jetpack_social_post_already_shared":true,"jetpack_social_options":{"image_generator_settings":{"template":"highway","enabled":false},"version":2}},"categories":[1],"tags":[],"class_list":["post-3876","post","type-post","status-publish","format-standard","hentry","category-notas"],"jetpack_publicize_connections":[],"jetpack_sharing_enabled":true,"jetpack_featured_media_url":"","jetpack_shortlink":"https:\/\/wp.me\/p7wKYW-10w","jetpack-related-posts":[],"_links":{"self":[{"href":"http:\/\/blogdalucianaoliveira.com.br\/blog\/wp-json\/wp\/v2\/posts\/3876","targetHints":{"allow":["GET"]}}],"collection":[{"href":"http:\/\/blogdalucianaoliveira.com.br\/blog\/wp-json\/wp\/v2\/posts"}],"about":[{"href":"http:\/\/blogdalucianaoliveira.com.br\/blog\/wp-json\/wp\/v2\/types\/post"}],"author":[{"embeddable":true,"href":"http:\/\/blogdalucianaoliveira.com.br\/blog\/wp-json\/wp\/v2\/users\/1"}],"replies":[{"embeddable":true,"href":"http:\/\/blogdalucianaoliveira.com.br\/blog\/wp-json\/wp\/v2\/comments?post=3876"}],"version-history":[{"count":2,"href":"http:\/\/blogdalucianaoliveira.com.br\/blog\/wp-json\/wp\/v2\/posts\/3876\/revisions"}],"predecessor-version":[{"id":3879,"href":"http:\/\/blogdalucianaoliveira.com.br\/blog\/wp-json\/wp\/v2\/posts\/3876\/revisions\/3879"}],"wp:attachment":[{"href":"http:\/\/blogdalucianaoliveira.com.br\/blog\/wp-json\/wp\/v2\/media?parent=3876"}],"wp:term":[{"taxonomy":"category","embeddable":true,"href":"http:\/\/blogdalucianaoliveira.com.br\/blog\/wp-json\/wp\/v2\/categories?post=3876"},{"taxonomy":"post_tag","embeddable":true,"href":"http:\/\/blogdalucianaoliveira.com.br\/blog\/wp-json\/wp\/v2\/tags?post=3876"}],"curies":[{"name":"wp","href":"https:\/\/api.w.org\/{rel}","templated":true}]}}