{"id":38764,"date":"2026-04-23T08:18:31","date_gmt":"2026-04-23T12:18:31","guid":{"rendered":"https:\/\/blogdalucianaoliveira.com.br\/blog\/?p=38764"},"modified":"2026-04-23T08:18:31","modified_gmt":"2026-04-23T12:18:31","slug":"sao-jorge-realmente-existiu-foi-santo-entenda-sua-historia-e-a-devocao-que-atravessa-seculos","status":"publish","type":"post","link":"http:\/\/blogdalucianaoliveira.com.br\/blog\/2026\/04\/23\/sao-jorge-realmente-existiu-foi-santo-entenda-sua-historia-e-a-devocao-que-atravessa-seculos\/","title":{"rendered":"S\u00e3o Jorge realmente existiu? Foi santo? Entenda sua hist\u00f3ria e a devo\u00e7\u00e3o que atravessa s\u00e9culos"},"content":{"rendered":"<p><img data-recalc-dims=\"1\" loading=\"lazy\" decoding=\"async\" data-attachment-id=\"38765\" data-permalink=\"http:\/\/blogdalucianaoliveira.com.br\/blog\/2026\/04\/23\/sao-jorge-realmente-existiu-foi-santo-entenda-sua-historia-e-a-devocao-que-atravessa-seculos\/img_1471\/\" data-orig-file=\"https:\/\/i0.wp.com\/blogdalucianaoliveira.com.br\/blog\/wp-content\/uploads\/2026\/04\/IMG_1471.webp?fit=610%2C380\" data-orig-size=\"610,380\" data-comments-opened=\"0\" data-image-meta=\"{&quot;aperture&quot;:&quot;0&quot;,&quot;credit&quot;:&quot;&quot;,&quot;camera&quot;:&quot;&quot;,&quot;caption&quot;:&quot;&quot;,&quot;created_timestamp&quot;:&quot;0&quot;,&quot;copyright&quot;:&quot;&quot;,&quot;focal_length&quot;:&quot;0&quot;,&quot;iso&quot;:&quot;0&quot;,&quot;shutter_speed&quot;:&quot;0&quot;,&quot;title&quot;:&quot;&quot;,&quot;orientation&quot;:&quot;0&quot;}\" data-image-title=\"IMG_1471\" data-image-description=\"\" data-image-caption=\"\" data-medium-file=\"https:\/\/i0.wp.com\/blogdalucianaoliveira.com.br\/blog\/wp-content\/uploads\/2026\/04\/IMG_1471.webp?fit=300%2C187\" data-large-file=\"https:\/\/i0.wp.com\/blogdalucianaoliveira.com.br\/blog\/wp-content\/uploads\/2026\/04\/IMG_1471.webp?fit=600%2C374\" class=\"alignleft size-full wp-image-38765\" src=\"https:\/\/i0.wp.com\/blogdalucianaoliveira.com.br\/blog\/wp-content\/uploads\/2026\/04\/IMG_1471.webp?resize=600%2C374\" alt=\"\" width=\"600\" height=\"374\" srcset=\"https:\/\/i0.wp.com\/blogdalucianaoliveira.com.br\/blog\/wp-content\/uploads\/2026\/04\/IMG_1471.webp?w=610 610w, https:\/\/i0.wp.com\/blogdalucianaoliveira.com.br\/blog\/wp-content\/uploads\/2026\/04\/IMG_1471.webp?resize=300%2C187 300w, https:\/\/i0.wp.com\/blogdalucianaoliveira.com.br\/blog\/wp-content\/uploads\/2026\/04\/IMG_1471.webp?resize=482%2C300 482w\" sizes=\"auto, (max-width: 600px) 100vw, 600px\" \/><\/p>\n<h2 class=\"article__lead\">Figura hist\u00f3rica envolta em mist\u00e9rio, o santo guerreiro mistura f\u00e9, tradi\u00e7\u00e3o e lenda \u2014 e inspira manifesta\u00e7\u00f5es culturais marcantes, como de Jorge Ben Jor<\/h2>\n<p><!--more--><b>247 \u2013<\/b> Celebrado em 23 de abril por milh\u00f5es de devotos no Brasil e no mundo, S\u00e3o Jorge \u00e9 uma das figuras mais populares do cristianismo \u2014 mas tamb\u00e9m uma das mais envoltas em d\u00favidas hist\u00f3ricas. A pergunta que atravessa s\u00e9culos permanece atual: afinal, S\u00e3o Jorge realmente existiu? Foi de fato um santo? E como sua imagem se tornou t\u00e3o poderosa a ponto de influenciar at\u00e9 a m\u00fasica popular brasileira?<\/p>\n<p>A devo\u00e7\u00e3o ao chamado \u201csanto guerreiro\u201d combina elementos hist\u00f3ricos, religiosos e simb\u00f3licos, criando um personagem que ultrapassa a pr\u00f3pria biografia e se transforma em um arqu\u00e9tipo universal de coragem e resist\u00eancia.<\/p>\n<div class=\"marginBottom30\">\n<div class=\"ad ad--center marginBottom0\">\n<div id=\"b247-multipage-video-1\" data-google-query-id=\"COv9u6T5g5QDFSg8uQYd2gAEiA\">\n<div id=\"google_ads_iframe_\/55115104\/b247-multipage-video-1_0__container__\"><\/div>\n<div id=\"notsy_container_855132964\" class=\"B24_VIDEO_GAM\" data-notsy-container-index=\"1\" data-notsy-mapped-container=\"1\"><\/div>\n<\/div>\n<\/div>\n<\/div>\n<h2>Entre a hist\u00f3ria e a tradi\u00e7\u00e3o<\/h2>\n<p>A origem de S\u00e3o Jorge remonta ao per\u00edodo do Imp\u00e9rio Romano, possivelmente no s\u00e9culo III. Segundo a tradi\u00e7\u00e3o crist\u00e3, ele teria sido um soldado romano que serviu sob o imperador Diocleciano, conhecido por promover uma das mais violentas persegui\u00e7\u00f5es aos crist\u00e3os.<\/p>\n<p>De acordo com os relatos transmitidos ao longo dos s\u00e9culos, Jorge se recusou a renunciar \u00e0 f\u00e9 crist\u00e3 e acabou sendo executado por isso, tornando-se um m\u00e1rtir. Essa narrativa \u00e9 a base de sua venera\u00e7\u00e3o.<\/p>\n<p>No entanto, historiadores apontam que h\u00e1 um problema central: faltam registros hist\u00f3ricos contempor\u00e2neos confi\u00e1veis que comprovem sua exist\u00eancia de forma inequ\u00edvoca. As primeiras narrativas mais detalhadas sobre sua vida surgiram apenas s\u00e9culos depois de sua suposta morte.<\/p>\n<p>Ainda assim, muitos estudiosos consideram plaus\u00edvel que tenha existido um militar crist\u00e3o chamado Jorge, cuja hist\u00f3ria foi ampliada e reinterpretada pela tradi\u00e7\u00e3o oral e religiosa.<\/p>\n<h2>O drag\u00e3o: s\u00edmbolo, n\u00e3o realidade<\/h2>\n<p>A imagem mais conhecida de S\u00e3o Jorge \u2014 montado em um cavalo, enfrentando um drag\u00e3o \u2014 n\u00e3o pertence aos relatos originais. Essa representa\u00e7\u00e3o surgiu na Idade M\u00e9dia e rapidamente se popularizou na Europa.<\/p>\n<p>Trata-se de uma alegoria poderosa: o drag\u00e3o simboliza o mal, a opress\u00e3o ou o pecado, enquanto Jorge representa a f\u00e9 e a coragem diante das adversidades.<\/p>\n<p>Essa constru\u00e7\u00e3o simb\u00f3lica foi essencial para consolidar sua imagem como um guerreiro espiritual, ampliando sua influ\u00eancia muito al\u00e9m da religi\u00e3o.<\/p>\n<h2>Reconhecimento pela Igreja e controv\u00e9rsias<\/h2>\n<p>S\u00e3o Jorge foi reconhecido como santo pela tradi\u00e7\u00e3o crist\u00e3, especialmente nos primeiros s\u00e9culos da Igreja. Sua venera\u00e7\u00e3o se espalhou por diferentes regi\u00f5es, incluindo Europa, Oriente M\u00e9dio e Norte da \u00c1frica.<\/p>\n<p>No entanto, a falta de documenta\u00e7\u00e3o hist\u00f3rica robusta levou a uma revis\u00e3o importante no s\u00e9culo XX. Em 1969, o Vaticano reformulou o calend\u00e1rio lit\u00fargico e classificou S\u00e3o Jorge como um santo de historicidade incerta.<\/p>\n<p>Isso n\u00e3o significou sua exclus\u00e3o, mas indicou que sua canoniza\u00e7\u00e3o est\u00e1 mais ligada \u00e0 tradi\u00e7\u00e3o e \u00e0 devo\u00e7\u00e3o popular do que a provas documentais rigorosas.<\/p>\n<h2>Devo\u00e7\u00e3o no Brasil e sincretismo religioso<\/h2>\n<p>No Brasil, S\u00e3o Jorge ganhou uma dimens\u00e3o ainda mais ampla. Ele \u00e9 especialmente venerado no Rio de Janeiro, onde o dia 23 de abril \u00e9 feriado estadual.<\/p>\n<p>A for\u00e7a dessa devo\u00e7\u00e3o tamb\u00e9m est\u00e1 ligada ao sincretismo religioso. Em religi\u00f5es de matriz africana, como a Umbanda e o Candombl\u00e9, S\u00e3o Jorge \u00e9 associado a Ogum, orix\u00e1 da guerra, da tecnologia e da abertura de caminhos.<\/p>\n<p>Essa fus\u00e3o cultural ajudou a consolidar sua imagem como s\u00edmbolo de prote\u00e7\u00e3o, luta e supera\u00e7\u00e3o, especialmente entre as camadas populares.<\/p>\n<h2>Jorge Ben Jor e o santo guerreiro na m\u00fasica brasileira<\/h2>\n<p>A influ\u00eancia de S\u00e3o Jorge ultrapassa o campo religioso e chega com for\u00e7a \u00e0 cultura popular. Um dos maiores respons\u00e1veis por isso \u00e9 o cantor e compositor Jorge Ben Jor, que transformou o santo em tema recorrente de sua obra.<\/p>\n<p>Na can\u00e7\u00e3o <i>\u201cJorge da Capad\u00f3cia\u201d<\/i>, uma de suas mais emblem\u00e1ticas, Ben Jor incorpora elementos da ora\u00e7\u00e3o de S\u00e3o Jorge, criando uma conex\u00e3o direta entre m\u00fasica, f\u00e9 e identidade cultural. A letra traz versos que ecoam a devo\u00e7\u00e3o popular:<\/p>\n<blockquote><p><i>&#8220;Eu sou Jorge da Capad\u00f3cia Sou filho de Ogum Eu sou Jorge da Capad\u00f3cia Sou filho de Ogum&#8221;<\/i><\/p><\/blockquote>\n<p>A m\u00fasica mistura refer\u00eancias do catolicismo com o universo afro-brasileiro, refletindo exatamente o sincretismo que marca a devo\u00e7\u00e3o ao santo no Brasil.<\/p>\n<p>Outra faixa importante \u00e9 <i>\u201cZumbi\u201d<\/i>, em que Jorge Ben Jor refor\u00e7a a conex\u00e3o entre resist\u00eancia, ancestralidade e espiritualidade, elementos frequentemente associados \u00e0 figura de S\u00e3o Jorge\/Ogum.<\/p>\n<p>Ao longo de sua carreira, o artista ajudou a consolidar a imagem do santo guerreiro como s\u00edmbolo n\u00e3o apenas religioso, mas tamb\u00e9m cultural e identit\u00e1rio.<\/p>\n<h2>Um s\u00edmbolo que supera a hist\u00f3ria<\/h2>\n<p>Diante das incertezas hist\u00f3ricas, S\u00e3o Jorge permanece como uma figura singular: ao mesmo tempo poss\u00edvel personagem real e constru\u00e7\u00e3o simb\u00f3lica poderosa.<\/p>\n<p>Se existiu exatamente como descrito pela tradi\u00e7\u00e3o, talvez nunca se saiba com certeza. Mas sua perman\u00eancia ao longo dos s\u00e9culos revela algo ainda mais relevante: a for\u00e7a de um s\u00edmbolo que representa coragem, f\u00e9 e resist\u00eancia diante das adversidades.<\/p>\n<p>No Brasil, essa for\u00e7a se manifesta nas ruas, nas igrejas, nos terreiros e na m\u00fasica \u2014 mostrando que, mais do que um personagem hist\u00f3rico, S\u00e3o Jorge se tornou parte viva da cultura e da espiritualidade do pa\u00eds.<\/p>\n<p>Salve Jorge! E viva Jorge Ben!<\/p>\n<p><a href=\"https:\/\/youtu.be\/8EXtwBdH2Gk\">https:\/\/youtu.be\/8EXtwBdH2Gk<\/a><\/p>\n","protected":false},"excerpt":{"rendered":"<p>Figura hist\u00f3rica envolta em mist\u00e9rio, o santo guerreiro mistura f\u00e9, tradi\u00e7\u00e3o e lenda \u2014 e inspira manifesta\u00e7\u00f5es culturais marcantes, como de Jorge Ben Jor<\/p>\n","protected":false},"author":1,"featured_media":0,"comment_status":"closed","ping_status":"open","sticky":false,"template":"","format":"standard","meta":{"_exactmetrics_skip_tracking":false,"_exactmetrics_sitenote_active":false,"_exactmetrics_sitenote_note":"","_exactmetrics_sitenote_category":0,"jetpack_post_was_ever_published":false,"_jetpack_newsletter_access":"","_jetpack_dont_email_post_to_subs":false,"_jetpack_newsletter_tier_id":0,"_jetpack_memberships_contains_paywalled_content":false,"_jetpack_memberships_contains_paid_content":false,"footnotes":"","jetpack_publicize_message":"","jetpack_publicize_feature_enabled":true,"jetpack_social_post_already_shared":true,"jetpack_social_options":{"image_generator_settings":{"template":"highway","enabled":false},"version":2}},"categories":[1],"tags":[],"class_list":["post-38764","post","type-post","status-publish","format-standard","hentry","category-notas"],"jetpack_publicize_connections":[],"jetpack_sharing_enabled":true,"jetpack_featured_media_url":"","jetpack_shortlink":"https:\/\/wp.me\/p7wKYW-a5e","jetpack-related-posts":[],"_links":{"self":[{"href":"http:\/\/blogdalucianaoliveira.com.br\/blog\/wp-json\/wp\/v2\/posts\/38764","targetHints":{"allow":["GET"]}}],"collection":[{"href":"http:\/\/blogdalucianaoliveira.com.br\/blog\/wp-json\/wp\/v2\/posts"}],"about":[{"href":"http:\/\/blogdalucianaoliveira.com.br\/blog\/wp-json\/wp\/v2\/types\/post"}],"author":[{"embeddable":true,"href":"http:\/\/blogdalucianaoliveira.com.br\/blog\/wp-json\/wp\/v2\/users\/1"}],"replies":[{"embeddable":true,"href":"http:\/\/blogdalucianaoliveira.com.br\/blog\/wp-json\/wp\/v2\/comments?post=38764"}],"version-history":[{"count":1,"href":"http:\/\/blogdalucianaoliveira.com.br\/blog\/wp-json\/wp\/v2\/posts\/38764\/revisions"}],"predecessor-version":[{"id":38766,"href":"http:\/\/blogdalucianaoliveira.com.br\/blog\/wp-json\/wp\/v2\/posts\/38764\/revisions\/38766"}],"wp:attachment":[{"href":"http:\/\/blogdalucianaoliveira.com.br\/blog\/wp-json\/wp\/v2\/media?parent=38764"}],"wp:term":[{"taxonomy":"category","embeddable":true,"href":"http:\/\/blogdalucianaoliveira.com.br\/blog\/wp-json\/wp\/v2\/categories?post=38764"},{"taxonomy":"post_tag","embeddable":true,"href":"http:\/\/blogdalucianaoliveira.com.br\/blog\/wp-json\/wp\/v2\/tags?post=38764"}],"curies":[{"name":"wp","href":"https:\/\/api.w.org\/{rel}","templated":true}]}}