{"id":38767,"date":"2026-04-23T08:21:31","date_gmt":"2026-04-23T12:21:31","guid":{"rendered":"https:\/\/blogdalucianaoliveira.com.br\/blog\/?p=38767"},"modified":"2026-04-23T08:21:31","modified_gmt":"2026-04-23T12:21:31","slug":"ccj-aprova-admissibilidade-de-propostas-que-acabam-com-escala-6x1","status":"publish","type":"post","link":"http:\/\/blogdalucianaoliveira.com.br\/blog\/2026\/04\/23\/ccj-aprova-admissibilidade-de-propostas-que-acabam-com-escala-6x1\/","title":{"rendered":"CCJ aprova admissibilidade de propostas que acabam com escala 6&#215;1"},"content":{"rendered":"<p><img data-recalc-dims=\"1\" loading=\"lazy\" decoding=\"async\" data-attachment-id=\"38768\" data-permalink=\"http:\/\/blogdalucianaoliveira.com.br\/blog\/2026\/04\/23\/ccj-aprova-admissibilidade-de-propostas-que-acabam-com-escala-6x1\/img_1472\/\" data-orig-file=\"https:\/\/i0.wp.com\/blogdalucianaoliveira.com.br\/blog\/wp-content\/uploads\/2026\/04\/IMG_1472.webp?fit=1170%2C700\" data-orig-size=\"1170,700\" data-comments-opened=\"0\" data-image-meta=\"{&quot;aperture&quot;:&quot;0&quot;,&quot;credit&quot;:&quot;&quot;,&quot;camera&quot;:&quot;&quot;,&quot;caption&quot;:&quot;&quot;,&quot;created_timestamp&quot;:&quot;0&quot;,&quot;copyright&quot;:&quot;&quot;,&quot;focal_length&quot;:&quot;0&quot;,&quot;iso&quot;:&quot;0&quot;,&quot;shutter_speed&quot;:&quot;0&quot;,&quot;title&quot;:&quot;&quot;,&quot;orientation&quot;:&quot;0&quot;}\" data-image-title=\"IMG_1472\" data-image-description=\"\" data-image-caption=\"\" data-medium-file=\"https:\/\/i0.wp.com\/blogdalucianaoliveira.com.br\/blog\/wp-content\/uploads\/2026\/04\/IMG_1472.webp?fit=300%2C179\" data-large-file=\"https:\/\/i0.wp.com\/blogdalucianaoliveira.com.br\/blog\/wp-content\/uploads\/2026\/04\/IMG_1472.webp?fit=600%2C359\" class=\"alignleft size-full wp-image-38768\" src=\"https:\/\/i0.wp.com\/blogdalucianaoliveira.com.br\/blog\/wp-content\/uploads\/2026\/04\/IMG_1472.webp?resize=600%2C359\" alt=\"\" width=\"600\" height=\"359\" srcset=\"https:\/\/i0.wp.com\/blogdalucianaoliveira.com.br\/blog\/wp-content\/uploads\/2026\/04\/IMG_1472.webp?w=1170 1170w, https:\/\/i0.wp.com\/blogdalucianaoliveira.com.br\/blog\/wp-content\/uploads\/2026\/04\/IMG_1472.webp?resize=300%2C179 300w, https:\/\/i0.wp.com\/blogdalucianaoliveira.com.br\/blog\/wp-content\/uploads\/2026\/04\/IMG_1472.webp?resize=1024%2C613 1024w, https:\/\/i0.wp.com\/blogdalucianaoliveira.com.br\/blog\/wp-content\/uploads\/2026\/04\/IMG_1472.webp?resize=768%2C459 768w, https:\/\/i0.wp.com\/blogdalucianaoliveira.com.br\/blog\/wp-content\/uploads\/2026\/04\/IMG_1472.webp?resize=501%2C300 501w\" sizes=\"auto, (max-width: 600px) 100vw, 600px\" \/><\/p>\n<p>PECs ser\u00e3o analisadas por comiss\u00e3o especial e pelo plen\u00e1rio da C\u00e2mara<!--more--><\/p>\n<p><strong>Ag\u00eancia Brasil &#8211; A Comiss\u00e3o de Constitui\u00e7\u00e3o e Justi\u00e7a e de Cidadania (CCJ) da C\u00e2mara dos Deputados aprovou nesta quarta-feira (22) a admissibilidade de duas propostas de emenda \u00e0 Constitui\u00e7\u00e3o (PECs) que reduzem a jornada de trabalho no pa\u00eds.<\/strong><img data-recalc-dims=\"1\" decoding=\"async\" src=\"https:\/\/i0.wp.com\/agenciabrasil.ebc.com.br\/ebc.png?w=600&#038;ssl=1\" \/><img data-recalc-dims=\"1\" decoding=\"async\" src=\"https:\/\/i0.wp.com\/agenciabrasil.ebc.com.br\/ebc.gif?w=600&#038;ssl=1\" \/><\/p>\n<p>Na pr\u00e1tica, as PECs acabam com a escala de seis dias de trabalho por um de descanso (6&#215;1). Os textos ser\u00e3o agora analisados por uma comiss\u00e3o especial e depois ir\u00e3o a plen\u00e1rio.<\/p>\n<p>A PEC 221\/19, do deputado Reginaldo Lopes (PT-MG), prop\u00f5e reduzir a jornada semanal gradualmente das atuais 44 para 36 horas. A transi\u00e7\u00e3o se daria ao longo de dez anos.<\/p>\n<p>A proposta apensada (PEC 8\/25), da deputada Erika Hilton (Psol-SP), prev\u00ea uma escala de quatro dias de trabalho por semana, com limite de 36 horas no per\u00edodo.<\/p>\n<p><strong>As duas propostas ganharam for\u00e7a com o movimento &#8220;Vida Al\u00e9m do Trabalho&#8221;, que busca o fim da escala 6&#215;1 para melhorar a sa\u00fade mental e a qualidade de vida dos trabalhadores. <\/strong>A admiss\u00e3o das propostas foi aprovada por unanimidade em vota\u00e7\u00e3o simb\u00f3lica.<\/p>\n<p>A CCJ s\u00f3 analisa se os textos est\u00e3o aderentes \u00e0 Constitui\u00e7\u00e3o Federal. O m\u00e9rito caber\u00e1 \u00e0 comiss\u00e3o especial.<\/p>\n<p>Atualmente, a Constitui\u00e7\u00e3o Federal estabelece apenas que a jornada normal do trabalhador n\u00e3o deve ser superior a oito horas di\u00e1rias e 44 horas semanais.<\/p>\n<h2>Proposta do governo<\/h2>\n<p><strong>Como essa tramita\u00e7\u00e3o pode se estender por meses, e diante da tentativa da oposi\u00e7\u00e3o de barrar a PEC, o presidente Luiz In\u00e1cio Lula da Silva <a href=\"https:\/\/agenciabrasil.ebc.com.br\/economia\/noticia\/2026-04\/lula-envia-ao-congresso-projeto-de-lei-pelo-fim-da-escala-6x1\">enviou ao Congresso, na semana passada<\/a>, um projeto de lei (PL) com urg\u00eancia constitucional para acabar com a escala 6&#215;1 e reduzir a jornada de 44 para 40 horas semanais.<\/strong><\/p>\n<p>O PL com urg\u00eancia precisa ser votado em at\u00e9 45 dias ou tranca a pauta do plen\u00e1rio da C\u00e2mara.<\/p>\n<p>O presidente da C\u00e2mara dos Deputados, Hugo Motta (Republicanos-PB) comentou que \u00e9 prerrogativa do governo federal enviar um PL com urg\u00eancia constitucional, mas a C\u00e2mara vai seguir com a tramita\u00e7\u00e3o da PEC.<\/p>\n<p>O governo tem defendido que a proposta do Executivo n\u00e3o compete com a PEC em tramita\u00e7\u00e3o na C\u00e2mara, segundo explicou o ministro do Trabalho e Emprego, Luiz Marinho.<\/p>\n<blockquote><p>\u201cSe a PEC for aprovada nesse prazo, evidentemente que o PL est\u00e1 prejudicado, n\u00e3o h\u00e1 mais necessidade. Mas o rito da PEC \u00e9 mais demorado do que o PL. O PL vai avan\u00e7ar e pode ser que entre em vigor a redu\u00e7\u00e3o de jornada de trabalho e depois se consolide por PEC para impedir eventuais aventureiros do futuro quererem aumentar a jornada como aconteceu na Argentina\u201d, explicou Marinho.<\/p><\/blockquote>\n<p>Quando a PEC for a plen\u00e1rio, ser\u00e1 exigido um qu\u00f3rum de tr\u00eas quintos dos votos dos deputados, o que corresponde a 308 parlamentares, em dois turnos de vota\u00e7\u00e3o.<\/p>\n<p>&nbsp;<\/p>\n","protected":false},"excerpt":{"rendered":"<p>PECs ser\u00e3o analisadas por comiss\u00e3o especial e pelo plen\u00e1rio da C\u00e2mara<\/p>\n","protected":false},"author":1,"featured_media":0,"comment_status":"closed","ping_status":"open","sticky":false,"template":"","format":"standard","meta":{"_exactmetrics_skip_tracking":false,"_exactmetrics_sitenote_active":false,"_exactmetrics_sitenote_note":"","_exactmetrics_sitenote_category":0,"jetpack_post_was_ever_published":false,"_jetpack_newsletter_access":"","_jetpack_dont_email_post_to_subs":false,"_jetpack_newsletter_tier_id":0,"_jetpack_memberships_contains_paywalled_content":false,"_jetpack_memberships_contains_paid_content":false,"footnotes":"","jetpack_publicize_message":"","jetpack_publicize_feature_enabled":true,"jetpack_social_post_already_shared":true,"jetpack_social_options":{"image_generator_settings":{"template":"highway","enabled":false},"version":2}},"categories":[1],"tags":[],"class_list":["post-38767","post","type-post","status-publish","format-standard","hentry","category-notas"],"jetpack_publicize_connections":[],"jetpack_sharing_enabled":true,"jetpack_featured_media_url":"","jetpack_shortlink":"https:\/\/wp.me\/p7wKYW-a5h","jetpack-related-posts":[],"_links":{"self":[{"href":"http:\/\/blogdalucianaoliveira.com.br\/blog\/wp-json\/wp\/v2\/posts\/38767","targetHints":{"allow":["GET"]}}],"collection":[{"href":"http:\/\/blogdalucianaoliveira.com.br\/blog\/wp-json\/wp\/v2\/posts"}],"about":[{"href":"http:\/\/blogdalucianaoliveira.com.br\/blog\/wp-json\/wp\/v2\/types\/post"}],"author":[{"embeddable":true,"href":"http:\/\/blogdalucianaoliveira.com.br\/blog\/wp-json\/wp\/v2\/users\/1"}],"replies":[{"embeddable":true,"href":"http:\/\/blogdalucianaoliveira.com.br\/blog\/wp-json\/wp\/v2\/comments?post=38767"}],"version-history":[{"count":1,"href":"http:\/\/blogdalucianaoliveira.com.br\/blog\/wp-json\/wp\/v2\/posts\/38767\/revisions"}],"predecessor-version":[{"id":38769,"href":"http:\/\/blogdalucianaoliveira.com.br\/blog\/wp-json\/wp\/v2\/posts\/38767\/revisions\/38769"}],"wp:attachment":[{"href":"http:\/\/blogdalucianaoliveira.com.br\/blog\/wp-json\/wp\/v2\/media?parent=38767"}],"wp:term":[{"taxonomy":"category","embeddable":true,"href":"http:\/\/blogdalucianaoliveira.com.br\/blog\/wp-json\/wp\/v2\/categories?post=38767"},{"taxonomy":"post_tag","embeddable":true,"href":"http:\/\/blogdalucianaoliveira.com.br\/blog\/wp-json\/wp\/v2\/tags?post=38767"}],"curies":[{"name":"wp","href":"https:\/\/api.w.org\/{rel}","templated":true}]}}