{"id":38776,"date":"2026-04-27T06:26:13","date_gmt":"2026-04-27T10:26:13","guid":{"rendered":"https:\/\/blogdalucianaoliveira.com.br\/blog\/?p=38776"},"modified":"2026-04-27T06:26:13","modified_gmt":"2026-04-27T10:26:13","slug":"cientistas-criam-painel-para-orientar-transicao-energetica-global","status":"publish","type":"post","link":"http:\/\/blogdalucianaoliveira.com.br\/blog\/2026\/04\/27\/cientistas-criam-painel-para-orientar-transicao-energetica-global\/","title":{"rendered":"Cientistas criam painel para orientar transi\u00e7\u00e3o energ\u00e9tica global"},"content":{"rendered":"<p><img data-recalc-dims=\"1\" loading=\"lazy\" decoding=\"async\" data-attachment-id=\"38777\" data-permalink=\"http:\/\/blogdalucianaoliveira.com.br\/blog\/2026\/04\/27\/cientistas-criam-painel-para-orientar-transicao-energetica-global\/img_1712\/\" data-orig-file=\"https:\/\/i0.wp.com\/blogdalucianaoliveira.com.br\/blog\/wp-content\/uploads\/2026\/04\/IMG_1712.webp?fit=1170%2C700\" data-orig-size=\"1170,700\" data-comments-opened=\"0\" data-image-meta=\"{&quot;aperture&quot;:&quot;0&quot;,&quot;credit&quot;:&quot;&quot;,&quot;camera&quot;:&quot;&quot;,&quot;caption&quot;:&quot;&quot;,&quot;created_timestamp&quot;:&quot;0&quot;,&quot;copyright&quot;:&quot;&quot;,&quot;focal_length&quot;:&quot;0&quot;,&quot;iso&quot;:&quot;0&quot;,&quot;shutter_speed&quot;:&quot;0&quot;,&quot;title&quot;:&quot;&quot;,&quot;orientation&quot;:&quot;0&quot;}\" data-image-title=\"IMG_1712\" data-image-description=\"\" data-image-caption=\"\" data-medium-file=\"https:\/\/i0.wp.com\/blogdalucianaoliveira.com.br\/blog\/wp-content\/uploads\/2026\/04\/IMG_1712.webp?fit=300%2C179\" data-large-file=\"https:\/\/i0.wp.com\/blogdalucianaoliveira.com.br\/blog\/wp-content\/uploads\/2026\/04\/IMG_1712.webp?fit=600%2C359\" class=\"alignleft size-full wp-image-38777\" src=\"https:\/\/i0.wp.com\/blogdalucianaoliveira.com.br\/blog\/wp-content\/uploads\/2026\/04\/IMG_1712.webp?resize=600%2C359\" alt=\"\" width=\"600\" height=\"359\" srcset=\"https:\/\/i0.wp.com\/blogdalucianaoliveira.com.br\/blog\/wp-content\/uploads\/2026\/04\/IMG_1712.webp?w=1170 1170w, https:\/\/i0.wp.com\/blogdalucianaoliveira.com.br\/blog\/wp-content\/uploads\/2026\/04\/IMG_1712.webp?resize=300%2C179 300w, https:\/\/i0.wp.com\/blogdalucianaoliveira.com.br\/blog\/wp-content\/uploads\/2026\/04\/IMG_1712.webp?resize=1024%2C613 1024w, https:\/\/i0.wp.com\/blogdalucianaoliveira.com.br\/blog\/wp-content\/uploads\/2026\/04\/IMG_1712.webp?resize=768%2C459 768w, https:\/\/i0.wp.com\/blogdalucianaoliveira.com.br\/blog\/wp-content\/uploads\/2026\/04\/IMG_1712.webp?resize=501%2C300 501w\" sizes=\"auto, (max-width: 600px) 100vw, 600px\" \/><\/p>\n<h2 class=\"elementor-heading-title elementor-size-default\">Iniciativa foi lan\u00e7ada durante Confer\u00eancia em Santa Marta, na Col\u00f4mbia<\/h2>\n<p><!--more--><\/p>\n<div class=\"elementor-element elementor-element-8136daa elementor-widget elementor-widget-theme-post-content\" data-id=\"8136daa\" data-element_type=\"widget\" data-e-type=\"widget\" data-widget_type=\"theme-post-content.default\">\n<div class=\"elementor-widget-container\">\n<p>Um grupo de cientistas de diferentes \u00e1reas \u2013 como clima, economia e tecnologia \u2013 anunciou a cria\u00e7\u00e3o do Painel Cient\u00edfico para a Transi\u00e7\u00e3o Energ\u00e9tica Global (SPGET) nesse s\u00e1bado (25), durante a Primeira Confer\u00eancia Internacional sobre a Transi\u00e7\u00e3o para Longe dos <a href=\"https:\/\/www.brasildefato.com.br\/2026\/04\/24\/em-meio-a-crise-do-petroleo-paises-discutem-na-colombia-caminho-para-o-fim-do-uso-de-combustiveis-fosseis\/\">Combust\u00edveis F\u00f3sseis<\/a>, realizada em Santa Marta, Col\u00f4mbia.<\/p>\n<div id=\"bdf-2149448807\" class=\"bdf-apos-paragrafo-1 bdf-entity-placement\">\n<div id=\"bdf-212620276\" class=\"bdf-target bdf-target\" data-bdf-trackid=\"878877\" data-bdf-trackbid=\"1\">\n<div id=\"div-gpt-ad-artigos-medium_incontent_1\" class=\"ad-slot\"><\/div>\n<div id=\"div-gpt-ad-artigos-mobile_rectangle_mobile_1\" class=\"ad-slot\"><\/div>\n<\/div>\n<\/div>\n<div id=\"bdf-1880946724\" class=\"bdf-apos-paragrafo-7 bdf-entity-placement\">\n<div id=\"bdf-2565188527\" class=\"bdf-target bdf-target\" data-bdf-trackid=\"923848\" data-bdf-trackbid=\"1\">\n<div id=\"div-gpt-ad-artigos-medium_incontent_4\" class=\"ad-slot\"><\/div>\n<div id=\"div-gpt-ad-artigos-mobile_rectangle_mobile_4\" class=\"ad-slot\"><\/div>\n<\/div>\n<\/div>\n<p>O objetivo \u00e9 assessorar governos na transi\u00e7\u00e3o energ\u00e9tica global e produzir recomenda\u00e7\u00f5es baseadas em evid\u00eancias para orientar pol\u00edticas p\u00fablicas e a\u00e7\u00f5es concretas rumo \u00e0 descarboniza\u00e7\u00e3o.<\/p>\n<p>O an\u00fancio contou com a presen\u00e7a de nomes de destaque da ci\u00eancia internacional, como os brasileiros Carlos Nobre, refer\u00eancia em estudos sobre a Amaz\u00f4nia, e Gilberto Jannuzzi, da Universidade Estadual de Campinas (Unicamp), e o sueco Johan Rockstr\u00f6m, diretor do Instituto Potsdam para Pesquisa de Impacto Clim\u00e1tico.<\/p>\n<p>\u201cA transi\u00e7\u00e3o energ\u00e9tica \u00e9 complexa e envolve economia, meio ambiente e justi\u00e7a social. A ci\u00eancia pode atuar como ponte entre pa\u00edses que avan\u00e7am mais r\u00e1pido e aqueles que ainda est\u00e3o hesitantes. O painel \u00e9 uma forma de integrar todos gradualmente\u201d, disse Rockstr\u00f6m.<\/p>\n<div id=\"bdf-3074235110\" class=\"bdf-apos-paragrafo-3 bdf-entity-placement\">\n<div id=\"bdf-1087107895\" class=\"bdf-target bdf-target\" data-bdf-trackid=\"878842\" data-bdf-trackbid=\"1\">\n<div id=\"div-gpt-ad-artigos-medium_incontent_2\" class=\"ad-slot\"><\/div>\n<div id=\"div-gpt-ad-artigos-mobile_rectangle_mobile_2\" class=\"ad-slot\"><\/div>\n<\/div>\n<\/div>\n<p>Tamb\u00e9m esteve presente a ministra do Meio Ambiente da Col\u00f4mbia, <a href=\"https:\/\/www.brasildefato.com.br\/2026\/02\/22\/ministra-do-ambiente-de-petro-ve-risco-para-amazonia-se-progressistas-perderem-eleicoes-na-colombia-e-no-brasil\/\">Irene V\u00e9lez Torres<\/a>, que defendeu a iniciativa por responder a uma lacuna hist\u00f3rica.<\/p>\n<div id=\"bdf-351016451\" class=\"bdf-apos-paragrafo-5 bdf-entity-placement\">\n<div id=\"bdf-4159948356\" class=\"bdf-target bdf-target\" data-bdf-trackid=\"923846\" data-bdf-trackbid=\"1\">\n<div id=\"div-gpt-ad-artigos-medium_incontent_3\" class=\"ad-slot\"><\/div>\n<div id=\"div-gpt-ad-artigos-mobile_rectangle_mobile_3\" class=\"ad-slot\"><\/div>\n<\/div>\n<\/div>\n<p>\u201cEste painel n\u00e3o s\u00f3 repara uma d\u00edvida ao criar, pela primeira vez, um organismo dedicado \u00e0 supera\u00e7\u00e3o dos combust\u00edveis f\u00f3sseis, como tamb\u00e9m discute outros desafios sociais e econ\u00f4micos dessa transforma\u00e7\u00e3o\u201d, disse Irene.<\/p>\n<p>\u201c\u00c9 o primeiro concebido para reunir, ao longo dos pr\u00f3ximos cinco anos, as evid\u00eancias cient\u00edficas que permitir\u00e3o que cidades, regi\u00f5es, pa\u00edses e coaliz\u00f5es deem esse grande salto\u201d, completou.<\/p>\n<p>O painel tamb\u00e9m pretende fortalecer a articula\u00e7\u00e3o entre academia e governos, e contribuir para a constru\u00e7\u00e3o de estrat\u00e9gias coordenadas de redu\u00e7\u00e3o das emiss\u00f5es de gases de efeito estufa. A proposta inclui a elabora\u00e7\u00e3o de recomenda\u00e7\u00f5es t\u00e9cnicas, acompanhamento de pol\u00edticas e integra\u00e7\u00e3o com processos internacionais, como a COP30, presidida pelo Brasil.<\/p>\n<p>Segundo o coordenador do Observat\u00f3rio do Clima, Claudio Angelo, a ideia \u00e9 que a ci\u00eancia volte para o lugar de primazia como orientadora das decis\u00f5es pol\u00edticas que precisam ser tomadas sobre clima e meio ambiente.<\/p>\n<p>\u201cIsso parece \u00f3bvio, mas vem sendo um pouco esquecido no \u00e2mbito da Conven\u00e7\u00e3o do Clima. Antigamente, todos os grandes encontros para debater mudan\u00e7a clim\u00e1tica, como a Eco-92, come\u00e7aram sob a \u00e9gide de algum relat\u00f3rio do IPCC, o Painel Intergovernamental sobre Mudan\u00e7a Clim\u00e1tica\u201d, disse Claudio.<\/p>\n<p>\u201cIsso deixou de acontecer de uns anos para c\u00e1. A gente chegou ao c\u00famulo de em 2018, na COP24, um grande relat\u00f3rio do IPCC, que tinha sido inclusive encomendado pela Conven\u00e7\u00e3o do Clima, ter sido relegado a uma nota de rodap\u00e9 na decis\u00e3o da COP\u201d, completou.<\/p>\n<h4 class=\"wp-block-heading\">Confer\u00eancia de Santa Marta<\/h4>\n<p>A Confer\u00eancia de Santa Marta re\u00fane 57 pa\u00edses, incluindo o Brasil, e cerca de 4.200 organiza\u00e7\u00f5es, abrangendo governos, setor privado, povos ind\u00edgenas, academia e sociedade civil. O objetivo \u00e9 avan\u00e7ar em medidas concretas para reduzir a depend\u00eancia de combust\u00edveis f\u00f3sseis, com foco em tr\u00eas eixos: transforma\u00e7\u00e3o econ\u00f4mica, mudan\u00e7a na oferta e demanda de energia e coopera\u00e7\u00e3o internacional.<\/p>\n<p>Nos primeiros dias do encontro, entre 24 e 27 de abril, ser\u00e3o consolidadas propostas que orientar\u00e3o a C\u00fapula de L\u00edderes nos dias 28 e 29. Entre os resultados esperados est\u00e3o mecanismos de coopera\u00e7\u00e3o entre pa\u00edses e um relat\u00f3rio com diretrizes para acelerar a transi\u00e7\u00e3o energ\u00e9tica.<\/p>\n<p>\u201cCom mais de 50% do PIB global representado nesta Confer\u00eancia, este grupo tem a capacidade coletiva de transformar essas cinco palavras em a\u00e7\u00f5es concretas\u201d, disse Van Veldhoven, ministra do Clima e do Crescimento Verde dos Pa\u00edses Baixos, que lidera a iniciativa ao lado da Col\u00f4mbia.<\/p>\n<p>\u201cCom a crescente volatilidade no mercado de combust\u00edveis f\u00f3sseis, n\u00e3o h\u00e1 melhor momento para iniciar a transi\u00e7\u00e3o para longe dos combust\u00edveis f\u00f3sseis, reduzindo o impacto clim\u00e1tico, refor\u00e7ando a independ\u00eancia energ\u00e9tica e impulsionando o crescimento econ\u00f4mico verde\u201d, completou.<\/p>\n<p>O ativista socioambiental sul-africano Kumi Naidoo entende que a confer\u00eancia representa uma oportunidade de estabelecer medidas concretas que a Confer\u00eancia das Partes (COP), c\u00fapula anual das Na\u00e7\u00f5es Unidas sobre mudan\u00e7as clim\u00e1ticas, n\u00e3o tem conseguido realizar.<\/p>\n<p>\u201cQueremos receber o que pedimos para a COP desde pelo menos 2009: um acordo fant\u00e1stico, que seja justo, ambicioso e vinculativo. Na maioria das vezes, recebemos acordos superficiais, cheios de brechas\u201d, disse Naidoo, que lidera a Iniciativa do Tratado de N\u00e3o Prolifera\u00e7\u00e3o de Combust\u00edveis F\u00f3sseis (Fossil Fuel Treaty).<\/p>\n<p>\u201cIndependentemente da qualidade do trabalho cient\u00edfico, precisamos garantir que o processo pol\u00edtico esteja em andamento. Outros mecanismos e caminhos juridicamente vinculativos, como o tratado sobre combust\u00edveis f\u00f3sseis, s\u00e3o cruciais\u201d, complementou.<\/p>\n<div id=\"bdf-3840645328\" class=\"bdf-fim-do-conteudo bdf-entity-placement\">\n<div id=\"bdf-4008060292\" class=\"bdf-target bdf-target\" data-bdf-trackid=\"878911\" data-bdf-trackbid=\"1\">\n<div id=\"div-gpt-ad-artigos-leaderboard_content_end\" class=\"ad-slot\"><\/div>\n<div id=\"div-gpt-ad-artigos-mobile_rectangle_bottom\" class=\"ad-slot\"><\/div>\n<\/div>\n<\/div>\n<\/div>\n<\/div>\n<div class=\"elementor-element elementor-element-6950de8 elementor-widget elementor-widget-text-editor\" data-id=\"6950de8\" data-element_type=\"widget\" data-e-type=\"widget\" data-widget_type=\"text-editor.default\">\n<div class=\"elementor-widget-container\">Editado por: \u00c9rica Santana<\/div>\n<\/div>\n<div class=\"elementor-element elementor-element-e50663b elementor-widget elementor-widget-shortcode\" data-id=\"e50663b\" data-element_type=\"widget\" data-e-type=\"widget\" data-widget_type=\"shortcode.default\">\n<div class=\"elementor-widget-container\">\n<div class=\"elementor-shortcode\">\n<div class=\"elementor-size-default\">Conte\u00fado originalmente publicado em: <a href=\"https:\/\/agenciabrasil.ebc.com.br\/meio-ambiente\/noticia\/2026-04\/cientistas-criam-painel-para-orientar-transicao-energetica-global\" target=\"_blank\" rel=\"noopener\">Ag\u00eancia Brasil<\/a><\/div>\n<\/div>\n<\/div>\n<\/div>\n","protected":false},"excerpt":{"rendered":"<p>Iniciativa foi lan\u00e7ada durante Confer\u00eancia em Santa Marta, na Col\u00f4mbia<\/p>\n","protected":false},"author":1,"featured_media":0,"comment_status":"closed","ping_status":"open","sticky":false,"template":"","format":"standard","meta":{"_exactmetrics_skip_tracking":false,"_exactmetrics_sitenote_active":false,"_exactmetrics_sitenote_note":"","_exactmetrics_sitenote_category":0,"jetpack_post_was_ever_published":false,"_jetpack_newsletter_access":"","_jetpack_dont_email_post_to_subs":false,"_jetpack_newsletter_tier_id":0,"_jetpack_memberships_contains_paywalled_content":false,"_jetpack_memberships_contains_paid_content":false,"footnotes":"","jetpack_publicize_message":"","jetpack_publicize_feature_enabled":true,"jetpack_social_post_already_shared":true,"jetpack_social_options":{"image_generator_settings":{"template":"highway","enabled":false},"version":2}},"categories":[1],"tags":[],"class_list":["post-38776","post","type-post","status-publish","format-standard","hentry","category-notas"],"jetpack_publicize_connections":[],"jetpack_sharing_enabled":true,"jetpack_featured_media_url":"","jetpack_shortlink":"https:\/\/wp.me\/p7wKYW-a5q","jetpack-related-posts":[],"_links":{"self":[{"href":"http:\/\/blogdalucianaoliveira.com.br\/blog\/wp-json\/wp\/v2\/posts\/38776","targetHints":{"allow":["GET"]}}],"collection":[{"href":"http:\/\/blogdalucianaoliveira.com.br\/blog\/wp-json\/wp\/v2\/posts"}],"about":[{"href":"http:\/\/blogdalucianaoliveira.com.br\/blog\/wp-json\/wp\/v2\/types\/post"}],"author":[{"embeddable":true,"href":"http:\/\/blogdalucianaoliveira.com.br\/blog\/wp-json\/wp\/v2\/users\/1"}],"replies":[{"embeddable":true,"href":"http:\/\/blogdalucianaoliveira.com.br\/blog\/wp-json\/wp\/v2\/comments?post=38776"}],"version-history":[{"count":1,"href":"http:\/\/blogdalucianaoliveira.com.br\/blog\/wp-json\/wp\/v2\/posts\/38776\/revisions"}],"predecessor-version":[{"id":38778,"href":"http:\/\/blogdalucianaoliveira.com.br\/blog\/wp-json\/wp\/v2\/posts\/38776\/revisions\/38778"}],"wp:attachment":[{"href":"http:\/\/blogdalucianaoliveira.com.br\/blog\/wp-json\/wp\/v2\/media?parent=38776"}],"wp:term":[{"taxonomy":"category","embeddable":true,"href":"http:\/\/blogdalucianaoliveira.com.br\/blog\/wp-json\/wp\/v2\/categories?post=38776"},{"taxonomy":"post_tag","embeddable":true,"href":"http:\/\/blogdalucianaoliveira.com.br\/blog\/wp-json\/wp\/v2\/tags?post=38776"}],"curies":[{"name":"wp","href":"https:\/\/api.w.org\/{rel}","templated":true}]}}