{"id":38783,"date":"2026-04-27T06:33:59","date_gmt":"2026-04-27T10:33:59","guid":{"rendered":"https:\/\/blogdalucianaoliveira.com.br\/blog\/?p=38783"},"modified":"2026-04-27T06:33:59","modified_gmt":"2026-04-27T10:33:59","slug":"centro-de-referencia-da-mulher-em-ji-parana-avanca-apos-reuniao-de-claudia-de-jesus-com-ministra-marcia-lopes","status":"publish","type":"post","link":"http:\/\/blogdalucianaoliveira.com.br\/blog\/2026\/04\/27\/centro-de-referencia-da-mulher-em-ji-parana-avanca-apos-reuniao-de-claudia-de-jesus-com-ministra-marcia-lopes\/","title":{"rendered":"Centro de Refer\u00eancia da Mulher em Ji-Paran\u00e1 avan\u00e7a ap\u00f3s reuni\u00e3o de Cl\u00e1udia de Jesus com ministra M\u00e1rcia Lopes"},"content":{"rendered":"<p><img data-recalc-dims=\"1\" loading=\"lazy\" decoding=\"async\" data-attachment-id=\"38784\" data-permalink=\"http:\/\/blogdalucianaoliveira.com.br\/blog\/2026\/04\/27\/centro-de-referencia-da-mulher-em-ji-parana-avanca-apos-reuniao-de-claudia-de-jesus-com-ministra-marcia-lopes\/img_1703\/\" data-orig-file=\"https:\/\/i0.wp.com\/blogdalucianaoliveira.com.br\/blog\/wp-content\/uploads\/2026\/04\/IMG_1703-scaled.jpeg?fit=2560%2C1440\" data-orig-size=\"2560,1440\" data-comments-opened=\"0\" data-image-meta=\"{&quot;aperture&quot;:&quot;1.78&quot;,&quot;credit&quot;:&quot;&quot;,&quot;camera&quot;:&quot;iPhone 17 Pro Max&quot;,&quot;caption&quot;:&quot;&quot;,&quot;created_timestamp&quot;:&quot;1776971626&quot;,&quot;copyright&quot;:&quot;&quot;,&quot;focal_length&quot;:&quot;6.7649998656528&quot;,&quot;iso&quot;:&quot;125&quot;,&quot;shutter_speed&quot;:&quot;0.016666666666667&quot;,&quot;title&quot;:&quot;&quot;,&quot;orientation&quot;:&quot;1&quot;}\" data-image-title=\"IMG_1703\" data-image-description=\"\" data-image-caption=\"\" data-medium-file=\"https:\/\/i0.wp.com\/blogdalucianaoliveira.com.br\/blog\/wp-content\/uploads\/2026\/04\/IMG_1703-scaled.jpeg?fit=300%2C169\" data-large-file=\"https:\/\/i0.wp.com\/blogdalucianaoliveira.com.br\/blog\/wp-content\/uploads\/2026\/04\/IMG_1703-scaled.jpeg?fit=600%2C338\" class=\"alignleft size-full wp-image-38784\" src=\"https:\/\/i0.wp.com\/blogdalucianaoliveira.com.br\/blog\/wp-content\/uploads\/2026\/04\/IMG_1703-scaled.jpeg?resize=600%2C338\" alt=\"\" width=\"600\" height=\"338\" srcset=\"https:\/\/i0.wp.com\/blogdalucianaoliveira.com.br\/blog\/wp-content\/uploads\/2026\/04\/IMG_1703-scaled.jpeg?w=2560 2560w, https:\/\/i0.wp.com\/blogdalucianaoliveira.com.br\/blog\/wp-content\/uploads\/2026\/04\/IMG_1703-scaled.jpeg?resize=300%2C169 300w, https:\/\/i0.wp.com\/blogdalucianaoliveira.com.br\/blog\/wp-content\/uploads\/2026\/04\/IMG_1703-scaled.jpeg?resize=1024%2C576 1024w, https:\/\/i0.wp.com\/blogdalucianaoliveira.com.br\/blog\/wp-content\/uploads\/2026\/04\/IMG_1703-scaled.jpeg?resize=768%2C432 768w, https:\/\/i0.wp.com\/blogdalucianaoliveira.com.br\/blog\/wp-content\/uploads\/2026\/04\/IMG_1703-scaled.jpeg?resize=1536%2C864 1536w, https:\/\/i0.wp.com\/blogdalucianaoliveira.com.br\/blog\/wp-content\/uploads\/2026\/04\/IMG_1703-scaled.jpeg?resize=2048%2C1152 2048w, https:\/\/i0.wp.com\/blogdalucianaoliveira.com.br\/blog\/wp-content\/uploads\/2026\/04\/IMG_1703-scaled.jpeg?resize=533%2C300 533w, https:\/\/i0.wp.com\/blogdalucianaoliveira.com.br\/blog\/wp-content\/uploads\/2026\/04\/IMG_1703-scaled.jpeg?w=1200 1200w, https:\/\/i0.wp.com\/blogdalucianaoliveira.com.br\/blog\/wp-content\/uploads\/2026\/04\/IMG_1703-scaled.jpeg?w=1800 1800w\" sizes=\"auto, (max-width: 600px) 100vw, 600px\" \/><\/p>\n<div>Agenda em junho levar\u00e1 a Tenda Lil\u00e1s a Porto Velho e refor\u00e7ar\u00e1 investimentos na rede de prote\u00e7\u00e3o \u00e0s mulheres no estado<\/div>\n<p><!--more--><\/p>\n<div>A deputada estadual Cl\u00e1udia de Jesus participou de uma importante reuni\u00e3o com a ministra das Mulheres, M\u00e1rcia Lopes, para tratar de pol\u00edticas p\u00fablicas voltadas \u00e0 prote\u00e7\u00e3o, acolhimento e fortalecimento das mulheres em Rond\u00f4nia.<\/p>\n<p>Um dos principais encaminhamentos do encontro foi o avan\u00e7o na constru\u00e7\u00e3o do <span dir=\"ltr\">Centro de Refer\u00eancia da Mulher em Ji-Paran\u00e1<\/span>, que ser\u00e1 implementado com apoio do Minist\u00e9rio das Mulheres em parceria com a prefeitura. O espa\u00e7o ser\u00e1 fundamental para ampliar a rede de acolhimento e garantir atendimento especializado \u00e0s mulheres no munic\u00edpio e regi\u00e3o.<\/p>\n<p>Durante o encontro, tamb\u00e9m foi confirmada a realiza\u00e7\u00e3o de uma grande a\u00e7\u00e3o do Minist\u00e9rio das Mulheres no estado. Nos dias 10, 11 e <span dir=\"ltr\">12 de junho<\/span>, Porto Velho ser\u00e1 palco da \u201cTenda Lil\u00e1s\u201d, iniciativa itinerante coordenada pelo N\u00facleo Estrat\u00e9gico de Participa\u00e7\u00e3o e Mobiliza\u00e7\u00e3o Social do minist\u00e9rio. A a\u00e7\u00e3o tem como objetivo ampliar o acesso \u00e0 informa\u00e7\u00e3o, aos servi\u00e7os e ao fortalecimento da rede de prote\u00e7\u00e3o \u00e0s mulheres.<\/p>\n<p>A deputada destacou a import\u00e2ncia da presen\u00e7a do governo federal no estado e refor\u00e7ou o convite para que a ministra participe pessoalmente da agenda, incluindo um encontro com movimentos sociais de mulheres que atuam na luta por direitos em Rond\u00f4nia.<\/p>\n<p>Outro ponto de destaque da reuni\u00e3o foi o investimento de mais de 17 milh\u00f5es de reais do governo do presidente Luiz In\u00e1cio Lula da Silva para a implanta\u00e7\u00e3o da Casa da Mulher Brasileira em Porto Velho, equipamento essencial para o atendimento humanizado e integrado \u00e0s mulheres em situa\u00e7\u00e3o de viol\u00eancia.<\/p>\n<p>Para a deputada Cl\u00e1udia de Jesus, a reuni\u00e3o representa um avan\u00e7o significativo na constru\u00e7\u00e3o de pol\u00edticas p\u00fablicas efetivas. \u201cEstamos fortalecendo o di\u00e1logo com o governo federal e garantindo investimentos concretos para proteger e acolher as mulheres de Rond\u00f4nia. O <span dir=\"ltr\">Centro de Refer\u00eancia em Ji-Paran\u00e1<\/span> \u00e9 uma conquista importante e mostra que estamos avan\u00e7ando com a\u00e7\u00f5es que fazem a diferen\u00e7a na vida das mulheres\u201d, afirmou.<\/p>\n<p>A agenda reafirma o compromisso conjunto entre o mandato parlamentar e o governo federal na promo\u00e7\u00e3o de pol\u00edticas p\u00fablicas que assegurem dignidade, seguran\u00e7a e direitos para todas as mulheres.<\/p><\/div>\n","protected":false},"excerpt":{"rendered":"<p>Agenda em junho levar\u00e1 a Tenda Lil\u00e1s a Porto Velho e refor\u00e7ar\u00e1 investimentos na rede de prote\u00e7\u00e3o \u00e0s mulheres no estado<\/p>\n","protected":false},"author":1,"featured_media":0,"comment_status":"closed","ping_status":"open","sticky":false,"template":"","format":"standard","meta":{"_exactmetrics_skip_tracking":false,"_exactmetrics_sitenote_active":false,"_exactmetrics_sitenote_note":"","_exactmetrics_sitenote_category":0,"jetpack_post_was_ever_published":false,"_jetpack_newsletter_access":"","_jetpack_dont_email_post_to_subs":false,"_jetpack_newsletter_tier_id":0,"_jetpack_memberships_contains_paywalled_content":false,"_jetpack_memberships_contains_paid_content":false,"footnotes":"","jetpack_publicize_message":"","jetpack_publicize_feature_enabled":true,"jetpack_social_post_already_shared":true,"jetpack_social_options":{"image_generator_settings":{"template":"highway","enabled":false},"version":2}},"categories":[1],"tags":[],"class_list":["post-38783","post","type-post","status-publish","format-standard","hentry","category-notas"],"jetpack_publicize_connections":[],"jetpack_sharing_enabled":true,"jetpack_featured_media_url":"","jetpack_shortlink":"https:\/\/wp.me\/p7wKYW-a5x","jetpack-related-posts":[],"_links":{"self":[{"href":"http:\/\/blogdalucianaoliveira.com.br\/blog\/wp-json\/wp\/v2\/posts\/38783","targetHints":{"allow":["GET"]}}],"collection":[{"href":"http:\/\/blogdalucianaoliveira.com.br\/blog\/wp-json\/wp\/v2\/posts"}],"about":[{"href":"http:\/\/blogdalucianaoliveira.com.br\/blog\/wp-json\/wp\/v2\/types\/post"}],"author":[{"embeddable":true,"href":"http:\/\/blogdalucianaoliveira.com.br\/blog\/wp-json\/wp\/v2\/users\/1"}],"replies":[{"embeddable":true,"href":"http:\/\/blogdalucianaoliveira.com.br\/blog\/wp-json\/wp\/v2\/comments?post=38783"}],"version-history":[{"count":1,"href":"http:\/\/blogdalucianaoliveira.com.br\/blog\/wp-json\/wp\/v2\/posts\/38783\/revisions"}],"predecessor-version":[{"id":38785,"href":"http:\/\/blogdalucianaoliveira.com.br\/blog\/wp-json\/wp\/v2\/posts\/38783\/revisions\/38785"}],"wp:attachment":[{"href":"http:\/\/blogdalucianaoliveira.com.br\/blog\/wp-json\/wp\/v2\/media?parent=38783"}],"wp:term":[{"taxonomy":"category","embeddable":true,"href":"http:\/\/blogdalucianaoliveira.com.br\/blog\/wp-json\/wp\/v2\/categories?post=38783"},{"taxonomy":"post_tag","embeddable":true,"href":"http:\/\/blogdalucianaoliveira.com.br\/blog\/wp-json\/wp\/v2\/tags?post=38783"}],"curies":[{"name":"wp","href":"https:\/\/api.w.org\/{rel}","templated":true}]}}