{"id":38794,"date":"2026-04-28T14:05:03","date_gmt":"2026-04-28T18:05:03","guid":{"rendered":"https:\/\/blogdalucianaoliveira.com.br\/blog\/?p=38794"},"modified":"2026-04-28T14:05:03","modified_gmt":"2026-04-28T18:05:03","slug":"fim-da-escala-6x1-estudos-divergem-sobre-impactos-no-pib-e-inflacao","status":"publish","type":"post","link":"http:\/\/blogdalucianaoliveira.com.br\/blog\/2026\/04\/28\/fim-da-escala-6x1-estudos-divergem-sobre-impactos-no-pib-e-inflacao\/","title":{"rendered":"Fim da escala 6&#215;1: estudos divergem sobre impactos no PIB e infla\u00e7\u00e3o"},"content":{"rendered":"<p><img data-recalc-dims=\"1\" loading=\"lazy\" decoding=\"async\" data-attachment-id=\"38801\" data-permalink=\"http:\/\/blogdalucianaoliveira.com.br\/blog\/2026\/04\/28\/fim-da-escala-6x1-estudos-divergem-sobre-impactos-no-pib-e-inflacao\/img_1750-3\/\" data-orig-file=\"https:\/\/i0.wp.com\/blogdalucianaoliveira.com.br\/blog\/wp-content\/uploads\/2026\/04\/IMG_1750.webp?fit=1170%2C700\" data-orig-size=\"1170,700\" data-comments-opened=\"0\" data-image-meta=\"{&quot;aperture&quot;:&quot;0&quot;,&quot;credit&quot;:&quot;&quot;,&quot;camera&quot;:&quot;&quot;,&quot;caption&quot;:&quot;&quot;,&quot;created_timestamp&quot;:&quot;0&quot;,&quot;copyright&quot;:&quot;&quot;,&quot;focal_length&quot;:&quot;0&quot;,&quot;iso&quot;:&quot;0&quot;,&quot;shutter_speed&quot;:&quot;0&quot;,&quot;title&quot;:&quot;&quot;,&quot;orientation&quot;:&quot;0&quot;}\" data-image-title=\"IMG_1750\" data-image-description=\"\" data-image-caption=\"\" data-medium-file=\"https:\/\/i0.wp.com\/blogdalucianaoliveira.com.br\/blog\/wp-content\/uploads\/2026\/04\/IMG_1750.webp?fit=300%2C179\" data-large-file=\"https:\/\/i0.wp.com\/blogdalucianaoliveira.com.br\/blog\/wp-content\/uploads\/2026\/04\/IMG_1750.webp?fit=600%2C359\" class=\"alignleft size-full wp-image-38801\" src=\"https:\/\/i0.wp.com\/blogdalucianaoliveira.com.br\/blog\/wp-content\/uploads\/2026\/04\/IMG_1750.webp?resize=600%2C359\" alt=\"\" width=\"600\" height=\"359\" srcset=\"https:\/\/i0.wp.com\/blogdalucianaoliveira.com.br\/blog\/wp-content\/uploads\/2026\/04\/IMG_1750.webp?w=1170 1170w, https:\/\/i0.wp.com\/blogdalucianaoliveira.com.br\/blog\/wp-content\/uploads\/2026\/04\/IMG_1750.webp?resize=300%2C179 300w, https:\/\/i0.wp.com\/blogdalucianaoliveira.com.br\/blog\/wp-content\/uploads\/2026\/04\/IMG_1750.webp?resize=1024%2C613 1024w, https:\/\/i0.wp.com\/blogdalucianaoliveira.com.br\/blog\/wp-content\/uploads\/2026\/04\/IMG_1750.webp?resize=768%2C459 768w, https:\/\/i0.wp.com\/blogdalucianaoliveira.com.br\/blog\/wp-content\/uploads\/2026\/04\/IMG_1750.webp?resize=501%2C300 501w\" sizes=\"auto, (max-width: 600px) 100vw, 600px\" \/><\/p>\n<p>Impactos da redu\u00e7\u00e3o de jornada viram disputa entre economistas<!--more--><\/p>\n<p><strong>LUCAS PORDEUS LE\u00d3N, REP\u00d3RTER DA AG\u00caNCIA BRASIL &#8211; As propostas de redu\u00e7\u00e3o da jornada de trabalho no Brasil, em <a href=\"https:\/\/agenciabrasil.ebc.com.br\/politica\/noticia\/2026-04\/motta-cria-comissao-para-analisar-pec-da-reducao-da-escala-6x1\" target=\"_blank\" rel=\"noopener\">tramita\u00e7\u00e3o no Congresso Nacional<\/a>,\u00a0t\u00eam mobilizado pesquisadores sobre os poss\u00edveis impactos da medida na economia, a partir do fim da escala de seis dias de trabalho por um de descanso, a chamada 6&#215;1.\u00a0\u00a0<\/strong><img data-recalc-dims=\"1\" decoding=\"async\" src=\"https:\/\/i0.wp.com\/agenciabrasil.ebc.com.br\/ebc.png?w=600&#038;ssl=1\" \/><img data-recalc-dims=\"1\" decoding=\"async\" src=\"https:\/\/i0.wp.com\/agenciabrasil.ebc.com.br\/ebc.gif?w=600&#038;ssl=1\" \/><\/p>\n<p>De\u00a0um lado, estudos de entidades que representam o empresariado, as chamadas confedera\u00e7\u00f5es patronais, projetam queda no Produto Interno Bruto (PIB) e alta da infla\u00e7\u00e3o.<\/p>\n<p>Por outra perspectiva, an\u00e1lises da Universidade Estadual de Campinas (Unicamp) e do Instituto de Pesquisa Econ\u00f4mica Aplicada (Ipea) desenham um cen\u00e1rio diferente, com impactos reduzidos atingindo apenas alguns setores, al\u00e9m da cria\u00e7\u00e3o de mais empregos e poss\u00edvel aumento do PIB.<\/p>\n<p>Para a economista da Unicamp Marilane Teixeira, a diferen\u00e7a entre as pesquisas sobre os custos econ\u00f4micos da redu\u00e7\u00e3o da jornada ocorre porque n\u00e3o se trata de um debate puramente t\u00e9cnico, mas pol\u00edtico.<\/p>\n<blockquote><p>\u201cParte significativa da literatura econ\u00f4mica que discute o assunto parte de modelos que assumem, como regra, que qualquer redu\u00e7\u00e3o na quantidade de horas trabalhadas levar\u00e1, inevitavelmente, \u00e0 redu\u00e7\u00e3o da produ\u00e7\u00e3o e da renda \u2013 ignorando, assim, os ajustes din\u00e2micos que historicamente ocorrem no mercado de trabalho\u201d, aponta.<\/p><\/blockquote>\n<p><img data-recalc-dims=\"1\" loading=\"lazy\" decoding=\"async\" data-attachment-id=\"38795\" data-permalink=\"http:\/\/blogdalucianaoliveira.com.br\/blog\/2026\/04\/28\/fim-da-escala-6x1-estudos-divergem-sobre-impactos-no-pib-e-inflacao\/img_1751-2\/\" data-orig-file=\"https:\/\/i0.wp.com\/blogdalucianaoliveira.com.br\/blog\/wp-content\/uploads\/2026\/04\/IMG_1751.webp?fit=365%2C218\" data-orig-size=\"365,218\" data-comments-opened=\"0\" data-image-meta=\"{&quot;aperture&quot;:&quot;0&quot;,&quot;credit&quot;:&quot;&quot;,&quot;camera&quot;:&quot;&quot;,&quot;caption&quot;:&quot;&quot;,&quot;created_timestamp&quot;:&quot;0&quot;,&quot;copyright&quot;:&quot;&quot;,&quot;focal_length&quot;:&quot;0&quot;,&quot;iso&quot;:&quot;0&quot;,&quot;shutter_speed&quot;:&quot;0&quot;,&quot;title&quot;:&quot;&quot;,&quot;orientation&quot;:&quot;0&quot;}\" data-image-title=\"IMG_1751\" data-image-description=\"\" data-image-caption=\"\" data-medium-file=\"https:\/\/i0.wp.com\/blogdalucianaoliveira.com.br\/blog\/wp-content\/uploads\/2026\/04\/IMG_1751.webp?fit=300%2C179\" data-large-file=\"https:\/\/i0.wp.com\/blogdalucianaoliveira.com.br\/blog\/wp-content\/uploads\/2026\/04\/IMG_1751.webp?fit=365%2C218\" class=\"alignleft size-full wp-image-38795\" src=\"https:\/\/i0.wp.com\/blogdalucianaoliveira.com.br\/blog\/wp-content\/uploads\/2026\/04\/IMG_1751.webp?resize=365%2C218\" alt=\"\" width=\"365\" height=\"218\" srcset=\"https:\/\/i0.wp.com\/blogdalucianaoliveira.com.br\/blog\/wp-content\/uploads\/2026\/04\/IMG_1751.webp?w=365 365w, https:\/\/i0.wp.com\/blogdalucianaoliveira.com.br\/blog\/wp-content\/uploads\/2026\/04\/IMG_1751.webp?resize=300%2C179 300w\" sizes=\"auto, (max-width: 365px) 100vw, 365px\" \/><\/p>\n<p>Membro do <a href=\"https:\/\/econtents.sbu.unicamp.br\/inpec\/index.php\/rbest\/article\/view\/20820\/14938\" target=\"_blank\" rel=\"noopener\">Centro de Estudos Sindicais e de Economia do Trabalho (Cesite)<\/a>, Marilene defende que a resist\u00eancia \u00e0 redu\u00e7\u00e3o da jornada, por parte dos empregadores, pode levar a proje\u00e7\u00f5es alarmistas.<\/p>\n<p>\u201cDo ponto de vista dos empregadores, \u00e9 claro que, qualquer mudan\u00e7a \u00e9 vista a partir do seu neg\u00f3cio. Eles n\u00e3o olham a economia como um todo, mas isso traz benef\u00edcios para o conjunto da sociedade\u201d, acredita.<\/p>\n<h2>Previs\u00f5es<\/h2>\n<p><strong>A <a href=\"https:\/\/static.portaldaindustria.com.br\/portaldaindustria\/noticias\/media\/filer_public\/36\/1b\/361b1ce0-cb7d-415e-bf85-b89709f64845\/nota_tecnica.pdf\" target=\"_blank\" rel=\"noopener\">pesquisa<\/a> da Confedera\u00e7\u00e3o Nacional da Ind\u00fastria (CNI) calcula uma perda de R$ 76 bilh\u00f5es no PIB brasileiro (-0,7%) com a redu\u00e7\u00e3o da jornada das atuais 44\u00a0para 40 horas.<\/strong> No caso da ind\u00fastria, o PIB cairia 1,2%.<\/p>\n<blockquote><p>\u201cNossa ind\u00fastria vai perder participa\u00e7\u00e3o no mercado dom\u00e9stico e internacional, a partir da redu\u00e7\u00e3o nas exporta\u00e7\u00f5es e da alta nas importa\u00e7\u00f5es\u201d, destaca o presidente da CNI, Ricardo Alban.<\/p><\/blockquote>\n<p>J\u00e1 a Confedera\u00e7\u00e3o Nacional do Com\u00e9rcio de Bens, Servi\u00e7os e Turismo (CNC), que re\u00fane empres\u00e1rios desses setores, <a href=\"https:\/\/portal-bucket.azureedge.net\/wp-content\/2026\/02\/Jornada6x1_Geade.pdf\" target=\"_blank\" rel=\"noopener\">afirma<\/a> que a redu\u00e7\u00e3o da jornada aumentaria os custos sobre a folha salarial em 21%. <strong>A estimativa da CNC cita que o repasse de pre\u00e7os ao consumidor poderia chegar a 13%. <\/strong>\u00a0J\u00e1 a CNI aponta para altas nos pre\u00e7os de 6,2%, em m\u00e9dia.<\/p>\n<p>\u201cSem redu\u00e7\u00e3o dos sal\u00e1rios nominais, espera-se por impactos significativos sobre a rentabilidade da atividade comercial no Brasil\u201d, diz a CNC.<\/p>\n<h2>Custos x benef\u00edcios<\/h2>\n<p>J\u00e1 o <a href=\"https:\/\/repositorio.ipea.gov.br\/server\/api\/core\/bitstreams\/7083c3f2-81ee-48e6-a525-c9fe4b56d5e7\/content\" target=\"_blank\" rel=\"noopener\">estudo do Ipea<\/a> afirma que a alta no custo das empresas com os trabalhadores, a partir da redu\u00e7\u00e3o da jornada, n\u00e3o passaria dos 10%, no caso dos setores mais impactados. Na m\u00e9dia, a previs\u00e3o \u00e9 de um custo extra do trabalho de 7,8%.<\/p>\n<p><strong>Por\u00e9m, considerando o custo total das empresas, conta que engloba o conjunto de\u00a0gastos, o impacto da redu\u00e7\u00e3o da jornada varia de 1%, em setores como com\u00e9rcio e ind\u00fastria, a at\u00e9 6,6%, no caso do ramo de vigil\u00e2ncia e seguran\u00e7a.\u00a0<\/strong><\/p>\n<blockquote><p>\u201cOs resultados indicam que a maioria dos setores produtivos apresenta capacidade de absorver aumentos nos custos do trabalho, ainda que alguns segmentos demandem aten\u00e7\u00e3o espec\u00edfica\u201d, diz o estudo do Ipea.<\/p><\/blockquote>\n<p><strong>A exce\u00e7\u00e3o seriam as empresas com at\u00e9 nove trabalhadores, que empregam cerca de 25% dos assalariados formais do pa\u00eds. Segundo o Ipea, esses neg\u00f3cios podem precisar de apoio estatal para transi\u00e7\u00e3o \u00e0 nova jorna<\/strong><\/p>\n<p><img data-recalc-dims=\"1\" loading=\"lazy\" decoding=\"async\" data-attachment-id=\"38796\" data-permalink=\"http:\/\/blogdalucianaoliveira.com.br\/blog\/2026\/04\/28\/fim-da-escala-6x1-estudos-divergem-sobre-impactos-no-pib-e-inflacao\/img_1752-2\/\" data-orig-file=\"https:\/\/i0.wp.com\/blogdalucianaoliveira.com.br\/blog\/wp-content\/uploads\/2026\/04\/IMG_1752.webp?fit=365%2C243\" data-orig-size=\"365,243\" data-comments-opened=\"0\" data-image-meta=\"{&quot;aperture&quot;:&quot;0&quot;,&quot;credit&quot;:&quot;&quot;,&quot;camera&quot;:&quot;&quot;,&quot;caption&quot;:&quot;&quot;,&quot;created_timestamp&quot;:&quot;0&quot;,&quot;copyright&quot;:&quot;&quot;,&quot;focal_length&quot;:&quot;0&quot;,&quot;iso&quot;:&quot;0&quot;,&quot;shutter_speed&quot;:&quot;0&quot;,&quot;title&quot;:&quot;&quot;,&quot;orientation&quot;:&quot;0&quot;}\" data-image-title=\"IMG_1752\" data-image-description=\"\" data-image-caption=\"\" data-medium-file=\"https:\/\/i0.wp.com\/blogdalucianaoliveira.com.br\/blog\/wp-content\/uploads\/2026\/04\/IMG_1752.webp?fit=300%2C200\" data-large-file=\"https:\/\/i0.wp.com\/blogdalucianaoliveira.com.br\/blog\/wp-content\/uploads\/2026\/04\/IMG_1752.webp?fit=365%2C243\" class=\"alignleft size-full wp-image-38796\" src=\"https:\/\/i0.wp.com\/blogdalucianaoliveira.com.br\/blog\/wp-content\/uploads\/2026\/04\/IMG_1752.webp?resize=365%2C243\" alt=\"\" width=\"365\" height=\"243\" srcset=\"https:\/\/i0.wp.com\/blogdalucianaoliveira.com.br\/blog\/wp-content\/uploads\/2026\/04\/IMG_1752.webp?w=365 365w, https:\/\/i0.wp.com\/blogdalucianaoliveira.com.br\/blog\/wp-content\/uploads\/2026\/04\/IMG_1752.webp?resize=300%2C200 300w\" sizes=\"auto, (max-width: 365px) 100vw, 365px\" \/><\/p>\n<p>Um dos autores do estudo do Ipea, Felipe Pateo, afirma que o levantamento da CNC n\u00e3o demonstra, \u201cde forma transparente\u201d, como eles chegaram ao aumento de 21% no custo do trabalho.<\/p>\n<p>\u201cMesmo olhando s\u00f3 para o custo do trabalho em si, a gente mostra que, matematicamente, n\u00e3o tem como esse aumento ser maior do que 10% porque \u00e9 exatamente o tempo de horas que o empregador vai perder em rela\u00e7\u00e3o ao trabalhador que faz 44 horas semanais\u201d, afirmou.<\/p>\n<p>A A<strong>g\u00eancia Brasil<\/strong> procurou a CNC para comentar as diverg\u00eancias, mas n\u00e3o obteve retorno at\u00e9 o fechamento desta reportagem.<\/p>\n<h2>Infla\u00e7\u00e3o dos pre\u00e7os<\/h2>\n<p><img data-recalc-dims=\"1\" loading=\"lazy\" decoding=\"async\" data-attachment-id=\"38797\" data-permalink=\"http:\/\/blogdalucianaoliveira.com.br\/blog\/2026\/04\/28\/fim-da-escala-6x1-estudos-divergem-sobre-impactos-no-pib-e-inflacao\/img_1753\/\" data-orig-file=\"https:\/\/i0.wp.com\/blogdalucianaoliveira.com.br\/blog\/wp-content\/uploads\/2026\/04\/IMG_1753.webp?fit=754%2C504\" data-orig-size=\"754,504\" data-comments-opened=\"0\" data-image-meta=\"{&quot;aperture&quot;:&quot;0&quot;,&quot;credit&quot;:&quot;&quot;,&quot;camera&quot;:&quot;&quot;,&quot;caption&quot;:&quot;&quot;,&quot;created_timestamp&quot;:&quot;0&quot;,&quot;copyright&quot;:&quot;&quot;,&quot;focal_length&quot;:&quot;0&quot;,&quot;iso&quot;:&quot;0&quot;,&quot;shutter_speed&quot;:&quot;0&quot;,&quot;title&quot;:&quot;&quot;,&quot;orientation&quot;:&quot;0&quot;}\" data-image-title=\"IMG_1753\" data-image-description=\"\" data-image-caption=\"\" data-medium-file=\"https:\/\/i0.wp.com\/blogdalucianaoliveira.com.br\/blog\/wp-content\/uploads\/2026\/04\/IMG_1753.webp?fit=300%2C201\" data-large-file=\"https:\/\/i0.wp.com\/blogdalucianaoliveira.com.br\/blog\/wp-content\/uploads\/2026\/04\/IMG_1753.webp?fit=600%2C401\" class=\"alignleft size-full wp-image-38797\" src=\"https:\/\/i0.wp.com\/blogdalucianaoliveira.com.br\/blog\/wp-content\/uploads\/2026\/04\/IMG_1753.webp?resize=600%2C401\" alt=\"\" width=\"600\" height=\"401\" srcset=\"https:\/\/i0.wp.com\/blogdalucianaoliveira.com.br\/blog\/wp-content\/uploads\/2026\/04\/IMG_1753.webp?w=754 754w, https:\/\/i0.wp.com\/blogdalucianaoliveira.com.br\/blog\/wp-content\/uploads\/2026\/04\/IMG_1753.webp?resize=300%2C201 300w, https:\/\/i0.wp.com\/blogdalucianaoliveira.com.br\/blog\/wp-content\/uploads\/2026\/04\/IMG_1753.webp?resize=449%2C300 449w\" sizes=\"auto, (max-width: 600px) 100vw, 600px\" \/><\/p>\n<p>Proje\u00e7\u00f5es de aumento de pre\u00e7os com o fim da escala 6&#215;1 s\u00e3o destaque nos estudos de entidades patronais como CNC e <a href=\"https:\/\/static.portaldaindustria.com.br\/portaldaindustria\/noticias\/media\/filer_public\/04\/f0\/04f04592-0f48-4da1-bd33-7343e8e04706\/impacto_da_reducao_da_escala_de_trabalho_nos_precos_ao_consumidor.pdf\" target=\"_blank\" rel=\"noopener\">CNI<\/a>, que argumentam que o aumento do custo da m\u00e3o de obra ser\u00e1 repassado ao consumidor final.<\/p>\n<p>O economista da CNI Marcelo Azevedo pondera que a necessidade de contratar mais vai gerar aumento de custos na ponta.<\/p>\n<blockquote><p>\u201cTem aumento de custo porque o valor do sal\u00e1rio-hora aumentou, ent\u00e3o vai ter aumento de custo. Todos os produtos v\u00e3o ter aumento. Isso \u00e9 um efeito que vai se acumulando porque cada setor tem o mesmo problema\u201d, explica.<\/p><\/blockquote>\n<p>Por sua vez, o economista do Ipea Felipe Pateo avalia que o impacto inflacion\u00e1rio ser\u00e1 limitado, lembrando que os empres\u00e1rios podem ainda absorver essa diferen\u00e7a com redu\u00e7\u00e3o de lucros.<\/p>\n<blockquote><p>\u201cO aumento no custo operacional \u00e9 de 1%. Se o empres\u00e1rio repassar integralmente esse aumento, vai ser um aumento de 1% no pre\u00e7o do produto\u201d, afirma Pateo.<\/p><\/blockquote>\n<p><strong>J\u00e1 a economista da Unicamp, Marilane Teixeira, avalia que n\u00e3o h\u00e1 risco de aumento generalizado de pre\u00e7os.\u00a0<\/strong><\/p>\n<blockquote><p>\u201cSe fosse assim, ent\u00e3o, toda vez que eleva o sal\u00e1rio m\u00ednimo, voc\u00ea teria um aumento da infla\u00e7\u00e3o exponencial porque o sal\u00e1rio m\u00ednimo tem impacto para o conjunto da economia\u201d, compara.<\/p><\/blockquote>\n<p>Ela acrescenta que praticamente todos os setores da economia atuam com capacidade ociosa, que permite aumentar a oferta em caso de press\u00e3o no lado da demanda.<\/p>\n<p>\u201cEssa ideia de que uma eleva\u00e7\u00e3o marginal no custo do trabalho pela contrata\u00e7\u00e3o gera infla\u00e7\u00e3o, n\u00e3o se sustenta. O impacto disso no custo total \u00e9 t\u00e3o marginal que \u00e9 \u00f3bvio que n\u00e3o vai impactar no pre\u00e7o do produto. E se a empresa compete, ele n\u00e3o vai reajustar pre\u00e7o porque corre o risco de perder cliente para o concorrente\u201d, justifica.<\/p>\n<p><strong>A nota t\u00e9cnica do Ipea sustenta que a redu\u00e7\u00e3o da jornada ter\u00e1 efeito semelhante a de aumentos do sal\u00e1rio m\u00ednimo e afirma que as proje\u00e7\u00f5es que preveem redu\u00e7\u00e3o do PIB e do emprego n\u00e3o s\u00e3o respaldadas por estudos que analisam a experi\u00eancia hist\u00f3rica brasileira.\u00a0<\/strong><\/p>\n<p>\u201cAumentos reais [do sal\u00e1rio m\u00ednimo], que chegaram a 12% em 2001, 7,6% em 2012 e 5,6% em 2024, n\u00e3o causaram efeitos negativos sobre o n\u00edvel de emprego\u201d, diz a nota t\u00e9cnica do Ipea.<\/p>\n<h2>Diverg\u00eancias<\/h2>\n<p><strong>A diverg\u00eancia entre as pesquisas ocorre porque os levantamentos partem de pressupostos e premissas diferentes para calcular os impactos sobre o PIB e infla\u00e7\u00e3o, por exemplo. \u00a0<\/strong><\/p>\n<p>O estudo da Unicamp parte da premissa de que a redu\u00e7\u00e3o da jornada vai incentivar os empregadores a contratar mais. Em contrapartida, o estudo da CNI parte do pressuposto de que a redu\u00e7\u00e3o do total de horas trabalhadas diminuiria o total do produto final.<\/p>\n<p>O gerente de an\u00e1lise econ\u00f4mica da CNI, Marcelo Azevedo, explicou \u00e0 <strong>Ag\u00eancia Brasil<\/strong> que os estudos de proje\u00e7\u00f5es econ\u00f4micas simplificam a realidade e precisam definir hip\u00f3teses para fazer proje\u00e7\u00f5es de impactos da mudan\u00e7a.<\/p>\n<blockquote><p>\u201cVoc\u00ea pode assumir que vai ter ganho de produtividade, voc\u00ea pode assumir que n\u00e3o vai ter ganho de produtividade. E tudo bem. Isso faz parte dos estudos, desde que bem explicitados que tipo de hip\u00f3tese voc\u00ea est\u00e1 assumindo. N\u00e3o \u00e0 toa voc\u00ea tem vis\u00f5es diferentes e n\u00e3o necessariamente erradas, mesmo que conflitantes\u201d, pondera.<\/p><\/blockquote>\n<p><strong>Marilene ressalta que a diferen\u00e7a entre as pesquisas n\u00e3o \u00e9 resultado de uma manipula\u00e7\u00e3o das evid\u00eancias.<\/strong>\u00a0A partir dos mesmos dados, pode-se chegar a resultados distintos em raz\u00e3o da perspectiva pol\u00edtica, econ\u00f4mica e social que o pesquisador tem do contexto que se analisa.<\/p>\n<p>\u201c\u00c9 um conflito que chamamos de conflito distributivo. \u00c9 uma disputa para definir para onde canalizar os lucros, a renda do trabalho, o sal\u00e1rio e o consumo. O que est\u00e1 em disputa s\u00e3o os ganhos da produtividade\u201d, completa.<\/p>\n<h2>Produtividade<\/h2>\n<p><img data-recalc-dims=\"1\" loading=\"lazy\" decoding=\"async\" data-attachment-id=\"38798\" data-permalink=\"http:\/\/blogdalucianaoliveira.com.br\/blog\/2026\/04\/28\/fim-da-escala-6x1-estudos-divergem-sobre-impactos-no-pib-e-inflacao\/img_1754\/\" data-orig-file=\"https:\/\/i0.wp.com\/blogdalucianaoliveira.com.br\/blog\/wp-content\/uploads\/2026\/04\/IMG_1754.webp?fit=754%2C503\" data-orig-size=\"754,503\" data-comments-opened=\"0\" data-image-meta=\"{&quot;aperture&quot;:&quot;0&quot;,&quot;credit&quot;:&quot;&quot;,&quot;camera&quot;:&quot;&quot;,&quot;caption&quot;:&quot;&quot;,&quot;created_timestamp&quot;:&quot;0&quot;,&quot;copyright&quot;:&quot;&quot;,&quot;focal_length&quot;:&quot;0&quot;,&quot;iso&quot;:&quot;0&quot;,&quot;shutter_speed&quot;:&quot;0&quot;,&quot;title&quot;:&quot;&quot;,&quot;orientation&quot;:&quot;0&quot;}\" data-image-title=\"IMG_1754\" data-image-description=\"\" data-image-caption=\"\" data-medium-file=\"https:\/\/i0.wp.com\/blogdalucianaoliveira.com.br\/blog\/wp-content\/uploads\/2026\/04\/IMG_1754.webp?fit=300%2C200\" data-large-file=\"https:\/\/i0.wp.com\/blogdalucianaoliveira.com.br\/blog\/wp-content\/uploads\/2026\/04\/IMG_1754.webp?fit=600%2C400\" class=\"alignleft size-full wp-image-38798\" src=\"https:\/\/i0.wp.com\/blogdalucianaoliveira.com.br\/blog\/wp-content\/uploads\/2026\/04\/IMG_1754.webp?resize=600%2C400\" alt=\"\" width=\"600\" height=\"400\" srcset=\"https:\/\/i0.wp.com\/blogdalucianaoliveira.com.br\/blog\/wp-content\/uploads\/2026\/04\/IMG_1754.webp?w=754 754w, https:\/\/i0.wp.com\/blogdalucianaoliveira.com.br\/blog\/wp-content\/uploads\/2026\/04\/IMG_1754.webp?resize=300%2C200 300w, https:\/\/i0.wp.com\/blogdalucianaoliveira.com.br\/blog\/wp-content\/uploads\/2026\/04\/IMG_1754.webp?resize=450%2C300 450w\" sizes=\"auto, (max-width: 600px) 100vw, 600px\" \/><\/p>\n<p>O estudo da CNI aponta que a redu\u00e7\u00e3o da jornada de trabalho vai impactar a competitividade das empresas.<strong> Ele avalia como improv\u00e1vel o aumento da produtividade para compensar a redu\u00e7\u00e3o das horas trabalhadas.<\/p>\n<p><\/strong><\/p>\n<p><img data-recalc-dims=\"1\" loading=\"lazy\" decoding=\"async\" data-attachment-id=\"38799\" data-permalink=\"http:\/\/blogdalucianaoliveira.com.br\/blog\/2026\/04\/28\/fim-da-escala-6x1-estudos-divergem-sobre-impactos-no-pib-e-inflacao\/img_1755\/\" data-orig-file=\"https:\/\/i0.wp.com\/blogdalucianaoliveira.com.br\/blog\/wp-content\/uploads\/2026\/04\/IMG_1755.jpeg?fit=365%2C244\" data-orig-size=\"365,244\" data-comments-opened=\"0\" data-image-meta=\"{&quot;aperture&quot;:&quot;0&quot;,&quot;credit&quot;:&quot;&quot;,&quot;camera&quot;:&quot;&quot;,&quot;caption&quot;:&quot;&quot;,&quot;created_timestamp&quot;:&quot;0&quot;,&quot;copyright&quot;:&quot;&quot;,&quot;focal_length&quot;:&quot;0&quot;,&quot;iso&quot;:&quot;0&quot;,&quot;shutter_speed&quot;:&quot;0&quot;,&quot;title&quot;:&quot;&quot;,&quot;orientation&quot;:&quot;0&quot;}\" data-image-title=\"IMG_1755\" data-image-description=\"\" data-image-caption=\"\" data-medium-file=\"https:\/\/i0.wp.com\/blogdalucianaoliveira.com.br\/blog\/wp-content\/uploads\/2026\/04\/IMG_1755.jpeg?fit=300%2C201\" data-large-file=\"https:\/\/i0.wp.com\/blogdalucianaoliveira.com.br\/blog\/wp-content\/uploads\/2026\/04\/IMG_1755.jpeg?fit=365%2C244\" class=\"alignleft size-full wp-image-38799\" src=\"https:\/\/i0.wp.com\/blogdalucianaoliveira.com.br\/blog\/wp-content\/uploads\/2026\/04\/IMG_1755.jpeg?resize=365%2C244\" alt=\"\" width=\"365\" height=\"244\" srcset=\"https:\/\/i0.wp.com\/blogdalucianaoliveira.com.br\/blog\/wp-content\/uploads\/2026\/04\/IMG_1755.jpeg?w=365 365w, https:\/\/i0.wp.com\/blogdalucianaoliveira.com.br\/blog\/wp-content\/uploads\/2026\/04\/IMG_1755.jpeg?resize=300%2C201 300w\" sizes=\"auto, (max-width: 365px) 100vw, 365px\" \/><\/p>\n<p>Ao aumentar a produtividade, uma empresa pode produzir o mesmo com menos tempo de trabalho.<\/p>\n<p>\u201cA gente, infelizmente, e por diversas raz\u00f5es que n\u00e3o s\u00e3o simples de contornar, est\u00e1 com uma produtividade estagnada h\u00e1 muito tempo. Ela \u00e9 baixa frente aos outros pa\u00edses. Acho dif\u00edcil apostar numa melhora significativa de produtividade\u201d, explicou \u00e0 <strong>Ag\u00eancia Brasil<\/strong> o gerente de an\u00e1lise econ\u00f4mica da CNI, Marcelo Azevedo.<\/p>\n<p>A economista Marilane Teixeira aponta que, mesmo com uma jornada relativamente extensa como a brasileira, a produtividade se mant\u00e9m estagnada.<\/p>\n<blockquote><p>\u201cPortanto, n\u00e3o \u00e9 a jornada de trabalho que vai resolver o problema da produtividade. Talvez, at\u00e9 reduzindo a jornada de trabalho, voc\u00ea possa melhorar a produtividade porque as pessoas v\u00e3o estar mais descansadas\u201d, completa.<\/p><\/blockquote>\n<p>O t\u00e9cnico do Ipea Felipe Pateo afirma que h\u00e1 muitas possibilidades para adequa\u00e7\u00e3o das empresas frente a redu\u00e7\u00e3o da jornada, n\u00e3o sendo poss\u00edvel antecipar uma queda no PIB.<\/p>\n<blockquote><p>\u201cA hora liberada do trabalhador pode gerar tamb\u00e9m maior produ\u00e7\u00e3o, maior consumo. Pode fazer com que as outras atividades, no tempo livre, tenham uma din\u00e2mica positiva na economia\u201d, explica.<\/p><\/blockquote>\n<h2>Evolu\u00e7\u00e3o hist\u00f3rica<\/h2>\n<p><img data-recalc-dims=\"1\" loading=\"lazy\" decoding=\"async\" data-attachment-id=\"38800\" data-permalink=\"http:\/\/blogdalucianaoliveira.com.br\/blog\/2026\/04\/28\/fim-da-escala-6x1-estudos-divergem-sobre-impactos-no-pib-e-inflacao\/img_1756\/\" data-orig-file=\"https:\/\/i0.wp.com\/blogdalucianaoliveira.com.br\/blog\/wp-content\/uploads\/2026\/04\/IMG_1756.webp?fit=754%2C500\" data-orig-size=\"754,500\" data-comments-opened=\"0\" data-image-meta=\"{&quot;aperture&quot;:&quot;0&quot;,&quot;credit&quot;:&quot;&quot;,&quot;camera&quot;:&quot;&quot;,&quot;caption&quot;:&quot;&quot;,&quot;created_timestamp&quot;:&quot;0&quot;,&quot;copyright&quot;:&quot;&quot;,&quot;focal_length&quot;:&quot;0&quot;,&quot;iso&quot;:&quot;0&quot;,&quot;shutter_speed&quot;:&quot;0&quot;,&quot;title&quot;:&quot;&quot;,&quot;orientation&quot;:&quot;0&quot;}\" data-image-title=\"IMG_1756\" data-image-description=\"\" data-image-caption=\"\" data-medium-file=\"https:\/\/i0.wp.com\/blogdalucianaoliveira.com.br\/blog\/wp-content\/uploads\/2026\/04\/IMG_1756.webp?fit=300%2C199\" data-large-file=\"https:\/\/i0.wp.com\/blogdalucianaoliveira.com.br\/blog\/wp-content\/uploads\/2026\/04\/IMG_1756.webp?fit=600%2C398\" class=\"alignleft size-full wp-image-38800\" src=\"https:\/\/i0.wp.com\/blogdalucianaoliveira.com.br\/blog\/wp-content\/uploads\/2026\/04\/IMG_1756.webp?resize=600%2C398\" alt=\"\" width=\"600\" height=\"398\" srcset=\"https:\/\/i0.wp.com\/blogdalucianaoliveira.com.br\/blog\/wp-content\/uploads\/2026\/04\/IMG_1756.webp?w=754 754w, https:\/\/i0.wp.com\/blogdalucianaoliveira.com.br\/blog\/wp-content\/uploads\/2026\/04\/IMG_1756.webp?resize=300%2C199 300w, https:\/\/i0.wp.com\/blogdalucianaoliveira.com.br\/blog\/wp-content\/uploads\/2026\/04\/IMG_1756.webp?resize=452%2C300 452w\" sizes=\"auto, (max-width: 600px) 100vw, 600px\" \/><\/p>\n<p>Em 1988, a Constitui\u00e7\u00e3o brasileira reduziu a jornada de trabalho de 48 para 44 horas semanais. Em 2002, economistas da PUC Rio e da Universidade de S\u00e3o Paulo (USP) publicaram estudo que n\u00e3o identificou efeitos negativos no n\u00edvel de emprego.<\/p>\n<p>\u201cAs mudan\u00e7as relacionadas \u00e0 jornada de trabalho em 1988 n\u00e3o aumentaram a probabilidade de o trabalhador afetado perder o emprego e diminu\u00edram a sua probabilidade de sair da for\u00e7a de trabalho no ano seguinte\u00a0\u00e0 mudan\u00e7a regulat\u00f3ria\u201d.<\/p>\n<p>O economista da CNI Marcelo Azevedo questiona a compara\u00e7\u00e3o da redu\u00e7\u00e3o atual da jornada com a que foi realizada durante a Constitui\u00e7\u00e3o de 1988, alegando que a economia mudou muito nesses 40 anos.<\/p>\n<blockquote><p>\u201cA economia era mais fechada, n\u00e3o tinha globaliza\u00e7\u00e3o como tem hoje, n\u00e3o tinha o com\u00e9rcio eletr\u00f4nico de hoje. Era mais f\u00e1cil absorver os custos com uma infla\u00e7\u00e3o elevad\u00edssima como a daquela \u00e9poca\u201d, rebate Azevedo.<\/p><\/blockquote>\n","protected":false},"excerpt":{"rendered":"<p>Impactos da redu\u00e7\u00e3o de jornada viram disputa entre economistas<\/p>\n","protected":false},"author":1,"featured_media":0,"comment_status":"closed","ping_status":"open","sticky":false,"template":"","format":"standard","meta":{"_exactmetrics_skip_tracking":false,"_exactmetrics_sitenote_active":false,"_exactmetrics_sitenote_note":"","_exactmetrics_sitenote_category":0,"jetpack_post_was_ever_published":false,"_jetpack_newsletter_access":"","_jetpack_dont_email_post_to_subs":false,"_jetpack_newsletter_tier_id":0,"_jetpack_memberships_contains_paywalled_content":false,"_jetpack_memberships_contains_paid_content":false,"footnotes":"","jetpack_publicize_message":"","jetpack_publicize_feature_enabled":true,"jetpack_social_post_already_shared":true,"jetpack_social_options":{"image_generator_settings":{"template":"highway","enabled":false},"version":2}},"categories":[1],"tags":[],"class_list":["post-38794","post","type-post","status-publish","format-standard","hentry","category-notas"],"jetpack_publicize_connections":[],"jetpack_sharing_enabled":true,"jetpack_featured_media_url":"","jetpack_shortlink":"https:\/\/wp.me\/p7wKYW-a5I","jetpack-related-posts":[],"_links":{"self":[{"href":"http:\/\/blogdalucianaoliveira.com.br\/blog\/wp-json\/wp\/v2\/posts\/38794","targetHints":{"allow":["GET"]}}],"collection":[{"href":"http:\/\/blogdalucianaoliveira.com.br\/blog\/wp-json\/wp\/v2\/posts"}],"about":[{"href":"http:\/\/blogdalucianaoliveira.com.br\/blog\/wp-json\/wp\/v2\/types\/post"}],"author":[{"embeddable":true,"href":"http:\/\/blogdalucianaoliveira.com.br\/blog\/wp-json\/wp\/v2\/users\/1"}],"replies":[{"embeddable":true,"href":"http:\/\/blogdalucianaoliveira.com.br\/blog\/wp-json\/wp\/v2\/comments?post=38794"}],"version-history":[{"count":1,"href":"http:\/\/blogdalucianaoliveira.com.br\/blog\/wp-json\/wp\/v2\/posts\/38794\/revisions"}],"predecessor-version":[{"id":38802,"href":"http:\/\/blogdalucianaoliveira.com.br\/blog\/wp-json\/wp\/v2\/posts\/38794\/revisions\/38802"}],"wp:attachment":[{"href":"http:\/\/blogdalucianaoliveira.com.br\/blog\/wp-json\/wp\/v2\/media?parent=38794"}],"wp:term":[{"taxonomy":"category","embeddable":true,"href":"http:\/\/blogdalucianaoliveira.com.br\/blog\/wp-json\/wp\/v2\/categories?post=38794"},{"taxonomy":"post_tag","embeddable":true,"href":"http:\/\/blogdalucianaoliveira.com.br\/blog\/wp-json\/wp\/v2\/tags?post=38794"}],"curies":[{"name":"wp","href":"https:\/\/api.w.org\/{rel}","templated":true}]}}