{"id":38803,"date":"2026-04-28T14:08:09","date_gmt":"2026-04-28T18:08:09","guid":{"rendered":"https:\/\/blogdalucianaoliveira.com.br\/blog\/?p=38803"},"modified":"2026-04-28T14:08:31","modified_gmt":"2026-04-28T18:08:31","slug":"do-superpop-e-kit-gay-a-presidencia-do-brasil-pesquisa-mostra-construcao-politica-de-jair-bolsonaro","status":"publish","type":"post","link":"http:\/\/blogdalucianaoliveira.com.br\/blog\/2026\/04\/28\/do-superpop-e-kit-gay-a-presidencia-do-brasil-pesquisa-mostra-construcao-politica-de-jair-bolsonaro\/","title":{"rendered":"Do Superpop e kit gay \u00e0 presid\u00eancia do Brasil, pesquisa mostra constru\u00e7\u00e3o pol\u00edtica de Jair Bolsonaro"},"content":{"rendered":"<p><img data-recalc-dims=\"1\" loading=\"lazy\" decoding=\"async\" data-attachment-id=\"38805\" data-permalink=\"http:\/\/blogdalucianaoliveira.com.br\/blog\/2026\/04\/28\/do-superpop-e-kit-gay-a-presidencia-do-brasil-pesquisa-mostra-construcao-politica-de-jair-bolsonaro\/img_1757\/\" data-orig-file=\"https:\/\/i0.wp.com\/blogdalucianaoliveira.com.br\/blog\/wp-content\/uploads\/2026\/04\/IMG_1757.webp?fit=1086%2C652\" data-orig-size=\"1086,652\" data-comments-opened=\"0\" data-image-meta=\"{&quot;aperture&quot;:&quot;0&quot;,&quot;credit&quot;:&quot;&quot;,&quot;camera&quot;:&quot;&quot;,&quot;caption&quot;:&quot;&quot;,&quot;created_timestamp&quot;:&quot;0&quot;,&quot;copyright&quot;:&quot;&quot;,&quot;focal_length&quot;:&quot;0&quot;,&quot;iso&quot;:&quot;0&quot;,&quot;shutter_speed&quot;:&quot;0&quot;,&quot;title&quot;:&quot;&quot;,&quot;orientation&quot;:&quot;0&quot;}\" data-image-title=\"IMG_1757\" data-image-description=\"\" data-image-caption=\"\" data-medium-file=\"https:\/\/i0.wp.com\/blogdalucianaoliveira.com.br\/blog\/wp-content\/uploads\/2026\/04\/IMG_1757.webp?fit=300%2C180\" data-large-file=\"https:\/\/i0.wp.com\/blogdalucianaoliveira.com.br\/blog\/wp-content\/uploads\/2026\/04\/IMG_1757.webp?fit=600%2C360\" class=\"alignleft size-full wp-image-38805\" src=\"https:\/\/i0.wp.com\/blogdalucianaoliveira.com.br\/blog\/wp-content\/uploads\/2026\/04\/IMG_1757.webp?resize=600%2C360\" alt=\"\" width=\"600\" height=\"360\" srcset=\"https:\/\/i0.wp.com\/blogdalucianaoliveira.com.br\/blog\/wp-content\/uploads\/2026\/04\/IMG_1757.webp?w=1086 1086w, https:\/\/i0.wp.com\/blogdalucianaoliveira.com.br\/blog\/wp-content\/uploads\/2026\/04\/IMG_1757.webp?resize=300%2C180 300w, https:\/\/i0.wp.com\/blogdalucianaoliveira.com.br\/blog\/wp-content\/uploads\/2026\/04\/IMG_1757.webp?resize=1024%2C615 1024w, https:\/\/i0.wp.com\/blogdalucianaoliveira.com.br\/blog\/wp-content\/uploads\/2026\/04\/IMG_1757.webp?resize=768%2C461 768w, https:\/\/i0.wp.com\/blogdalucianaoliveira.com.br\/blog\/wp-content\/uploads\/2026\/04\/IMG_1757.webp?resize=500%2C300 500w\" sizes=\"auto, (max-width: 600px) 100vw, 600px\" \/><\/p>\n<p>Rodrigo Cassis aponta que ex-presidente sempre ambicionou cargos maiores e sonhou em ser vice de Silvio Santos<!--more--><\/p>\n<div class=\"elementor-element elementor-element-8136daa elementor-widget elementor-widget-theme-post-content\" data-id=\"8136daa\" data-element_type=\"widget\" data-e-type=\"widget\" data-widget_type=\"theme-post-content.default\">\n<div class=\"elementor-widget-container\">\n<p>Brasil de Fato &#8211; A publica\u00e7\u00e3o \u201cCom que moral v\u00e3o me ca\u00e7ar aqui?\u201d surgiu a partir de um projeto acad\u00eamico com o objetivo de destrinchar a trajet\u00f3ria do ex-presidente Jair Bolsonaro (PL), condenado por <a href=\"https:\/\/www.brasildefato.com.br\/2026\/01\/08\/em-ato-de-memoria-do-8-de-janeiro-lula-veta-pl-da-dosimetria-que-iria-anistiar-bolsonaro\/\">tentativa de golpe em 8 de janeiro de 2023<\/a>, e entender como se deu a constru\u00e7\u00e3o pol\u00edtica que o al\u00e7ou ao mais alto cargo da Rep\u00fablica no Brasil.<\/p>\n<p>Pesquisador e autor do projeto, o soci\u00f3logo Rodrigo Cassis explica ao <a href=\"https:\/\/www.youtube.com\/playlist?list=PLytfbsQYLZpCsRGcMFECb-4782ALRe55t\">Conex\u00e3o BdF<\/a>, da <strong>R\u00e1dio Brasil de Fato<\/strong>, que, ainda na d\u00e9cada de 1980, momento em que o pa\u00eds vivenciava o in\u00edcio da redemocratiza\u00e7\u00e3o, Bolsonaro se lan\u00e7a como uma lideran\u00e7a jovem. \u201cTalvez n\u00e3o uma lideran\u00e7a da extrema direita, j\u00e1 que isso n\u00e3o era t\u00e3o bem desenhado naquele momento. Mas talvez seja um fato que n\u00e3o seja muito bem evidenciado sobre a sua trajet\u00f3ria, uma vez que ele \u00e9 tomado naqueles prim\u00f3rdios como um deputado de baixo clero. Isso \u00e9 bastante verdadeiro. Mas ao mesmo tempo ele tinha enorme ambi\u00e7\u00e3o\u201d, relata.<\/p>\n<p>\u201cEle tentou candidaturas para lugares mais importantes no Executivo, na prefeitura, governador, muitas vezes. Ele sempre ambicionou lugares de maior destaque. Por exemplo, ele sonhou em ser candidato a presidente ou a vice numa <a href=\"https:\/\/www.brasildefato.com.br\/colunista\/diracom-comunicacao-e-democracia\/2024\/08\/21\/silvio-santos-o-capitalismo-e-a-longa-estrada-da-democratizacao-da-comunicacao\/\">chapa com Silvio Santos<\/a>, veja voc\u00ea, em 1994\u2033, conta.<\/p>\n<p>Para Cassis, ao contr\u00e1rio do que pode se pensar, Bolsonaro n\u00e3o passa a almejar a presid\u00eancia na esteira da Opera\u00e7\u00e3o Lava Jato, mas muito antes disso, construindo de maneira h\u00e1bil essa figura que venceria em 2018 e do pr\u00f3prio bolsonarismo que hoje ocupa o pa\u00eds. \u201cDe in\u00edcio, o plano dele era ser o representante dos militares e construir uma bancada multipartid\u00e1ria de deputados militares. Ele queria se tornar o l\u00edder dessa bancada e ainda jovem sentar com o presidente da Rep\u00fablica, ter um lugar de negocia\u00e7\u00e3o. Os dados da pesquisa apontam que ele tamb\u00e9m queria se tornar o l\u00edder desses militares de baixa patente, insatisfeitos com sal\u00e1rios, para que no momento que surgisse uma insatisfa\u00e7\u00e3o nos quart\u00e9is, ele pudesse ser o l\u00edder dessa revolta contra o regime na Nova Rep\u00fablica.\u201d<\/p>\n<p>O soci\u00f3logo tamb\u00e9m dedica parte da pesquisa a mostrar como, em 2010, Bolsonaro passa a fazer parte do imagin\u00e1rio popular com participa\u00e7\u00e3o no programa Super Pop e <a href=\"https:\/\/www.brasildefato.com.br\/2018\/10\/16\/tse-confirma-que-kit-gay-nunca-existiu-e-proibe-fake-news-de-bolsonaro\/\">a mentira do kit gay<\/a>. Pouco tempo depois, ele faria coro com questionamento da <a href=\"https:\/\/www.brasildefato.com.br\/2021\/08\/06\/em-1993-bolsonaro-denunciou-fraude-em-voto-impresso-e-defendeu-apuracao-eletronica\/\">confiabilidade da urna eletr\u00f4nica<\/a>, narrativa que at\u00e9 hoje \u00e9 forte dentro da extrema direita.<\/p>\n<p>\u201cEle galvaniza uma narrativa anticomunista que passa a tomar conta de tudo e cria as bases do bolsonarismo tal qual a gente conhece hoje. Ent\u00e3o, desde ent\u00e3o, e ele quis se candidatar a presidente em 2014, pretendia alcan\u00e7ar novos lugares. Ent\u00e3o, esse lugar de l\u00edder de uma extrema direita, eu n\u00e3o diria que ele foi jogado l\u00e1, mas ele construiu ao longo do tempo e quando as circunst\u00e2ncias apareceram, ele estava l\u00e1 pronto para assumir esse lugar\u201d, destaca Cassis.<\/p>\n<figure class=\"wp-block-embed is-type-video is-provider-youtube wp-block-embed-youtube wp-embed-aspect-16-9 wp-has-aspect-ratio\">\n<div class=\"wp-block-embed__wrapper\"><iframe loading=\"lazy\" id=\"yt-player-fa809\" title=\"Na mesa de Trump, proposta de paz do Ir\u00e3 adia debate de energia nuclear | Conex\u00e3o BdF - 2\u00aa Edi\u00e7\u00e3o\" src=\"https:\/\/www.youtube.com\/embed\/7JvfpVO0v9I?start=5730&amp;feature=oembed&amp;enablejsapi=1\" width=\"800\" height=\"450\" frameborder=\"0\" allowfullscreen=\"allowfullscreen\" data-yt-tracker-init=\"true\" data-mce-fragment=\"1\"><\/iframe><\/div>\n<\/figure>\n<h4 class=\"wp-block-heading\"><strong>Para ouvir e assistir<\/strong><\/h4>\n<p>O jornal <em><a href=\"https:\/\/www.youtube.com\/watch?v=7JvfpVO0v9I\">Conex\u00e3o BdF<\/a><\/em> vai ao ar em duas edi\u00e7\u00f5es, de segunda a sexta-feira: a primeira \u00e0s 12h e a segunda \u00e0s 17h, na <strong>R\u00e1dio Brasil de Fato<\/strong>, 98.9 FM na Grande S\u00e3o Paulo, com transmiss\u00e3o simult\u00e2nea tamb\u00e9m pelo <a href=\"https:\/\/www.youtube.com\/live\/jW1yIi-ib3Y?si=JlrPE6WosukmtgFz&amp;t=4210\">YouTube do Brasil de Fato<\/a>.<\/p>\n<div id=\"bdf-1394385224\" class=\"bdf-fim-do-conteudo bdf-entity-placement\">\n<div id=\"bdf-3892575817\" class=\"bdf-target bdf-target\" data-bdf-trackid=\"878911\" data-bdf-trackbid=\"1\">\n<div id=\"div-gpt-ad-artigos-leaderboard_content_end\" class=\"ad-slot\"><\/div>\n<div id=\"div-gpt-ad-artigos-mobile_rectangle_bottom\" class=\"ad-slot\"><\/div>\n<\/div>\n<\/div>\n<\/div>\n<\/div>\n<div class=\"elementor-element elementor-element-6950de8 elementor-widget elementor-widget-text-editor\" data-id=\"6950de8\" data-element_type=\"widget\" data-e-type=\"widget\" data-widget_type=\"text-editor.default\">\n<div class=\"elementor-widget-container\">Editado por: Lu\u00eds Indriunas<\/div>\n<\/div>\n<div class=\"elementor-element elementor-element-e50663b elementor-widget elementor-widget-shortcode\" data-id=\"e50663b\" data-element_type=\"widget\" data-e-type=\"widget\" data-widget_type=\"shortcode.default\">\n<div class=\"elementor-widget-container\">\n<div class=\"elementor-shortcode\"><\/div>\n<\/div>\n<\/div>\n<div class=\"elementor-element elementor-element-0097bfc elementor-widget elementor-widget-shortcode\" data-id=\"0097bfc\" data-element_type=\"widget\" data-e-type=\"widget\" data-widget_type=\"shortcode.default\"><\/div>\n","protected":false},"excerpt":{"rendered":"<p>Rodrigo Cassis aponta que ex-presidente sempre ambicionou cargos maiores e sonhou em ser vice de Silvio Santos<\/p>\n","protected":false},"author":1,"featured_media":0,"comment_status":"closed","ping_status":"open","sticky":false,"template":"","format":"standard","meta":{"_exactmetrics_skip_tracking":false,"_exactmetrics_sitenote_active":false,"_exactmetrics_sitenote_note":"","_exactmetrics_sitenote_category":0,"jetpack_post_was_ever_published":false,"_jetpack_newsletter_access":"","_jetpack_dont_email_post_to_subs":false,"_jetpack_newsletter_tier_id":0,"_jetpack_memberships_contains_paywalled_content":false,"_jetpack_memberships_contains_paid_content":false,"footnotes":"","jetpack_publicize_message":"","jetpack_publicize_feature_enabled":true,"jetpack_social_post_already_shared":true,"jetpack_social_options":{"image_generator_settings":{"template":"highway","enabled":false},"version":2}},"categories":[1],"tags":[],"class_list":["post-38803","post","type-post","status-publish","format-standard","hentry","category-notas"],"jetpack_publicize_connections":[],"jetpack_sharing_enabled":true,"jetpack_featured_media_url":"","jetpack_shortlink":"https:\/\/wp.me\/p7wKYW-a5R","jetpack-related-posts":[],"_links":{"self":[{"href":"http:\/\/blogdalucianaoliveira.com.br\/blog\/wp-json\/wp\/v2\/posts\/38803","targetHints":{"allow":["GET"]}}],"collection":[{"href":"http:\/\/blogdalucianaoliveira.com.br\/blog\/wp-json\/wp\/v2\/posts"}],"about":[{"href":"http:\/\/blogdalucianaoliveira.com.br\/blog\/wp-json\/wp\/v2\/types\/post"}],"author":[{"embeddable":true,"href":"http:\/\/blogdalucianaoliveira.com.br\/blog\/wp-json\/wp\/v2\/users\/1"}],"replies":[{"embeddable":true,"href":"http:\/\/blogdalucianaoliveira.com.br\/blog\/wp-json\/wp\/v2\/comments?post=38803"}],"version-history":[{"count":2,"href":"http:\/\/blogdalucianaoliveira.com.br\/blog\/wp-json\/wp\/v2\/posts\/38803\/revisions"}],"predecessor-version":[{"id":38806,"href":"http:\/\/blogdalucianaoliveira.com.br\/blog\/wp-json\/wp\/v2\/posts\/38803\/revisions\/38806"}],"wp:attachment":[{"href":"http:\/\/blogdalucianaoliveira.com.br\/blog\/wp-json\/wp\/v2\/media?parent=38803"}],"wp:term":[{"taxonomy":"category","embeddable":true,"href":"http:\/\/blogdalucianaoliveira.com.br\/blog\/wp-json\/wp\/v2\/categories?post=38803"},{"taxonomy":"post_tag","embeddable":true,"href":"http:\/\/blogdalucianaoliveira.com.br\/blog\/wp-json\/wp\/v2\/tags?post=38803"}],"curies":[{"name":"wp","href":"https:\/\/api.w.org\/{rel}","templated":true}]}}