{"id":38814,"date":"2026-04-30T10:06:11","date_gmt":"2026-04-30T14:06:11","guid":{"rendered":"https:\/\/blogdalucianaoliveira.com.br\/blog\/?p=38814"},"modified":"2026-04-30T10:06:11","modified_gmt":"2026-04-30T14:06:11","slug":"lula-deve-bater-sem-medo-no-congresso-diz-helena-chagas","status":"publish","type":"post","link":"http:\/\/blogdalucianaoliveira.com.br\/blog\/2026\/04\/30\/lula-deve-bater-sem-medo-no-congresso-diz-helena-chagas\/","title":{"rendered":"Lula deve bater sem medo no Congresso, diz Helena Chagas"},"content":{"rendered":"<p><img data-recalc-dims=\"1\" loading=\"lazy\" decoding=\"async\" data-attachment-id=\"38815\" data-permalink=\"http:\/\/blogdalucianaoliveira.com.br\/blog\/2026\/04\/30\/lula-deve-bater-sem-medo-no-congresso-diz-helena-chagas\/img_1827-2\/\" data-orig-file=\"https:\/\/i0.wp.com\/blogdalucianaoliveira.com.br\/blog\/wp-content\/uploads\/2026\/04\/IMG_1827.webp?fit=500%2C240\" data-orig-size=\"500,240\" data-comments-opened=\"0\" data-image-meta=\"{&quot;aperture&quot;:&quot;0&quot;,&quot;credit&quot;:&quot;&quot;,&quot;camera&quot;:&quot;&quot;,&quot;caption&quot;:&quot;&quot;,&quot;created_timestamp&quot;:&quot;0&quot;,&quot;copyright&quot;:&quot;&quot;,&quot;focal_length&quot;:&quot;0&quot;,&quot;iso&quot;:&quot;0&quot;,&quot;shutter_speed&quot;:&quot;0&quot;,&quot;title&quot;:&quot;&quot;,&quot;orientation&quot;:&quot;0&quot;}\" data-image-title=\"IMG_1827\" data-image-description=\"\" data-image-caption=\"\" data-medium-file=\"https:\/\/i0.wp.com\/blogdalucianaoliveira.com.br\/blog\/wp-content\/uploads\/2026\/04\/IMG_1827.webp?fit=300%2C144\" data-large-file=\"https:\/\/i0.wp.com\/blogdalucianaoliveira.com.br\/blog\/wp-content\/uploads\/2026\/04\/IMG_1827.webp?fit=500%2C240\" class=\"alignleft size-full wp-image-38815\" src=\"https:\/\/i0.wp.com\/blogdalucianaoliveira.com.br\/blog\/wp-content\/uploads\/2026\/04\/IMG_1827.webp?resize=500%2C240\" alt=\"\" width=\"500\" height=\"240\" srcset=\"https:\/\/i0.wp.com\/blogdalucianaoliveira.com.br\/blog\/wp-content\/uploads\/2026\/04\/IMG_1827.webp?w=500 500w, https:\/\/i0.wp.com\/blogdalucianaoliveira.com.br\/blog\/wp-content\/uploads\/2026\/04\/IMG_1827.webp?resize=300%2C144 300w\" sizes=\"auto, (max-width: 500px) 100vw, 500px\" \/><\/p>\n<h2 class=\"article__lead\">Jornalista critica derrota de Jorge Messias no Senado e defende confronto pol\u00edtico direto com parlamentares nas elei\u00e7\u00f5es<\/h2>\n<p><!--more--><b>247 \u2013<\/b> A jornalista Helena Chagas reagiu com dureza \u00e0 rejei\u00e7\u00e3o do nome de Jorge Messias para o Supremo Tribunal Federal (STF) e defendeu uma mudan\u00e7a de estrat\u00e9gia do presidente Lula diante do Congresso Nacional. Em publica\u00e7\u00e3o nas redes sociais, ela classificou o epis\u00f3dio como resultado de uma articula\u00e7\u00e3o pol\u00edtica contr\u00e1ria ao governo e sugeriu que Lula leve o embate diretamente ao eleitorado.<\/p>\n<p>Para Helena Chagas, a decis\u00e3o do Senado n\u00e3o foi um movimento isolado, mas parte de uma alian\u00e7a mais ampla contra o projeto pol\u00edtico do presidente. &#8220;\u00c9 inacredit\u00e1vel o que o Senado fez hoje. A derrota de Jorge Messias e do governo Lula reflete uma alian\u00e7a esp\u00faria do centr\u00e3o com a direita \u2014 sobretudo setores da Faria Lima e da m\u00eddia \u2014 que n\u00e3o querem ver o presidente reeleito&#8221;, afirmou.<\/p>\n<h2>Cr\u00edtica ao Senado e \u00e0 articula\u00e7\u00e3o pol\u00edtica<\/h2>\n<p>Na avalia\u00e7\u00e3o da jornalista, o resultado da vota\u00e7\u00e3o evidencia uma converg\u00eancia entre diferentes for\u00e7as pol\u00edticas e econ\u00f4micas que atuam para enfraquecer o governo. Ao mencionar o centr\u00e3o, a direita, setores do mercado financeiro e da m\u00eddia, Helena aponta para um cen\u00e1rio de oposi\u00e7\u00e3o estruturada ao presidente Lula.<\/p>\n<p>A cr\u00edtica refor\u00e7a a leitura de que a derrota de Jorge Messias transcende o campo institucional e revela uma disputa pol\u00edtica mais ampla, com impacto direto sobre a governabilidade.<\/p>\n<h2>Estrat\u00e9gia eleitoral: confronto direto com o Congresso<\/h2>\n<p>Diante desse cen\u00e1rio, Helena Chagas defende que o presidente adote uma postura mais combativa. &#8220;E o que Lula deve fazer? Botar o Congresso no centro da campanha eleitoral, bater sem medo, mostrar que est\u00e1 na m\u00e3o do eleitor o poder de varrer do Parlamento aqueles que n\u00e3o dignificam o mandato que receberam&#8221;, declarou.<\/p>\n<p>A proposta sugere uma mudan\u00e7a estrat\u00e9gica importante, colocando o Legislativo como alvo central do discurso pol\u00edtico nas pr\u00f3ximas elei\u00e7\u00f5es.<\/p>\n<h2>Governabilidade depende de nova base parlamentar<\/h2>\n<p>A jornalista tamb\u00e9m destaca que a capacidade de Lula governar no futuro depender\u00e1 diretamente da composi\u00e7\u00e3o do Congresso. &#8220;S\u00f3 conseguir\u00e1 governar pela quarta vez se eleger uma bancada que lhe d\u00ea um m\u00ednimo de apoio&#8221;, afirmou.<\/p>\n<p>A declara\u00e7\u00e3o evidencia a import\u00e2ncia das elei\u00e7\u00f5es legislativas para o sucesso do projeto pol\u00edtico do presidente, indicando que a disputa n\u00e3o se limita ao Executivo, mas envolve a renova\u00e7\u00e3o do Parlamento.<\/p>\n<h2>Disputa pol\u00edtica em aberto<\/h2>\n<p>A an\u00e1lise de Helena Chagas aponta para um cen\u00e1rio de crescente polariza\u00e7\u00e3o entre o governo e setores do Congresso. A rejei\u00e7\u00e3o de Jorge Messias, nesse contexto, surge como um marco dessa disputa, que tende a se intensificar \u00e0 medida que o pa\u00eds se aproxima de novos ciclos eleitorais.<\/p>\n<p>Com isso, o epis\u00f3dio refor\u00e7a a centralidade da rela\u00e7\u00e3o entre Executivo e Legislativo na pol\u00edtica brasileira e coloca em evid\u00eancia os desafios de articula\u00e7\u00e3o e governabilidade enfrentados pelo presidente Lula.<\/p>\n","protected":false},"excerpt":{"rendered":"<p>Jornalista critica derrota de Jorge Messias no Senado e defende confronto pol\u00edtico direto com parlamentares nas elei\u00e7\u00f5es<\/p>\n","protected":false},"author":1,"featured_media":0,"comment_status":"closed","ping_status":"open","sticky":false,"template":"","format":"standard","meta":{"_exactmetrics_skip_tracking":false,"_exactmetrics_sitenote_active":false,"_exactmetrics_sitenote_note":"","_exactmetrics_sitenote_category":0,"jetpack_post_was_ever_published":false,"_jetpack_newsletter_access":"","_jetpack_dont_email_post_to_subs":false,"_jetpack_newsletter_tier_id":0,"_jetpack_memberships_contains_paywalled_content":false,"_jetpack_memberships_contains_paid_content":false,"footnotes":"","jetpack_publicize_message":"","jetpack_publicize_feature_enabled":true,"jetpack_social_post_already_shared":true,"jetpack_social_options":{"image_generator_settings":{"template":"highway","enabled":false},"version":2}},"categories":[1],"tags":[],"class_list":["post-38814","post","type-post","status-publish","format-standard","hentry","category-notas"],"jetpack_publicize_connections":[],"jetpack_sharing_enabled":true,"jetpack_featured_media_url":"","jetpack_shortlink":"https:\/\/wp.me\/p7wKYW-a62","jetpack-related-posts":[],"_links":{"self":[{"href":"http:\/\/blogdalucianaoliveira.com.br\/blog\/wp-json\/wp\/v2\/posts\/38814","targetHints":{"allow":["GET"]}}],"collection":[{"href":"http:\/\/blogdalucianaoliveira.com.br\/blog\/wp-json\/wp\/v2\/posts"}],"about":[{"href":"http:\/\/blogdalucianaoliveira.com.br\/blog\/wp-json\/wp\/v2\/types\/post"}],"author":[{"embeddable":true,"href":"http:\/\/blogdalucianaoliveira.com.br\/blog\/wp-json\/wp\/v2\/users\/1"}],"replies":[{"embeddable":true,"href":"http:\/\/blogdalucianaoliveira.com.br\/blog\/wp-json\/wp\/v2\/comments?post=38814"}],"version-history":[{"count":1,"href":"http:\/\/blogdalucianaoliveira.com.br\/blog\/wp-json\/wp\/v2\/posts\/38814\/revisions"}],"predecessor-version":[{"id":38816,"href":"http:\/\/blogdalucianaoliveira.com.br\/blog\/wp-json\/wp\/v2\/posts\/38814\/revisions\/38816"}],"wp:attachment":[{"href":"http:\/\/blogdalucianaoliveira.com.br\/blog\/wp-json\/wp\/v2\/media?parent=38814"}],"wp:term":[{"taxonomy":"category","embeddable":true,"href":"http:\/\/blogdalucianaoliveira.com.br\/blog\/wp-json\/wp\/v2\/categories?post=38814"},{"taxonomy":"post_tag","embeddable":true,"href":"http:\/\/blogdalucianaoliveira.com.br\/blog\/wp-json\/wp\/v2\/tags?post=38814"}],"curies":[{"name":"wp","href":"https:\/\/api.w.org\/{rel}","templated":true}]}}