{"id":38822,"date":"2026-05-01T17:24:37","date_gmt":"2026-05-01T21:24:37","guid":{"rendered":"https:\/\/blogdalucianaoliveira.com.br\/blog\/?p=38822"},"modified":"2026-05-01T17:24:37","modified_gmt":"2026-05-01T21:24:37","slug":"haddad-defende-fim-da-escala-6x1-e-acusa-extrema-direita-de-atacar-direitos-trabalhistas","status":"publish","type":"post","link":"http:\/\/blogdalucianaoliveira.com.br\/blog\/2026\/05\/01\/haddad-defende-fim-da-escala-6x1-e-acusa-extrema-direita-de-atacar-direitos-trabalhistas\/","title":{"rendered":"Haddad defende fim da escala 6&#215;1 e acusa extrema-direita de atacar direitos trabalhistas"},"content":{"rendered":"<p><img data-recalc-dims=\"1\" loading=\"lazy\" decoding=\"async\" data-attachment-id=\"38823\" data-permalink=\"http:\/\/blogdalucianaoliveira.com.br\/blog\/2026\/05\/01\/haddad-defende-fim-da-escala-6x1-e-acusa-extrema-direita-de-atacar-direitos-trabalhistas\/img_1912\/\" data-orig-file=\"https:\/\/i0.wp.com\/blogdalucianaoliveira.com.br\/blog\/wp-content\/uploads\/2026\/05\/IMG_1912.webp?fit=500%2C240\" data-orig-size=\"500,240\" data-comments-opened=\"0\" data-image-meta=\"{&quot;aperture&quot;:&quot;0&quot;,&quot;credit&quot;:&quot;&quot;,&quot;camera&quot;:&quot;&quot;,&quot;caption&quot;:&quot;&quot;,&quot;created_timestamp&quot;:&quot;0&quot;,&quot;copyright&quot;:&quot;&quot;,&quot;focal_length&quot;:&quot;0&quot;,&quot;iso&quot;:&quot;0&quot;,&quot;shutter_speed&quot;:&quot;0&quot;,&quot;title&quot;:&quot;&quot;,&quot;orientation&quot;:&quot;0&quot;}\" data-image-title=\"IMG_1912\" data-image-description=\"\" data-image-caption=\"\" data-medium-file=\"https:\/\/i0.wp.com\/blogdalucianaoliveira.com.br\/blog\/wp-content\/uploads\/2026\/05\/IMG_1912.webp?fit=300%2C144\" data-large-file=\"https:\/\/i0.wp.com\/blogdalucianaoliveira.com.br\/blog\/wp-content\/uploads\/2026\/05\/IMG_1912.webp?fit=500%2C240\" class=\"alignleft size-full wp-image-38823\" src=\"https:\/\/i0.wp.com\/blogdalucianaoliveira.com.br\/blog\/wp-content\/uploads\/2026\/05\/IMG_1912.webp?resize=500%2C240\" alt=\"\" width=\"500\" height=\"240\" srcset=\"https:\/\/i0.wp.com\/blogdalucianaoliveira.com.br\/blog\/wp-content\/uploads\/2026\/05\/IMG_1912.webp?w=500 500w, https:\/\/i0.wp.com\/blogdalucianaoliveira.com.br\/blog\/wp-content\/uploads\/2026\/05\/IMG_1912.webp?resize=300%2C144 300w\" sizes=\"auto, (max-width: 500px) 100vw, 500px\" \/><\/p>\n<h2 class=\"article__lead\">Pr\u00e9-candidato em S\u00e3o Paulo afirma que redu\u00e7\u00e3o da jornada sem corte salarial \u00e9 prioridade e critica articula\u00e7\u00f5es por impunidade no Congresso<\/h2>\n<p><!--more--><b>247 \u2013<\/b> O ex-ministro da Fazenda e pr\u00e9-candidato ao governo de S\u00e3o Paulo, Fernando Haddad, defendeu nesta sexta-feira (1\u00ba de maio) o fim da escala 6&#215;1 e a redu\u00e7\u00e3o da jornada de trabalho no Brasil, sem redu\u00e7\u00e3o de sal\u00e1rios, durante ato do Dia do Trabalhador. A proposta, segundo ele, j\u00e1 est\u00e1 em discuss\u00e3o no Congresso Nacional ap\u00f3s amplo debate com a sociedade e representa uma forma de redistribuir os ganhos acumulados desde a Constitui\u00e7\u00e3o de 1988.<\/p>\n<p>Haddad afirmou que h\u00e1 uma \u201cboa vontade da mesa da C\u00e2mara\u201d para analisar a proposta do governo, que prev\u00ea a redu\u00e7\u00e3o da jornada semanal de 44 para 40 horas, com a substitui\u00e7\u00e3o da escala 6&#215;1 pela 5&#215;2. <i>\u201cVoltar ao tema da jornada de trabalho e socializar os ganhos desses 40 anos de Constitui\u00e7\u00e3o, reduzindo a jornada de 44 por 40 horas semanais. O fim da jornada 6 por 1 e a ado\u00e7\u00e3o da jornada 5 por 2, sem redu\u00e7\u00e3o de sal\u00e1rio\u201d<\/i>, declarou.<\/p>\n<div class=\"marginBottom30\">\n<div class=\"ad ad--center marginBottom0\">\n<div id=\"b247-multipage-video-1\" data-google-query-id=\"COvl9cuCmZQDFfUNHgAdTPEQ3w\">\n<div id=\"google_ads_iframe_\/55115104\/b247-multipage-video-1_0__container__\"><iframe id=\"google_ads_iframe_\/55115104\/b247-multipage-video-1_0\" tabindex=\"0\" title=\"Conte\u00fado de an\u00fancios de terceiros\" name=\"google_ads_iframe_\/55115104\/b247-multipage-video-1_0\" width=\"1\" height=\"1\" frameborder=\"0\" marginwidth=\"0\" marginheight=\"0\" scrolling=\"no\" aria-label=\"Publicidade\" data-load-complete=\"true\" data-google-container-id=\"2\" data-mce-fragment=\"1\"><\/iframe><\/div>\n<\/div>\n<\/div>\n<\/div>\n<p>O pr\u00e9-candidato demonstrou confian\u00e7a de que a proposta avance ainda em 2026, comparando-a a outras medidas implementadas recentemente. <i>\u201cEstou confiante que n\u00f3s vamos conseguir entregar at\u00e9 o final do ano essa pauta, como fizemos com o sal\u00e1rio m\u00ednimo no ano passado, a isen\u00e7\u00e3o do imposto de renda do ano passado\u201d<\/i>, disse.<\/p>\n<h2>Cr\u00edticas ao Congresso e \u00e0 impunidade<\/h2>\n<p>Ao comentar recentes derrotas do governo no Congresso, Haddad fez duras cr\u00edticas ao que classificou como articula\u00e7\u00f5es em torno da impunidade. Para ele, os epis\u00f3dios n\u00e3o representam apenas disputas pol\u00edticas, mas um problema institucional mais profundo.<\/p>\n<blockquote><p><i>\u201cEu acredito que essa derrota, essa dita derrota no Congresso, ela foi uma derrota do combate \u00e0 corrup\u00e7\u00e3o\u201d<\/i>, afirmou.<\/p><\/blockquote>\n<p>Ele acrescentou que an\u00e1lises publicadas na imprensa indicam interesses ocultos por tr\u00e1s dessas movimenta\u00e7\u00f5es. <i>\u201cOutros temas, outros assuntos, hoje eu mesmo estava vendo analistas pol\u00edticos dizendo que por tr\u00e1s dessa derrota tinha uma pretens\u00e3o de um grande acordo em torno da impunidade daqueles respons\u00e1veis por alguns esc\u00e2ndalos recentes no Brasil\u201d<\/i>, disse.<\/p>\n<p>Haddad ressaltou que a popula\u00e7\u00e3o espera responsabiliza\u00e7\u00e3o dos envolvidos em irregularidades. <i>\u201cTudo o que as pessoas desse pa\u00eds desejam, os cidad\u00e3os comuns, \u00e9 que as responsabilidades sejam todas elas apuradas at\u00e9 o fim\u201d<\/i>, completou.<\/p>\n<h2>Ataques \u00e0 extrema-direita e defesa dos trabalhadores<\/h2>\n<p>Haddad tamb\u00e9m criticou duramente a agenda da extrema-direita, afirmando que os trabalhadores s\u00e3o os principais alvos desse campo pol\u00edtico.<\/p>\n<blockquote><p><i>\u201cO cidad\u00e3o mais prejudicado pela pauta da extrema-direita \u00e9 o trabalhador. O trabalhador \u00e9 o alvo central. \u00c9 quem eles visam retirar direitos imediatamente\u201d<\/i>, afirmou.<\/p><\/blockquote>\n<p>Ele citou declara\u00e7\u00f5es de lideran\u00e7as oposicionistas como evid\u00eancia de propostas que afetariam \u00e1reas sociais. <i>\u201cComo alvo \u00e9 a sa\u00fade, educa\u00e7\u00e3o, sal\u00e1rio m\u00ednimo, imposto de renda. Continua sendo a conta tradicional deles\u201d<\/i>, disse.<\/p>\n<p>Segundo Haddad, h\u00e1 um padr\u00e3o recorrente nas disputas eleitorais. <i>\u201cSempre que vem uma campanha, eles procuram omitir, eles procuram confundir a opini\u00e3o p\u00fablica, mas, no frigir dos ovos, o que est\u00e1 em jogo \u00e9 sempre venda de patrim\u00f4nio p\u00fablico de um lado e corte de direitos sociais de outro\u201d<\/i>, declarou.<\/p>\n<h2>Disputa eleitoral e articula\u00e7\u00e3o em S\u00e3o Paulo<\/h2>\n<p>Questionado sobre o cen\u00e1rio eleitoral, Haddad destacou a import\u00e2ncia da mobiliza\u00e7\u00e3o social e da rela\u00e7\u00e3o com sindicatos. Ele tamb\u00e9m comentou a forma\u00e7\u00e3o de chapas para o Senado em S\u00e3o Paulo, com v\u00e1rios nomes competitivos no campo progressista.<\/p>\n<blockquote><p><i>\u201cN\u00f3s vamos ter que conversar e vamos chegar a um denominador comum. Vai exigir alguma conversa para frente, mas n\u00f3s estamos com um bom problema\u201d<\/i>, afirmou.<\/p><\/blockquote>\n<p>Haddad ressaltou a qualifica\u00e7\u00e3o dos pr\u00e9-candidatos. <i>\u201cTodo mundo aqui \u00e9 ficha limpa, servi\u00e7os prestados ao pa\u00eds, compromisso com a \u00e9tica na pol\u00edtica\u201d<\/i>, disse.<\/p>\n<p>Ele enfatizou que a defini\u00e7\u00e3o ser\u00e1 constru\u00edda de forma coletiva. <i>\u201cN\u00e3o existe imposi\u00e7\u00e3o. As pessoas est\u00e3o se colocando tamb\u00e9m, t\u00eam o direito de ter suas pretens\u00f5es\u201d<\/i>, afirmou.<\/p>\n<h2>Defesa de uma pol\u00edtica sem \u00f3dio<\/h2>\n<p>Ao final, Haddad defendeu a retomada de um ambiente pol\u00edtico mais civilizado no pa\u00eds.<\/p>\n<blockquote><p><i>\u201cN\u00f3s queremos ver esse pa\u00eds voltar a sorrir, n\u00f3s queremos deixar o \u00f3dio da pol\u00edtica longe da pol\u00edtica\u201d<\/i>, declarou.<\/p><\/blockquote>\n<p>Ele concluiu defendendo o foco em pol\u00edticas p\u00fablicas e no desenvolvimento nacional. <i>\u201cQueremos voltar a discutir pol\u00edtica p\u00fablica, queremos fazer pol\u00edtica de cara limpa\u201d<\/i>, afirmou.<\/p>\n<p>&nbsp;<\/p>\n","protected":false},"excerpt":{"rendered":"<p>Pr\u00e9-candidato em S\u00e3o Paulo afirma que redu\u00e7\u00e3o da jornada sem corte salarial \u00e9 prioridade e critica articula\u00e7\u00f5es por impunidade no Congresso<\/p>\n","protected":false},"author":1,"featured_media":0,"comment_status":"closed","ping_status":"open","sticky":false,"template":"","format":"standard","meta":{"_exactmetrics_skip_tracking":false,"_exactmetrics_sitenote_active":false,"_exactmetrics_sitenote_note":"","_exactmetrics_sitenote_category":0,"jetpack_post_was_ever_published":false,"_jetpack_newsletter_access":"","_jetpack_dont_email_post_to_subs":false,"_jetpack_newsletter_tier_id":0,"_jetpack_memberships_contains_paywalled_content":false,"_jetpack_memberships_contains_paid_content":false,"footnotes":"","jetpack_publicize_message":"","jetpack_publicize_feature_enabled":true,"jetpack_social_post_already_shared":true,"jetpack_social_options":{"image_generator_settings":{"template":"highway","enabled":false},"version":2}},"categories":[1],"tags":[],"class_list":["post-38822","post","type-post","status-publish","format-standard","hentry","category-notas"],"jetpack_publicize_connections":[],"jetpack_sharing_enabled":true,"jetpack_featured_media_url":"","jetpack_shortlink":"https:\/\/wp.me\/p7wKYW-a6a","jetpack-related-posts":[],"_links":{"self":[{"href":"http:\/\/blogdalucianaoliveira.com.br\/blog\/wp-json\/wp\/v2\/posts\/38822","targetHints":{"allow":["GET"]}}],"collection":[{"href":"http:\/\/blogdalucianaoliveira.com.br\/blog\/wp-json\/wp\/v2\/posts"}],"about":[{"href":"http:\/\/blogdalucianaoliveira.com.br\/blog\/wp-json\/wp\/v2\/types\/post"}],"author":[{"embeddable":true,"href":"http:\/\/blogdalucianaoliveira.com.br\/blog\/wp-json\/wp\/v2\/users\/1"}],"replies":[{"embeddable":true,"href":"http:\/\/blogdalucianaoliveira.com.br\/blog\/wp-json\/wp\/v2\/comments?post=38822"}],"version-history":[{"count":1,"href":"http:\/\/blogdalucianaoliveira.com.br\/blog\/wp-json\/wp\/v2\/posts\/38822\/revisions"}],"predecessor-version":[{"id":38824,"href":"http:\/\/blogdalucianaoliveira.com.br\/blog\/wp-json\/wp\/v2\/posts\/38822\/revisions\/38824"}],"wp:attachment":[{"href":"http:\/\/blogdalucianaoliveira.com.br\/blog\/wp-json\/wp\/v2\/media?parent=38822"}],"wp:term":[{"taxonomy":"category","embeddable":true,"href":"http:\/\/blogdalucianaoliveira.com.br\/blog\/wp-json\/wp\/v2\/categories?post=38822"},{"taxonomy":"post_tag","embeddable":true,"href":"http:\/\/blogdalucianaoliveira.com.br\/blog\/wp-json\/wp\/v2\/tags?post=38822"}],"curies":[{"name":"wp","href":"https:\/\/api.w.org\/{rel}","templated":true}]}}