{"id":3883,"date":"2016-09-12T10:35:39","date_gmt":"2016-09-12T14:35:39","guid":{"rendered":"http:\/\/blogdalucianaoliveira.com.br\/blog\/?p=3883"},"modified":"2016-09-12T10:35:39","modified_gmt":"2016-09-12T14:35:39","slug":"pm-volta-a-forjar-motivo-para-atacar-manifestacao-pacifica-em-sp","status":"publish","type":"post","link":"http:\/\/blogdalucianaoliveira.com.br\/blog\/2016\/09\/12\/pm-volta-a-forjar-motivo-para-atacar-manifestacao-pacifica-em-sp\/","title":{"rendered":"PM volta a forjar \u201cmotivo\u201d para atacar manifesta\u00e7\u00e3o pac\u00edfica em SP"},"content":{"rendered":"<p><img data-recalc-dims=\"1\" loading=\"lazy\" decoding=\"async\" data-attachment-id=\"3884\" data-permalink=\"http:\/\/blogdalucianaoliveira.com.br\/blog\/2016\/09\/12\/pm-volta-a-forjar-motivo-para-atacar-manifestacao-pacifica-em-sp\/image-864\/\" data-orig-file=\"https:\/\/i0.wp.com\/blogdalucianaoliveira.com.br\/blog\/wp-content\/uploads\/2016\/09\/image-69.jpeg?fit=558%2C458\" data-orig-size=\"558,458\" data-comments-opened=\"0\" data-image-meta=\"{&quot;aperture&quot;:&quot;0&quot;,&quot;credit&quot;:&quot;&quot;,&quot;camera&quot;:&quot;&quot;,&quot;caption&quot;:&quot;&quot;,&quot;created_timestamp&quot;:&quot;0&quot;,&quot;copyright&quot;:&quot;&quot;,&quot;focal_length&quot;:&quot;0&quot;,&quot;iso&quot;:&quot;0&quot;,&quot;shutter_speed&quot;:&quot;0&quot;,&quot;title&quot;:&quot;&quot;,&quot;orientation&quot;:&quot;1&quot;}\" data-image-title=\"image\" data-image-description=\"\" data-image-caption=\"\" data-medium-file=\"https:\/\/i0.wp.com\/blogdalucianaoliveira.com.br\/blog\/wp-content\/uploads\/2016\/09\/image-69.jpeg?fit=300%2C246\" data-large-file=\"https:\/\/i0.wp.com\/blogdalucianaoliveira.com.br\/blog\/wp-content\/uploads\/2016\/09\/image-69.jpeg?fit=558%2C458\" src=\"https:\/\/i0.wp.com\/blogdalucianaoliveira.com.br\/blog\/wp-content\/uploads\/2016\/09\/image-69.jpeg?resize=558%2C458\" alt=\"image\" width=\"558\" height=\"458\" class=\"alignnone size-full wp-image-3884\" srcset=\"https:\/\/i0.wp.com\/blogdalucianaoliveira.com.br\/blog\/wp-content\/uploads\/2016\/09\/image-69.jpeg?w=558 558w, https:\/\/i0.wp.com\/blogdalucianaoliveira.com.br\/blog\/wp-content\/uploads\/2016\/09\/image-69.jpeg?resize=300%2C246 300w, https:\/\/i0.wp.com\/blogdalucianaoliveira.com.br\/blog\/wp-content\/uploads\/2016\/09\/image-69.jpeg?resize=366%2C300 366w\" sizes=\"auto, (max-width: 558px) 100vw, 558px\" \/><\/p>\n<p>Blog da Cidadania<br \/>\nEduardo Guimar\u00e3es<\/p>\n<p>Os limites foram todos ultrapassados. Mais um ato pol\u00edtico leg\u00edtimo, constitucional, exercido pela popula\u00e7\u00e3o paulistana sob a \u00e9gide do artigo 5\u00ba da Constitui\u00e7\u00e3o foi vandalizado por uma tropa que vem atuando de modo ditatorial, truculento e inaceit\u00e1vel.<!--more--><\/p>\n<p>Isso j\u00e1 foi longe demais. Esses brutamontes armados at\u00e9 os dentes voltaram a deter ADOLESCENTES que n\u00e3o haviam cometido UM \u00daNICO ATO que justificasse a viol\u00eancia de det\u00ea-los.<\/p>\n<p>Estava eu sobre o carro de som em que estavam parlamentares como Paulo Teixeira, Luiza Erundina, Lindbergh Farias e ningu\u00e9m mais, ningu\u00e9m menos do que o prefeito Fernando Haddad quando a pol\u00edcia militar, indiferente \u00e0 import\u00e2ncia daquele ato p\u00fablico, come\u00e7ou a provocar a popula\u00e7\u00e3o em busca de algum exaltado que reagisse de forma a poder jogar suas bombas em um local em que estava a autoridade m\u00e1xima do munic\u00edpio paulistano.<\/p>\n<p><img data-recalc-dims=\"1\" loading=\"lazy\" decoding=\"async\" data-attachment-id=\"3885\" data-permalink=\"http:\/\/blogdalucianaoliveira.com.br\/blog\/2016\/09\/12\/pm-volta-a-forjar-motivo-para-atacar-manifestacao-pacifica-em-sp\/image-865\/\" data-orig-file=\"https:\/\/i0.wp.com\/blogdalucianaoliveira.com.br\/blog\/wp-content\/uploads\/2016\/09\/image-70.jpeg?fit=584%2C504\" data-orig-size=\"584,504\" data-comments-opened=\"0\" data-image-meta=\"{&quot;aperture&quot;:&quot;0&quot;,&quot;credit&quot;:&quot;&quot;,&quot;camera&quot;:&quot;&quot;,&quot;caption&quot;:&quot;&quot;,&quot;created_timestamp&quot;:&quot;0&quot;,&quot;copyright&quot;:&quot;&quot;,&quot;focal_length&quot;:&quot;0&quot;,&quot;iso&quot;:&quot;0&quot;,&quot;shutter_speed&quot;:&quot;0&quot;,&quot;title&quot;:&quot;&quot;,&quot;orientation&quot;:&quot;0&quot;}\" data-image-title=\"image\" data-image-description=\"\" data-image-caption=\"\" data-medium-file=\"https:\/\/i0.wp.com\/blogdalucianaoliveira.com.br\/blog\/wp-content\/uploads\/2016\/09\/image-70.jpeg?fit=300%2C259\" data-large-file=\"https:\/\/i0.wp.com\/blogdalucianaoliveira.com.br\/blog\/wp-content\/uploads\/2016\/09\/image-70.jpeg?fit=584%2C504\" src=\"https:\/\/i0.wp.com\/blogdalucianaoliveira.com.br\/blog\/wp-content\/uploads\/2016\/09\/image-70.jpeg?resize=584%2C504\" alt=\"image\" width=\"584\" height=\"504\" class=\"alignnone size-full wp-image-3885\" srcset=\"https:\/\/i0.wp.com\/blogdalucianaoliveira.com.br\/blog\/wp-content\/uploads\/2016\/09\/image-70.jpeg?w=584 584w, https:\/\/i0.wp.com\/blogdalucianaoliveira.com.br\/blog\/wp-content\/uploads\/2016\/09\/image-70.jpeg?resize=300%2C259 300w, https:\/\/i0.wp.com\/blogdalucianaoliveira.com.br\/blog\/wp-content\/uploads\/2016\/09\/image-70.jpeg?resize=348%2C300 348w\" sizes=\"auto, (max-width: 584px) 100vw, 584px\" \/><\/p>\n<p>Imediatamente o prefeito desceu do carro de som e foi ver o que estava acontecendo, no que foi acompanhado por outros parlamentares que estavam no local e, obviamente, por este que escreve. Confira a investida que tivemos que fazer para impedir que a PM come\u00e7asse a jogar bombas.<\/p>\n<p>Corri para o local e consegui me aproximar do comandante da opera\u00e7\u00e3o. Identifiquei-me como candidato a vereador e, acima disso, CIDAD\u00c3O e o policial, como se v\u00ea no v\u00eddeo, deu-me as costas e se recusou a parlamentar de modo civilizado.<\/p>\n<p>Com muita dificuldade o policial respons\u00e1vel pelo ataque \u00e0 manifesta\u00e7\u00e3o conversou com os parlamentares Lindbergh Farias e Paulo Teixeira. Eles conversaram comigo e afirmaram que desconfiavam da vers\u00e3o do policial sobre os jovens apreendidos portarem \u201cpedras\u201d.<\/p>\n<p>\u00c9 muito grave: os parlamentares acham que o comandante da PM forjou uma \u201craz\u00e3o\u201d para atacar o ato pac\u00edfico que ocorria com a presen\u00e7a do PREFEITO DE S\u00c3O PAULO.<\/p>\n<p>Essa conduta da PM paulista chegou ao limite do aceit\u00e1vel. Conversei com os parlamentares e a\u00e7\u00f5es variadas de denuncia\u00e7\u00e3o dos abusos dessa verdadeira ditadura que se instalou no Brasil passam, a partir de agora, a ser denunciados em todos os f\u00f3runs internacionais.<\/p>\n<p>A Pol\u00edcia Militar n\u00e3o acabou, mas tem que acabar. A civiliza\u00e7\u00e3o e os direitos humanos do povo brasileiro requerem o fim dessa Pol\u00edcia truculenta, despreparada, que n\u00e3o responde a ningu\u00e9m e comete crimes sem jamais responder por eles. A sociedade ir\u00e1 reagir \u00e0 altura.<\/p>\n","protected":false},"excerpt":{"rendered":"<p>Blog da Cidadania Eduardo Guimar\u00e3es Os limites foram todos ultrapassados. Mais um ato pol\u00edtico leg\u00edtimo, constitucional, exercido pela popula\u00e7\u00e3o paulistana sob a \u00e9gide do artigo 5\u00ba da Constitui\u00e7\u00e3o foi vandalizado por uma tropa que vem atuando de modo ditatorial, truculento e inaceit\u00e1vel.<\/p>\n","protected":false},"author":1,"featured_media":0,"comment_status":"closed","ping_status":"open","sticky":false,"template":"","format":"standard","meta":{"_exactmetrics_skip_tracking":false,"_exactmetrics_sitenote_active":false,"_exactmetrics_sitenote_note":"","_exactmetrics_sitenote_category":0,"jetpack_post_was_ever_published":false,"_jetpack_newsletter_access":"","_jetpack_dont_email_post_to_subs":false,"_jetpack_newsletter_tier_id":0,"_jetpack_memberships_contains_paywalled_content":false,"_jetpack_memberships_contains_paid_content":false,"footnotes":"","jetpack_publicize_message":"","jetpack_publicize_feature_enabled":true,"jetpack_social_post_already_shared":true,"jetpack_social_options":{"image_generator_settings":{"template":"highway","enabled":false},"version":2}},"categories":[1],"tags":[],"class_list":["post-3883","post","type-post","status-publish","format-standard","hentry","category-notas"],"jetpack_publicize_connections":[],"jetpack_sharing_enabled":true,"jetpack_featured_media_url":"","jetpack_shortlink":"https:\/\/wp.me\/p7wKYW-10D","jetpack-related-posts":[],"_links":{"self":[{"href":"http:\/\/blogdalucianaoliveira.com.br\/blog\/wp-json\/wp\/v2\/posts\/3883","targetHints":{"allow":["GET"]}}],"collection":[{"href":"http:\/\/blogdalucianaoliveira.com.br\/blog\/wp-json\/wp\/v2\/posts"}],"about":[{"href":"http:\/\/blogdalucianaoliveira.com.br\/blog\/wp-json\/wp\/v2\/types\/post"}],"author":[{"embeddable":true,"href":"http:\/\/blogdalucianaoliveira.com.br\/blog\/wp-json\/wp\/v2\/users\/1"}],"replies":[{"embeddable":true,"href":"http:\/\/blogdalucianaoliveira.com.br\/blog\/wp-json\/wp\/v2\/comments?post=3883"}],"version-history":[{"count":2,"href":"http:\/\/blogdalucianaoliveira.com.br\/blog\/wp-json\/wp\/v2\/posts\/3883\/revisions"}],"predecessor-version":[{"id":3887,"href":"http:\/\/blogdalucianaoliveira.com.br\/blog\/wp-json\/wp\/v2\/posts\/3883\/revisions\/3887"}],"wp:attachment":[{"href":"http:\/\/blogdalucianaoliveira.com.br\/blog\/wp-json\/wp\/v2\/media?parent=3883"}],"wp:term":[{"taxonomy":"category","embeddable":true,"href":"http:\/\/blogdalucianaoliveira.com.br\/blog\/wp-json\/wp\/v2\/categories?post=3883"},{"taxonomy":"post_tag","embeddable":true,"href":"http:\/\/blogdalucianaoliveira.com.br\/blog\/wp-json\/wp\/v2\/tags?post=3883"}],"curies":[{"name":"wp","href":"https:\/\/api.w.org\/{rel}","templated":true}]}}