{"id":3900,"date":"2016-09-12T18:03:34","date_gmt":"2016-09-12T22:03:34","guid":{"rendered":"http:\/\/blogdalucianaoliveira.com.br\/blog\/?p=3900"},"modified":"2016-09-12T18:03:34","modified_gmt":"2016-09-12T22:03:34","slug":"posse-de-carmen-lucia-vira-ato-contra-a-corrupcao","status":"publish","type":"post","link":"http:\/\/blogdalucianaoliveira.com.br\/blog\/2016\/09\/12\/posse-de-carmen-lucia-vira-ato-contra-a-corrupcao\/","title":{"rendered":"POSSE DE C\u00c1RMEN L\u00daCIA VIRA ATO CONTRA A CORRUP\u00c7\u00c3O"},"content":{"rendered":"<p><img data-recalc-dims=\"1\" loading=\"lazy\" decoding=\"async\" data-attachment-id=\"3901\" data-permalink=\"http:\/\/blogdalucianaoliveira.com.br\/blog\/2016\/09\/12\/posse-de-carmen-lucia-vira-ato-contra-a-corrupcao\/carmem\/\" data-orig-file=\"https:\/\/i0.wp.com\/blogdalucianaoliveira.com.br\/blog\/wp-content\/uploads\/2016\/09\/carmem.jpg?fit=1002%2C357\" data-orig-size=\"1002,357\" data-comments-opened=\"0\" data-image-meta=\"{&quot;aperture&quot;:&quot;0&quot;,&quot;credit&quot;:&quot;&quot;,&quot;camera&quot;:&quot;&quot;,&quot;caption&quot;:&quot;&quot;,&quot;created_timestamp&quot;:&quot;0&quot;,&quot;copyright&quot;:&quot;&quot;,&quot;focal_length&quot;:&quot;0&quot;,&quot;iso&quot;:&quot;0&quot;,&quot;shutter_speed&quot;:&quot;0&quot;,&quot;title&quot;:&quot;&quot;,&quot;orientation&quot;:&quot;0&quot;}\" data-image-title=\"carmem\" data-image-description=\"\" data-image-caption=\"\" data-medium-file=\"https:\/\/i0.wp.com\/blogdalucianaoliveira.com.br\/blog\/wp-content\/uploads\/2016\/09\/carmem.jpg?fit=300%2C107\" data-large-file=\"https:\/\/i0.wp.com\/blogdalucianaoliveira.com.br\/blog\/wp-content\/uploads\/2016\/09\/carmem.jpg?fit=600%2C214\" src=\"https:\/\/i0.wp.com\/blogdalucianaoliveira.com.br\/blog\/wp-content\/uploads\/2016\/09\/carmem.jpg?resize=600%2C214\" alt=\"carmem\" width=\"600\" height=\"214\" class=\"alignnone size-full wp-image-3901\" srcset=\"https:\/\/i0.wp.com\/blogdalucianaoliveira.com.br\/blog\/wp-content\/uploads\/2016\/09\/carmem.jpg?w=1002 1002w, https:\/\/i0.wp.com\/blogdalucianaoliveira.com.br\/blog\/wp-content\/uploads\/2016\/09\/carmem.jpg?resize=300%2C107 300w, https:\/\/i0.wp.com\/blogdalucianaoliveira.com.br\/blog\/wp-content\/uploads\/2016\/09\/carmem.jpg?resize=768%2C274 768w, https:\/\/i0.wp.com\/blogdalucianaoliveira.com.br\/blog\/wp-content\/uploads\/2016\/09\/carmem.jpg?resize=800%2C285 800w\" sizes=\"auto, (max-width: 600px) 100vw, 600px\" \/><\/p>\n<p>247 &#8211; A cerim\u00f4nia de posse da ministra C\u00e1rmen L\u00facia na presid\u00eancia do Supremo Tribunal Federal se transformou em ato contra a corrup\u00e7\u00e3o em meio ao momento pol\u00edtico vivenciado pelo Brasil. Na mesma cerim\u00f4nia, o ministro Dias Toffoli foi empossado como vice-presidente do STF.<!--more--><\/p>\n<p>O ato teve a participa\u00e7\u00e3o de Caetano Veloso, que cantou o Hino Nacional e tocou viol\u00e3o, e a presen\u00e7a dos presidentes dos tr\u00eas poderes &#8211; Renan Calheiros, do Legislativo, e Michel Temer, do Executivo, al\u00e9m do Judici\u00e1rio, que passou a ser representado por C\u00e1rmen L\u00facia. Os ex-presidentes Lula e Jos\u00e9 Sarney tamb\u00e9m compareceram ao ato. <\/p>\n<p>Em sua fala, o decano da Corte, ministro Celso de Mello, defendeu que os &#8220;infi\u00e9is da causa p\u00fablica, indignos do poder&#8221;, sejam punidos e afirmou que n\u00e3o devemos deixar que o poder seja tomado por &#8220;fac\u00e7\u00f5es criminosas&#8221; ou &#8220;marginais da Rep\u00fablica&#8221;.<\/p>\n<p>Ele citou o &#8220;imoral sodal\u00edcio&#8221; em que se juntaram agentes p\u00fablicos e empresariais para fraudar o estado e criticou quem usa o poder em benef\u00edcio pr\u00f3prio, ou de car\u00e1ter empresarial, ou com finalidade pol\u00edtico-partid\u00e1ria.<\/p>\n<p>O procurador-geral da Rep\u00fablica, Rodrigo Janot, pr\u00f3ximo a discursar, criticou o que chamou de tentativa &#8220;desonesta de desconstru\u00e7\u00e3o da imagem&#8221; do trabalho &#8220;s\u00e9rio e isento de investigadores e ju\u00edzes&#8221;, em refer\u00eancia \u00e0 Opera\u00e7\u00e3o Lava Jato.<\/p>\n<p>Ele defendeu as dez medidas anticorrup\u00e7\u00e3o apresentadas pelo Minist\u00e9rio P\u00fablico Federal ao Congresso Nacional e declarou que &#8220;o Brasil precisa mudar e precisa do empenho do Judici\u00e1rio e do Minist\u00e9rio P\u00fablico&#8221;. <\/p>\n<p>&#8220;O sistema da nova Rep\u00fablica est\u00e1 em cheque&#8221;, declarou Janot. &#8220;Vivemos uma crise multidimensional no pa\u00eds&#8221;, acrescentou o chefe da PGR, afirmando que o Judici\u00e1rio est\u00e1 nela em v\u00e1rias frentes.<\/p>\n<p>O discurso seguinte, do presidente da OAB, Cl\u00e1udio Lamachia, criticou uma das medidas do MP: o uso de prova produzida por meio ilegal, desde que tenha havido com boa-f\u00e9. &#8220;N\u00e3o se combate o crime com outro crime&#8221;, afirmou. Ele tamb\u00e9m diz que a entidade, que declarou apoio ao impeachment de Dilma Rousseff, &#8220;n\u00e3o tem cor partid\u00e1ria, seu partido \u00e9 o Brasil&#8221;.<\/p>\n<p>Leia reportagem da Ag\u00eancia Brasil sobre o discurso da ministra C\u00e1rmen L\u00facia:<\/p>\n<p>C\u00e1rmen L\u00facia defende transforma\u00e7\u00e3o do Judici\u00e1rio ao assumir Presid\u00eancia do STF<\/p>\n<p>Andr\u00e9 Richter \u2013 Em seu primeiro discurso como presidente do Supremo Tribunal Federal (STF), a ministra C\u00e1rmen L\u00facia defendeu a transforma\u00e7\u00e3o no Judici\u00e1rio, diante da constata\u00e7\u00e3o dela de que a popula\u00e7\u00e3o brasileira est\u00e1 descontente com a Justi\u00e7a do pa\u00eds. A ministra tomou posse hoje (12) e vai ocupar o cargo pelos pr\u00f3ximos dois anos.<\/p>\n<p>Para a ministra, uma transforma\u00e7\u00e3o no Judici\u00e1rio \u00e9 &#8220;urgente e necess\u00e1ria&#8221;, diminuindo o tempo de dura\u00e7\u00e3o dos processos. De acordo com C\u00e1rmen L\u00facia, os cidad\u00e3os exigem satisfa\u00e7\u00e3o de seus direitos.<\/p>\n<p>&#8220;H\u00e1 de se reconhecer que o cidad\u00e3o n\u00e3o h\u00e1 de estar satisfeito hoje com o Poder Judici\u00e1rio. O juiz tamb\u00e9m n\u00e3o est\u00e1. Para que o Judici\u00e1rio nacional atenda como h\u00e1 de atender a leg\u00edtima expectativa do brasileiro, n\u00e3o basta, ao meu ver, apenas mais uma vez reform\u00e1-lo&#8221;, disse a ministra.<\/p>\n<p>A ministra quebrou o protocolo e come\u00e7ou seu discurso dirigindo-se aos cidad\u00e3os brasileiros, a quem chamou de &#8220;autoridade suprema sobre todos n\u00f3s, servidores p\u00fablicos&#8221;. De acordo com a regra protocolar, a presidente deveria se dirigir aos integrantes da mesa de convidados, entre eles, o presidente Michel Temer e os presidentes da C\u00e2mara dos Deputados e do Senado.<\/p>\n<p>Perfil<\/p>\n<p>C\u00e1rmen L\u00facia Antunes Rocha tem 62 anos, foi indicada para o Supremo pelo ex-presidente Luiz In\u00e1cio Lula da Silva e tomou posse em 2006.<\/p>\n<p>No seu dia a dia na Corte, a ministra mant\u00e9m h\u00e1bitos simples, como ir trabalhar em seu pr\u00f3prio carro. Ela \u00e9 a \u00fanica integrante do colegiado que n\u00e3o utiliza carro oficial com motorista. A ministra \u00e9 solteira, n\u00e3o tem filhos e mora em um apartamento funcional do STF em Bras\u00edlia.<\/p>\n<p>No Supremo, a atua\u00e7\u00e3o da ministra pode ser resumida pelo rigor em casos envolvendo corrup\u00e7\u00e3o, pela postura firme a favor dos direitos das mulheres e o trato com a &#8220;coisa p\u00fablica&#8221;.<\/p>\n","protected":false},"excerpt":{"rendered":"<p>247 &#8211; A cerim\u00f4nia de posse da ministra C\u00e1rmen L\u00facia na presid\u00eancia do Supremo Tribunal Federal se transformou em ato contra a corrup\u00e7\u00e3o em meio ao momento pol\u00edtico vivenciado pelo Brasil. Na mesma cerim\u00f4nia, o ministro Dias Toffoli foi empossado como vice-presidente do STF.<\/p>\n","protected":false},"author":1,"featured_media":0,"comment_status":"closed","ping_status":"open","sticky":false,"template":"","format":"standard","meta":{"_exactmetrics_skip_tracking":false,"_exactmetrics_sitenote_active":false,"_exactmetrics_sitenote_note":"","_exactmetrics_sitenote_category":0,"jetpack_post_was_ever_published":false,"_jetpack_newsletter_access":"","_jetpack_dont_email_post_to_subs":false,"_jetpack_newsletter_tier_id":0,"_jetpack_memberships_contains_paywalled_content":false,"_jetpack_memberships_contains_paid_content":false,"footnotes":"","jetpack_publicize_message":"","jetpack_publicize_feature_enabled":true,"jetpack_social_post_already_shared":true,"jetpack_social_options":{"image_generator_settings":{"template":"highway","enabled":false},"version":2}},"categories":[1],"tags":[],"class_list":["post-3900","post","type-post","status-publish","format-standard","hentry","category-notas"],"jetpack_publicize_connections":[],"jetpack_sharing_enabled":true,"jetpack_featured_media_url":"","jetpack_shortlink":"https:\/\/wp.me\/p7wKYW-10U","jetpack-related-posts":[],"_links":{"self":[{"href":"http:\/\/blogdalucianaoliveira.com.br\/blog\/wp-json\/wp\/v2\/posts\/3900","targetHints":{"allow":["GET"]}}],"collection":[{"href":"http:\/\/blogdalucianaoliveira.com.br\/blog\/wp-json\/wp\/v2\/posts"}],"about":[{"href":"http:\/\/blogdalucianaoliveira.com.br\/blog\/wp-json\/wp\/v2\/types\/post"}],"author":[{"embeddable":true,"href":"http:\/\/blogdalucianaoliveira.com.br\/blog\/wp-json\/wp\/v2\/users\/1"}],"replies":[{"embeddable":true,"href":"http:\/\/blogdalucianaoliveira.com.br\/blog\/wp-json\/wp\/v2\/comments?post=3900"}],"version-history":[{"count":1,"href":"http:\/\/blogdalucianaoliveira.com.br\/blog\/wp-json\/wp\/v2\/posts\/3900\/revisions"}],"predecessor-version":[{"id":3902,"href":"http:\/\/blogdalucianaoliveira.com.br\/blog\/wp-json\/wp\/v2\/posts\/3900\/revisions\/3902"}],"wp:attachment":[{"href":"http:\/\/blogdalucianaoliveira.com.br\/blog\/wp-json\/wp\/v2\/media?parent=3900"}],"wp:term":[{"taxonomy":"category","embeddable":true,"href":"http:\/\/blogdalucianaoliveira.com.br\/blog\/wp-json\/wp\/v2\/categories?post=3900"},{"taxonomy":"post_tag","embeddable":true,"href":"http:\/\/blogdalucianaoliveira.com.br\/blog\/wp-json\/wp\/v2\/tags?post=3900"}],"curies":[{"name":"wp","href":"https:\/\/api.w.org\/{rel}","templated":true}]}}