{"id":3903,"date":"2016-09-12T18:11:55","date_gmt":"2016-09-12T22:11:55","guid":{"rendered":"http:\/\/blogdalucianaoliveira.com.br\/blog\/?p=3903"},"modified":"2016-09-12T18:11:55","modified_gmt":"2016-09-12T22:11:55","slug":"temer-vai-engavetar-a-lava-jato","status":"publish","type":"post","link":"http:\/\/blogdalucianaoliveira.com.br\/blog\/2016\/09\/12\/temer-vai-engavetar-a-lava-jato\/","title":{"rendered":"Temer vai engavetar a Lava-Jato?"},"content":{"rendered":"<p><img data-recalc-dims=\"1\" loading=\"lazy\" decoding=\"async\" data-attachment-id=\"3904\" data-permalink=\"http:\/\/blogdalucianaoliveira.com.br\/blog\/2016\/09\/12\/temer-vai-engavetar-a-lava-jato\/eliseu_padilha\/\" data-orig-file=\"https:\/\/i0.wp.com\/blogdalucianaoliveira.com.br\/blog\/wp-content\/uploads\/2016\/09\/eliseu_padilha.jpg?fit=1200%2C675\" data-orig-size=\"1200,675\" data-comments-opened=\"0\" data-image-meta=\"{&quot;aperture&quot;:&quot;0&quot;,&quot;credit&quot;:&quot;&quot;,&quot;camera&quot;:&quot;&quot;,&quot;caption&quot;:&quot;&quot;,&quot;created_timestamp&quot;:&quot;0&quot;,&quot;copyright&quot;:&quot;&quot;,&quot;focal_length&quot;:&quot;0&quot;,&quot;iso&quot;:&quot;0&quot;,&quot;shutter_speed&quot;:&quot;0&quot;,&quot;title&quot;:&quot;&quot;,&quot;orientation&quot;:&quot;0&quot;}\" data-image-title=\"eliseu_padilha\" data-image-description=\"\" data-image-caption=\"\" data-medium-file=\"https:\/\/i0.wp.com\/blogdalucianaoliveira.com.br\/blog\/wp-content\/uploads\/2016\/09\/eliseu_padilha.jpg?fit=300%2C169\" data-large-file=\"https:\/\/i0.wp.com\/blogdalucianaoliveira.com.br\/blog\/wp-content\/uploads\/2016\/09\/eliseu_padilha.jpg?fit=600%2C338\" src=\"https:\/\/i0.wp.com\/blogdalucianaoliveira.com.br\/blog\/wp-content\/uploads\/2016\/09\/eliseu_padilha.jpg?resize=600%2C338\" alt=\"eliseu_padilha\" width=\"600\" height=\"338\" class=\"alignnone size-full wp-image-3904\" srcset=\"https:\/\/i0.wp.com\/blogdalucianaoliveira.com.br\/blog\/wp-content\/uploads\/2016\/09\/eliseu_padilha.jpg?w=1200 1200w, https:\/\/i0.wp.com\/blogdalucianaoliveira.com.br\/blog\/wp-content\/uploads\/2016\/09\/eliseu_padilha.jpg?resize=300%2C169 300w, https:\/\/i0.wp.com\/blogdalucianaoliveira.com.br\/blog\/wp-content\/uploads\/2016\/09\/eliseu_padilha.jpg?resize=768%2C432 768w, https:\/\/i0.wp.com\/blogdalucianaoliveira.com.br\/blog\/wp-content\/uploads\/2016\/09\/eliseu_padilha.jpg?resize=1024%2C576 1024w, https:\/\/i0.wp.com\/blogdalucianaoliveira.com.br\/blog\/wp-content\/uploads\/2016\/09\/eliseu_padilha.jpg?resize=533%2C300 533w\" sizes=\"auto, (max-width: 600px) 100vw, 600px\" \/><\/p>\n<p>Por Altamiro Borges<\/p>\n<p>No \u00e1udio de uma conversa entre mafiosos, Romero Juc\u00e1 j\u00e1 havia confessado que o principal objetivo do impeachment de Dilma era &#8220;estancar a sangria&#8221; das investiga\u00e7\u00f5es da Lava-Jato. O vazamento do di\u00e1logo causou a primeira queda no &#8220;minist\u00e9rio de not\u00e1veis&#8221;, mas Romero Juc\u00e1 se manteve como &#8220;o homem-forte&#8221; de Michel Temer e virou presidente do PMDB. <!--more--><\/p>\n<p>Agora, a insuspeita revista &#8220;Veja&#8221;, n\u00e3o se sabe ainda por quais motivos oportunistas, traz uma entrevista bomb\u00e1stica com o quarto ministro defenestrado do covil golpista. &#8220;O governo quer abafar a Lava Jato&#8221;, garante F\u00e1bio Medina Os\u00f3rio, que foi exonerado do cargo de chefe da Advocacia-Geral da Uni\u00e3o (AGU) nesta sexta-feira (9).<\/p>\n<p>&#8220;Fui demitido porque contrariei muitos interesses. O governo quer abafar a Lava Jato. Ele tem muito receio de at\u00e9 onde a Lava Jato pode chegar&#8221;, afirmou o ex-ministro \u00e0 edi\u00e7\u00e3o desta semana da revista. Para ele, &#8220;a AGU tem a obriga\u00e7\u00e3o de buscar a responsabiliza\u00e7\u00e3o de agentes p\u00fablicos que lesam os cofres federais&#8221;, mas h\u00e1 um esfor\u00e7o para se evitar a continuidade da investiga\u00e7\u00e3o. F\u00e1bio Medina n\u00e3o d\u00e1 os nomes dos sabotadores, mas \u00e9 f\u00e1cil imaginar. Dos 23 ministros do covil golpista, sete j\u00e1 tiveram seus nomes ligados ao esquema de corrup\u00e7\u00e3o da Petrobras. O pr\u00f3prio Michel Temer j\u00e1 foi citado!<\/p>\n<p>Segundo especula\u00e7\u00f5es da imprensa, o ex-advogado-geral da Uni\u00e3o entrou em rota de colis\u00e3o com o ministro-chefe da Casa Civil, Eliseu Padilha, um dos principais l\u00edderes do &#8220;golpe dos corruptos&#8221;. O atrito se deu porque F\u00e1bio Medina pediu ao Supremo Tribunal Federal para ter acesso aos inqu\u00e9ritos de pol\u00edticos envolvidos na Lava-Jato. A solicita\u00e7\u00e3o causou desespero na base governista e no Pal\u00e1cio do Planalto. Eliseu Padilha n\u00e3o perdoou a sua atitude, afirmando que ele atuava em descompasso com as orienta\u00e7\u00f5es do &#8220;presidente&#8221; Michel Temer, segundo mat\u00e9ria da Folha deste domingo (11).<\/p>\n<p>&#8220;A inten\u00e7\u00e3o de Os\u00f3rio era mover a\u00e7\u00f5es de improbidade e ressarcimento contra esses pol\u00edticos, assim como a AGU fizera com as empreiteiras acusadas de envolvimento no petrol\u00e3o. Entre os pol\u00edticos cujo acesso aos inqu\u00e9ritos foram autorizados pelo STF est\u00e3o o do presidente do Senado, Renan Calheiros (PMDB-AL), e o ex-presidente do PMDB Valdir Raupp (RO)&#8221;, relata o jornal. A atitude do ex-ministro da AGU evidentemente desagradou os assaltantes do Pal\u00e1cio do Planalto, que desejam &#8220;estancar a sangria&#8221; das investiga\u00e7\u00f5es. O resultado foi a exonera\u00e7\u00e3o de F\u00e1bio Medina.<\/p>\n<p>As manobras para &#8220;estancar a sangria&#8221;<\/p>\n<p>Para o seu lugar, o Judas Michel Temer nomeou Grace Maria Fernandes Mendon\u00e7a, funcion\u00e1ria de carreira da AGU. A primeira mulher a virar ministra no covil golpista tem conhecidas liga\u00e7\u00f5es com o PSDB, em especial com o cambaleante A\u00e9cio Neves. Ela foi coordenadora-geral de gabinete (2001) e adjunta do advogado-geral (2002) durante o triste reinado de FHC, que ficou famoso por engavetar v\u00e1rias den\u00fancias de corrup\u00e7\u00e3o. Grace Mendon\u00e7a tamb\u00e9m \u00e9 muito ligada a Gilmar Mendes, o ministro tucano do Supremo Tribunal Federal (STF) &#8211; que nas \u00faltimas semanas, ap\u00f3s a concretiza\u00e7\u00e3o do golpe dos corruptos, tem feito estranhas declara\u00e7\u00f5es contra os &#8220;abusos de autoridade&#8221; da Lava-Jato. <\/p>\n<p>Em suas andan\u00e7as pelo pa\u00eds para denunciar a conspira\u00e7\u00e3o golpista, a presidenta Dilma v\u00e1rias vezes afirmou que &#8220;o impeachment foi utilizado para interromper as investiga\u00e7\u00f5es da Lava-Jato&#8221;. Em uma destas ocasi\u00f5es, num evento em Lauro de Freitas (BA), ela foi enf\u00e1tica: &#8220;As raz\u00f5es de impeachment est\u00e3o ficando cada vez mais claras para a popula\u00e7\u00e3o. \u00c9 para desmontar o governo que constru\u00edmos ao longo dos \u00faltimos treze anos. \u00c9 para diminuir o controle sobre todos os processos da Lava Jato. \u00c9 para tentar negociar uma forma de interromper as investiga\u00e7\u00f5es&#8221;. A vida vai demonstrando, inclusive para o mais tapado dos midiotas, que ela estava certa. A entrevista de F\u00e1bio Medina na b\u00edblia dos &#8220;coxinhas&#8221;, a Veja, apenas confirma que est\u00e1 em curso uma opera\u00e7\u00e3o para &#8220;estancar a sangria&#8221;.<\/p>\n","protected":false},"excerpt":{"rendered":"<p>Por Altamiro Borges No \u00e1udio de uma conversa entre mafiosos, Romero Juc\u00e1 j\u00e1 havia confessado que o principal objetivo do impeachment de Dilma era &#8220;estancar a sangria&#8221; das investiga\u00e7\u00f5es da Lava-Jato. O vazamento do di\u00e1logo causou a primeira queda no &#8220;minist\u00e9rio de not\u00e1veis&#8221;, mas Romero Juc\u00e1 se manteve como &#8220;o homem-forte&#8221; de Michel Temer e&#8230;<a class=\"more-link\" href=\"http:\/\/blogdalucianaoliveira.com.br\/blog\/2016\/09\/12\/temer-vai-engavetar-a-lava-jato\/\">Continue a leitura <span class=\"meta-nav\">&raquo;<\/span><\/a><\/p>\n","protected":false},"author":1,"featured_media":0,"comment_status":"closed","ping_status":"open","sticky":false,"template":"","format":"standard","meta":{"_exactmetrics_skip_tracking":false,"_exactmetrics_sitenote_active":false,"_exactmetrics_sitenote_note":"","_exactmetrics_sitenote_category":0,"jetpack_post_was_ever_published":false,"_jetpack_newsletter_access":"","_jetpack_dont_email_post_to_subs":false,"_jetpack_newsletter_tier_id":0,"_jetpack_memberships_contains_paywalled_content":false,"_jetpack_memberships_contains_paid_content":false,"footnotes":"","jetpack_publicize_message":"","jetpack_publicize_feature_enabled":true,"jetpack_social_post_already_shared":true,"jetpack_social_options":{"image_generator_settings":{"template":"highway","enabled":false},"version":2}},"categories":[1],"tags":[],"class_list":["post-3903","post","type-post","status-publish","format-standard","hentry","category-notas"],"jetpack_publicize_connections":[],"jetpack_sharing_enabled":true,"jetpack_featured_media_url":"","jetpack_shortlink":"https:\/\/wp.me\/p7wKYW-10X","jetpack-related-posts":[],"_links":{"self":[{"href":"http:\/\/blogdalucianaoliveira.com.br\/blog\/wp-json\/wp\/v2\/posts\/3903","targetHints":{"allow":["GET"]}}],"collection":[{"href":"http:\/\/blogdalucianaoliveira.com.br\/blog\/wp-json\/wp\/v2\/posts"}],"about":[{"href":"http:\/\/blogdalucianaoliveira.com.br\/blog\/wp-json\/wp\/v2\/types\/post"}],"author":[{"embeddable":true,"href":"http:\/\/blogdalucianaoliveira.com.br\/blog\/wp-json\/wp\/v2\/users\/1"}],"replies":[{"embeddable":true,"href":"http:\/\/blogdalucianaoliveira.com.br\/blog\/wp-json\/wp\/v2\/comments?post=3903"}],"version-history":[{"count":1,"href":"http:\/\/blogdalucianaoliveira.com.br\/blog\/wp-json\/wp\/v2\/posts\/3903\/revisions"}],"predecessor-version":[{"id":3905,"href":"http:\/\/blogdalucianaoliveira.com.br\/blog\/wp-json\/wp\/v2\/posts\/3903\/revisions\/3905"}],"wp:attachment":[{"href":"http:\/\/blogdalucianaoliveira.com.br\/blog\/wp-json\/wp\/v2\/media?parent=3903"}],"wp:term":[{"taxonomy":"category","embeddable":true,"href":"http:\/\/blogdalucianaoliveira.com.br\/blog\/wp-json\/wp\/v2\/categories?post=3903"},{"taxonomy":"post_tag","embeddable":true,"href":"http:\/\/blogdalucianaoliveira.com.br\/blog\/wp-json\/wp\/v2\/tags?post=3903"}],"curies":[{"name":"wp","href":"https:\/\/api.w.org\/{rel}","templated":true}]}}