{"id":3906,"date":"2016-09-12T18:19:52","date_gmt":"2016-09-12T22:19:52","guid":{"rendered":"http:\/\/blogdalucianaoliveira.com.br\/blog\/?p=3906"},"modified":"2016-09-12T18:19:52","modified_gmt":"2016-09-12T22:19:52","slug":"o-golpe-e-patriarcal-sexista-capitalista-e-midiatico","status":"publish","type":"post","link":"http:\/\/blogdalucianaoliveira.com.br\/blog\/2016\/09\/12\/o-golpe-e-patriarcal-sexista-capitalista-e-midiatico\/","title":{"rendered":"O golpe \u00e9 patriarcal, sexista, capitalista e midi\u00e1tico"},"content":{"rendered":"<p><img data-recalc-dims=\"1\" loading=\"lazy\" decoding=\"async\" data-attachment-id=\"3912\" data-permalink=\"http:\/\/blogdalucianaoliveira.com.br\/blog\/2016\/09\/12\/o-golpe-e-patriarcal-sexista-capitalista-e-midiatico\/olim\/\" data-orig-file=\"https:\/\/i0.wp.com\/blogdalucianaoliveira.com.br\/blog\/wp-content\/uploads\/2016\/09\/olim.png?fit=195%2C242\" data-orig-size=\"195,242\" data-comments-opened=\"0\" data-image-meta=\"{&quot;aperture&quot;:&quot;0&quot;,&quot;credit&quot;:&quot;&quot;,&quot;camera&quot;:&quot;&quot;,&quot;caption&quot;:&quot;&quot;,&quot;created_timestamp&quot;:&quot;0&quot;,&quot;copyright&quot;:&quot;&quot;,&quot;focal_length&quot;:&quot;0&quot;,&quot;iso&quot;:&quot;0&quot;,&quot;shutter_speed&quot;:&quot;0&quot;,&quot;title&quot;:&quot;&quot;,&quot;orientation&quot;:&quot;0&quot;}\" data-image-title=\"olim\" data-image-description=\"\" data-image-caption=\"\" data-medium-file=\"https:\/\/i0.wp.com\/blogdalucianaoliveira.com.br\/blog\/wp-content\/uploads\/2016\/09\/olim.png?fit=195%2C242\" data-large-file=\"https:\/\/i0.wp.com\/blogdalucianaoliveira.com.br\/blog\/wp-content\/uploads\/2016\/09\/olim.png?fit=195%2C242\" src=\"https:\/\/i0.wp.com\/blogdalucianaoliveira.com.br\/blog\/wp-content\/uploads\/2016\/09\/olim.png?resize=195%2C242\" alt=\"olim\" width=\"195\" height=\"242\" class=\"alignnone size-full wp-image-3912\" \/><\/p>\n<p>Quem s\u00e3o os articuladores desse golpe em vig\u00eancia? S\u00e3o homens brancos, ricos, violentos e vorazes, os quais se explicitaram como estruturantes do patriarcado brasileiro, que une g\u00eanero, ra\u00e7a e classe.<!--more--><\/p>\n<p>por Eleonora Menicucci<\/p>\n<p>Na vig\u00eancia de um golpe patriarcal, machista, sexista, capitalista, fundamentalista, midi\u00e1tico e parlamentar, que retirou da Presid\u00eancia da Rep\u00fablica a primeira mulher eleita e reeleita com mais de 54 milh\u00f5es de votos, como ficam os direitos conquistados e a cidadania das mulheres?<\/p>\n<p>Quem s\u00e3o os articuladores desse golpe em vig\u00eancia? S\u00e3o homens brancos, ricos, violentos e vorazes, os quais se explicitaram como estruturantes do patriarcado brasileiro, que une g\u00eanero, ra\u00e7a e classe. Desmontam as pol\u00edticas sociais que sustentam a vida cotidiana, eliminam direitos civis, sociais e trabalhistas que garantem a cidadania e privatizam com a maior velocidade j\u00e1 vista todos os bens p\u00fablicos.<\/p>\n<p>A rela\u00e7\u00e3o entre o patriarcado e o ultraliberalismo econ\u00f4mico se mostra com muito vigor no atual contexto golpista fascista, explicitado pelo fundamentalismo do Congresso Nacional, em especial da C\u00e2mara dos Deputados.<\/p>\n<p>Um retrospecto na linha do tempo do golpe, que teve in\u00edcio com as manifesta\u00e7\u00f5es de 2013, deixa claro que o capital, que rege os envolvidos e a Fiesp, aproveitou e financiou as manifesta\u00e7\u00f5es de direita, conhecidas como dos \u201ccoxinh@s\u201d. A marca do tempo se deu com a viol\u00eancia sexual expl\u00edcita contra a presidenta na abertura da Copa do Mundo em 2014, quando a mandaram \u201ctomar no cu\u201d.<\/p>\n<p>O governo da presidenta Dilma priorizou a autonomia das mulheres, garantindo o viver numa sociedade onde cada pessoa exer\u00e7a o direito de ir e vir sem se expor a nenhum tipo de viol\u00eancia, discrimina\u00e7\u00e3o e preconceito. Assim, combatemos com firmeza a cultura patriarcal da viol\u00eancia e do estupro com o Programa Mulher, Viver sem Viol\u00eancia, uma das exig\u00eancias da Lei Maria da Penha, e com a Lei do Feminic\u00eddio, que tornou crime hediondo o estupro e alterou no C\u00f3digo Penal a tipifica\u00e7\u00e3o da morte de mulher por sua condi\u00e7\u00e3o de mulher como feminic\u00eddio, e n\u00e3o homic\u00eddio.<\/p>\n<p>As mulheres est\u00e3o em alerta e em luta contra os retrocessos nas pol\u00edticas do governo golpista: transformar a Secretaria de Pol\u00edticas para as Mulheres em \u201cpuxadinho\u201d no Minist\u00e9rio da Justi\u00e7a e criar um departamento de mulheres na Pol\u00edcia Federal significa voltar \u00e0s trevas dos anos 1970, quando todas as a\u00e7\u00f5es para o enfrentamento da viol\u00eancia contra as mulheres eram tratadas como caso de pol\u00edcia.<\/p>\n<p>Veio, depois, a nomea\u00e7\u00e3o para a Secretaria Especial de Pol\u00edticas para as Mulheres de uma pessoa que, al\u00e9m de envolvida em esquema de corrup\u00e7\u00e3o, declarou ser contra o aborto nos casos legais.<\/p>\n<p>Idade das trevas, fundamentalista, em que opini\u00e3o e religi\u00e3o interferem na gest\u00e3o das pol\u00edticas. E para onde v\u00e3o as mulheres estupradas, violentadas e massacradas.<\/p>\n<p>Na resist\u00eancia contra a efetiva\u00e7\u00e3o do golpe, as mulheres t\u00eam assumido um protagonismo fundamental. Est\u00e3o nas ruas, nas cidades, no campo, na floresta e em todos os lugares, porque sabem o que significou ter direito de ir e vir, acesso a oportunidades e cidadania.<\/p>\n<p>Sabemos que nossa democracia pode ser transformada num sistema fascista, no qual se rompem os direitos, com a imposi\u00e7\u00e3o da cultura do medo decorrente do fato de rasgarem a Constitui\u00e7\u00e3o.<\/p>\n<p>Estamos em um confronto incontorn\u00e1vel com o patriarcado para resgatar o mandato da presidenta Dilma, com a afirma\u00e7\u00e3o de uma agenda pol\u00edtica e social voltada para a supera\u00e7\u00e3o das desigualdades sociais e garantias de todos os direitos individuais, civis, sociais, econ\u00f4micos, culturais.<\/p>\n<p>Eu e minha gera\u00e7\u00e3o, que vivemos o golpe de 1964, conhecemos as barbaridades sofridas pelas torturas e sabemos que o golpe de hoje se apresenta como muito perigoso por sua forma dissimulada e fascista: entrando o dia inteiro na casa das pessoas pelas TVs com informa\u00e7\u00f5es seletivas e distorcidas.<\/p>\n<p>Eleonora Menicucci<\/p>\n<p>Eleonora Menicucci \u00e9 ex-ministra da Secretaria de Pol\u00edticas para as Mulheres do governo da presidenta Dilma Rousseff e professora titular de Sa\u00fade Coletiva da Unifesp<\/p>\n<p>Ilustra\u00e7\u00e3o: Aroeira<\/p>\n","protected":false},"excerpt":{"rendered":"<p>Quem s\u00e3o os articuladores desse golpe em vig\u00eancia? S\u00e3o homens brancos, ricos, violentos e vorazes, os quais se explicitaram como estruturantes do patriarcado brasileiro, que une g\u00eanero, ra\u00e7a e classe.<\/p>\n","protected":false},"author":1,"featured_media":0,"comment_status":"closed","ping_status":"open","sticky":false,"template":"","format":"standard","meta":{"_exactmetrics_skip_tracking":false,"_exactmetrics_sitenote_active":false,"_exactmetrics_sitenote_note":"","_exactmetrics_sitenote_category":0,"jetpack_post_was_ever_published":false,"_jetpack_newsletter_access":"","_jetpack_dont_email_post_to_subs":false,"_jetpack_newsletter_tier_id":0,"_jetpack_memberships_contains_paywalled_content":false,"_jetpack_memberships_contains_paid_content":false,"footnotes":"","jetpack_publicize_message":"","jetpack_publicize_feature_enabled":true,"jetpack_social_post_already_shared":true,"jetpack_social_options":{"image_generator_settings":{"template":"highway","enabled":false},"version":2}},"categories":[1],"tags":[],"class_list":["post-3906","post","type-post","status-publish","format-standard","hentry","category-notas"],"jetpack_publicize_connections":[],"jetpack_sharing_enabled":true,"jetpack_featured_media_url":"","jetpack_shortlink":"https:\/\/wp.me\/p7wKYW-110","jetpack-related-posts":[],"_links":{"self":[{"href":"http:\/\/blogdalucianaoliveira.com.br\/blog\/wp-json\/wp\/v2\/posts\/3906","targetHints":{"allow":["GET"]}}],"collection":[{"href":"http:\/\/blogdalucianaoliveira.com.br\/blog\/wp-json\/wp\/v2\/posts"}],"about":[{"href":"http:\/\/blogdalucianaoliveira.com.br\/blog\/wp-json\/wp\/v2\/types\/post"}],"author":[{"embeddable":true,"href":"http:\/\/blogdalucianaoliveira.com.br\/blog\/wp-json\/wp\/v2\/users\/1"}],"replies":[{"embeddable":true,"href":"http:\/\/blogdalucianaoliveira.com.br\/blog\/wp-json\/wp\/v2\/comments?post=3906"}],"version-history":[{"count":1,"href":"http:\/\/blogdalucianaoliveira.com.br\/blog\/wp-json\/wp\/v2\/posts\/3906\/revisions"}],"predecessor-version":[{"id":3913,"href":"http:\/\/blogdalucianaoliveira.com.br\/blog\/wp-json\/wp\/v2\/posts\/3906\/revisions\/3913"}],"wp:attachment":[{"href":"http:\/\/blogdalucianaoliveira.com.br\/blog\/wp-json\/wp\/v2\/media?parent=3906"}],"wp:term":[{"taxonomy":"category","embeddable":true,"href":"http:\/\/blogdalucianaoliveira.com.br\/blog\/wp-json\/wp\/v2\/categories?post=3906"},{"taxonomy":"post_tag","embeddable":true,"href":"http:\/\/blogdalucianaoliveira.com.br\/blog\/wp-json\/wp\/v2\/tags?post=3906"}],"curies":[{"name":"wp","href":"https:\/\/api.w.org\/{rel}","templated":true}]}}