{"id":3923,"date":"2016-09-13T10:14:38","date_gmt":"2016-09-13T14:14:38","guid":{"rendered":"http:\/\/blogdalucianaoliveira.com.br\/blog\/?p=3923"},"modified":"2016-09-13T11:09:08","modified_gmt":"2016-09-13T15:09:08","slug":"deputado-que-persegue-cameras-finalmente-consegue-ser-notado-por-faltar-a-sessao-historica-da-camara","status":"publish","type":"post","link":"http:\/\/blogdalucianaoliveira.com.br\/blog\/2016\/09\/13\/deputado-que-persegue-cameras-finalmente-consegue-ser-notado-por-faltar-a-sessao-historica-da-camara\/","title":{"rendered":"Deputado que persegue c\u00e2meras finalmente consegue ser notado por faltar \u00e0 sess\u00e3o hist\u00f3rica da  C\u00e2mara"},"content":{"rendered":"<p><img data-recalc-dims=\"1\" loading=\"lazy\" decoding=\"async\" data-attachment-id=\"3924\" data-permalink=\"http:\/\/blogdalucianaoliveira.com.br\/blog\/2016\/09\/13\/deputado-que-persegue-cameras-finalmente-consegue-ser-notado-por-faltar-a-sessao-historica-da-camara\/image-871\/\" data-orig-file=\"https:\/\/i0.wp.com\/blogdalucianaoliveira.com.br\/blog\/wp-content\/uploads\/2016\/09\/image-76.jpeg?fit=298%2C169\" data-orig-size=\"298,169\" data-comments-opened=\"0\" data-image-meta=\"{&quot;aperture&quot;:&quot;0&quot;,&quot;credit&quot;:&quot;&quot;,&quot;camera&quot;:&quot;&quot;,&quot;caption&quot;:&quot;&quot;,&quot;created_timestamp&quot;:&quot;0&quot;,&quot;copyright&quot;:&quot;&quot;,&quot;focal_length&quot;:&quot;0&quot;,&quot;iso&quot;:&quot;0&quot;,&quot;shutter_speed&quot;:&quot;0&quot;,&quot;title&quot;:&quot;&quot;,&quot;orientation&quot;:&quot;0&quot;}\" data-image-title=\"image\" data-image-description=\"\" data-image-caption=\"\" data-medium-file=\"https:\/\/i0.wp.com\/blogdalucianaoliveira.com.br\/blog\/wp-content\/uploads\/2016\/09\/image-76.jpeg?fit=298%2C169\" data-large-file=\"https:\/\/i0.wp.com\/blogdalucianaoliveira.com.br\/blog\/wp-content\/uploads\/2016\/09\/image-76.jpeg?fit=298%2C169\" src=\"https:\/\/i0.wp.com\/blogdalucianaoliveira.com.br\/blog\/wp-content\/uploads\/2016\/09\/image-76.jpeg?resize=298%2C169\" alt=\"image\" width=\"298\" height=\"169\" class=\"alignnone size-full wp-image-3924\" \/><\/p>\n<p>A fama de aparecer como um &#8216;encosto&#8217; em celebridades da pol\u00edtica ou como pano de fundo em eventos de grande repercuss\u00e3o midi\u00e1tica \u00e9 antiga. <\/p>\n<p>Mas, foi na vota\u00e7\u00e3o do relat\u00f3rio do impeachment de Dilma Rousseff no plen\u00e1rio da C\u00e2mara que o deputado Lindomar Gar\u00e7om (PRB) viralizou como meme nas redes sociais. <\/p>\n<p>Ele ficou em p\u00e9 no foco da c\u00e2mera que transmitia a sess\u00e3o de julgamento por mais de 10 horas. <\/p>\n<p>Chegou a orientar o enquadramento a seu favor. Rsrs<\/p>\n<p><img data-recalc-dims=\"1\" loading=\"lazy\" decoding=\"async\" data-attachment-id=\"3926\" data-permalink=\"http:\/\/blogdalucianaoliveira.com.br\/blog\/2016\/09\/13\/deputado-que-persegue-cameras-finalmente-consegue-ser-notado-por-faltar-a-sessao-historica-da-camara\/image-873\/\" data-orig-file=\"https:\/\/i0.wp.com\/blogdalucianaoliveira.com.br\/blog\/wp-content\/uploads\/2016\/09\/image-78.jpeg?fit=480%2C300\" data-orig-size=\"480,300\" data-comments-opened=\"0\" data-image-meta=\"{&quot;aperture&quot;:&quot;0&quot;,&quot;credit&quot;:&quot;&quot;,&quot;camera&quot;:&quot;&quot;,&quot;caption&quot;:&quot;&quot;,&quot;created_timestamp&quot;:&quot;0&quot;,&quot;copyright&quot;:&quot;&quot;,&quot;focal_length&quot;:&quot;0&quot;,&quot;iso&quot;:&quot;0&quot;,&quot;shutter_speed&quot;:&quot;0&quot;,&quot;title&quot;:&quot;&quot;,&quot;orientation&quot;:&quot;0&quot;}\" data-image-title=\"image\" data-image-description=\"\" data-image-caption=\"\" data-medium-file=\"https:\/\/i0.wp.com\/blogdalucianaoliveira.com.br\/blog\/wp-content\/uploads\/2016\/09\/image-78.jpeg?fit=300%2C188\" data-large-file=\"https:\/\/i0.wp.com\/blogdalucianaoliveira.com.br\/blog\/wp-content\/uploads\/2016\/09\/image-78.jpeg?fit=480%2C300\" src=\"https:\/\/i0.wp.com\/blogdalucianaoliveira.com.br\/blog\/wp-content\/uploads\/2016\/09\/image-78.jpeg?resize=480%2C300\" alt=\"image\" width=\"480\" height=\"300\" class=\"alignnone size-full wp-image-3926\" srcset=\"https:\/\/i0.wp.com\/blogdalucianaoliveira.com.br\/blog\/wp-content\/uploads\/2016\/09\/image-78.jpeg?w=480 480w, https:\/\/i0.wp.com\/blogdalucianaoliveira.com.br\/blog\/wp-content\/uploads\/2016\/09\/image-78.jpeg?resize=300%2C188 300w\" sizes=\"auto, (max-width: 480px) 100vw, 480px\" \/><\/p>\n<p><img data-recalc-dims=\"1\" loading=\"lazy\" decoding=\"async\" data-attachment-id=\"3927\" data-permalink=\"http:\/\/blogdalucianaoliveira.com.br\/blog\/2016\/09\/13\/deputado-que-persegue-cameras-finalmente-consegue-ser-notado-por-faltar-a-sessao-historica-da-camara\/image-874\/\" data-orig-file=\"https:\/\/i0.wp.com\/blogdalucianaoliveira.com.br\/blog\/wp-content\/uploads\/2016\/09\/image-79.jpeg?fit=474%2C310\" data-orig-size=\"474,310\" data-comments-opened=\"0\" data-image-meta=\"{&quot;aperture&quot;:&quot;0&quot;,&quot;credit&quot;:&quot;&quot;,&quot;camera&quot;:&quot;&quot;,&quot;caption&quot;:&quot;&quot;,&quot;created_timestamp&quot;:&quot;0&quot;,&quot;copyright&quot;:&quot;&quot;,&quot;focal_length&quot;:&quot;0&quot;,&quot;iso&quot;:&quot;0&quot;,&quot;shutter_speed&quot;:&quot;0&quot;,&quot;title&quot;:&quot;&quot;,&quot;orientation&quot;:&quot;0&quot;}\" data-image-title=\"image\" data-image-description=\"\" data-image-caption=\"\" data-medium-file=\"https:\/\/i0.wp.com\/blogdalucianaoliveira.com.br\/blog\/wp-content\/uploads\/2016\/09\/image-79.jpeg?fit=300%2C196\" data-large-file=\"https:\/\/i0.wp.com\/blogdalucianaoliveira.com.br\/blog\/wp-content\/uploads\/2016\/09\/image-79.jpeg?fit=474%2C310\" src=\"https:\/\/i0.wp.com\/blogdalucianaoliveira.com.br\/blog\/wp-content\/uploads\/2016\/09\/image-79.jpeg?resize=474%2C310\" alt=\"image\" width=\"474\" height=\"310\" class=\"alignnone size-full wp-image-3927\" srcset=\"https:\/\/i0.wp.com\/blogdalucianaoliveira.com.br\/blog\/wp-content\/uploads\/2016\/09\/image-79.jpeg?w=474 474w, https:\/\/i0.wp.com\/blogdalucianaoliveira.com.br\/blog\/wp-content\/uploads\/2016\/09\/image-79.jpeg?resize=300%2C196 300w, https:\/\/i0.wp.com\/blogdalucianaoliveira.com.br\/blog\/wp-content\/uploads\/2016\/09\/image-79.jpeg?resize=459%2C300 459w\" sizes=\"auto, (max-width: 474px) 100vw, 474px\" \/><\/p>\n<p><img data-recalc-dims=\"1\" loading=\"lazy\" decoding=\"async\" data-attachment-id=\"3928\" data-permalink=\"http:\/\/blogdalucianaoliveira.com.br\/blog\/2016\/09\/13\/deputado-que-persegue-cameras-finalmente-consegue-ser-notado-por-faltar-a-sessao-historica-da-camara\/image-875\/\" data-orig-file=\"https:\/\/i0.wp.com\/blogdalucianaoliveira.com.br\/blog\/wp-content\/uploads\/2016\/09\/image-80.jpeg?fit=195%2C258\" data-orig-size=\"195,258\" data-comments-opened=\"0\" data-image-meta=\"{&quot;aperture&quot;:&quot;0&quot;,&quot;credit&quot;:&quot;&quot;,&quot;camera&quot;:&quot;&quot;,&quot;caption&quot;:&quot;&quot;,&quot;created_timestamp&quot;:&quot;0&quot;,&quot;copyright&quot;:&quot;&quot;,&quot;focal_length&quot;:&quot;0&quot;,&quot;iso&quot;:&quot;0&quot;,&quot;shutter_speed&quot;:&quot;0&quot;,&quot;title&quot;:&quot;&quot;,&quot;orientation&quot;:&quot;0&quot;}\" data-image-title=\"image\" data-image-description=\"\" data-image-caption=\"\" data-medium-file=\"https:\/\/i0.wp.com\/blogdalucianaoliveira.com.br\/blog\/wp-content\/uploads\/2016\/09\/image-80.jpeg?fit=195%2C258\" data-large-file=\"https:\/\/i0.wp.com\/blogdalucianaoliveira.com.br\/blog\/wp-content\/uploads\/2016\/09\/image-80.jpeg?fit=195%2C258\" src=\"https:\/\/i0.wp.com\/blogdalucianaoliveira.com.br\/blog\/wp-content\/uploads\/2016\/09\/image-80.jpeg?resize=195%2C258\" alt=\"image\" width=\"195\" height=\"258\" class=\"alignnone size-full wp-image-3928\" \/><\/p>\n<p>Na sess\u00e3o que cassou o mandato do deputado Eduardo Cunha, Gar\u00e7om conseguiu finalmente chamar a aten\u00e7\u00e3o de toda a sociedade, sem mostrar a cara. <\/p>\n<p>Dos 469 presentes, Gar\u00e7om foi uma das 42 aus\u00eancias. <\/p>\n<p>A falta \u00e9 como um voto N\u00c3O \u00e0 cassa\u00e7\u00e3o. <\/p>\n<p>Em Rond\u00f4nia, estado que representa, jamais esquecer\u00e3o a primeira vez que Gar\u00e7om n\u00e3o apareceu, mas se destacou na C\u00e2mara e nas c\u00e2meras. <\/p>\n<p><img data-recalc-dims=\"1\" loading=\"lazy\" decoding=\"async\" data-attachment-id=\"3925\" data-permalink=\"http:\/\/blogdalucianaoliveira.com.br\/blog\/2016\/09\/13\/deputado-que-persegue-cameras-finalmente-consegue-ser-notado-por-faltar-a-sessao-historica-da-camara\/image-872\/\" data-orig-file=\"https:\/\/i0.wp.com\/blogdalucianaoliveira.com.br\/blog\/wp-content\/uploads\/2016\/09\/image-77.jpeg?fit=750%2C948\" data-orig-size=\"750,948\" data-comments-opened=\"0\" data-image-meta=\"{&quot;aperture&quot;:&quot;0&quot;,&quot;credit&quot;:&quot;&quot;,&quot;camera&quot;:&quot;&quot;,&quot;caption&quot;:&quot;&quot;,&quot;created_timestamp&quot;:&quot;0&quot;,&quot;copyright&quot;:&quot;&quot;,&quot;focal_length&quot;:&quot;0&quot;,&quot;iso&quot;:&quot;0&quot;,&quot;shutter_speed&quot;:&quot;0&quot;,&quot;title&quot;:&quot;&quot;,&quot;orientation&quot;:&quot;0&quot;}\" data-image-title=\"image\" data-image-description=\"\" data-image-caption=\"\" data-medium-file=\"https:\/\/i0.wp.com\/blogdalucianaoliveira.com.br\/blog\/wp-content\/uploads\/2016\/09\/image-77.jpeg?fit=237%2C300\" data-large-file=\"https:\/\/i0.wp.com\/blogdalucianaoliveira.com.br\/blog\/wp-content\/uploads\/2016\/09\/image-77.jpeg?fit=600%2C758\" src=\"https:\/\/i0.wp.com\/blogdalucianaoliveira.com.br\/blog\/wp-content\/uploads\/2016\/09\/image-77.jpeg?resize=600%2C758\" alt=\"image\" width=\"600\" height=\"758\" class=\"alignnone size-full wp-image-3925\" srcset=\"https:\/\/i0.wp.com\/blogdalucianaoliveira.com.br\/blog\/wp-content\/uploads\/2016\/09\/image-77.jpeg?w=750 750w, https:\/\/i0.wp.com\/blogdalucianaoliveira.com.br\/blog\/wp-content\/uploads\/2016\/09\/image-77.jpeg?resize=237%2C300 237w\" sizes=\"auto, (max-width: 600px) 100vw, 600px\" \/><\/p>\n","protected":false},"excerpt":{"rendered":"<p>A fama de aparecer como um &#8216;encosto&#8217; em celebridades da pol\u00edtica ou como pano de fundo em eventos de grande repercuss\u00e3o midi\u00e1tica \u00e9 antiga. Mas, foi na vota\u00e7\u00e3o do relat\u00f3rio do impeachment de Dilma Rousseff no plen\u00e1rio da C\u00e2mara que o deputado Lindomar Gar\u00e7om (PRB) viralizou como meme nas redes sociais. Ele ficou em p\u00e9&#8230;<a class=\"more-link\" href=\"http:\/\/blogdalucianaoliveira.com.br\/blog\/2016\/09\/13\/deputado-que-persegue-cameras-finalmente-consegue-ser-notado-por-faltar-a-sessao-historica-da-camara\/\">Continue a leitura <span class=\"meta-nav\">&raquo;<\/span><\/a><\/p>\n","protected":false},"author":1,"featured_media":0,"comment_status":"closed","ping_status":"open","sticky":false,"template":"","format":"standard","meta":{"_exactmetrics_skip_tracking":false,"_exactmetrics_sitenote_active":false,"_exactmetrics_sitenote_note":"","_exactmetrics_sitenote_category":0,"jetpack_post_was_ever_published":false,"_jetpack_newsletter_access":"","_jetpack_dont_email_post_to_subs":false,"_jetpack_newsletter_tier_id":0,"_jetpack_memberships_contains_paywalled_content":false,"_jetpack_memberships_contains_paid_content":false,"footnotes":"","jetpack_publicize_message":"","jetpack_publicize_feature_enabled":true,"jetpack_social_post_already_shared":true,"jetpack_social_options":{"image_generator_settings":{"template":"highway","enabled":false},"version":2}},"categories":[1],"tags":[],"class_list":["post-3923","post","type-post","status-publish","format-standard","hentry","category-notas"],"jetpack_publicize_connections":[],"jetpack_sharing_enabled":true,"jetpack_featured_media_url":"","jetpack_shortlink":"https:\/\/wp.me\/p7wKYW-11h","jetpack-related-posts":[],"_links":{"self":[{"href":"http:\/\/blogdalucianaoliveira.com.br\/blog\/wp-json\/wp\/v2\/posts\/3923","targetHints":{"allow":["GET"]}}],"collection":[{"href":"http:\/\/blogdalucianaoliveira.com.br\/blog\/wp-json\/wp\/v2\/posts"}],"about":[{"href":"http:\/\/blogdalucianaoliveira.com.br\/blog\/wp-json\/wp\/v2\/types\/post"}],"author":[{"embeddable":true,"href":"http:\/\/blogdalucianaoliveira.com.br\/blog\/wp-json\/wp\/v2\/users\/1"}],"replies":[{"embeddable":true,"href":"http:\/\/blogdalucianaoliveira.com.br\/blog\/wp-json\/wp\/v2\/comments?post=3923"}],"version-history":[{"count":5,"href":"http:\/\/blogdalucianaoliveira.com.br\/blog\/wp-json\/wp\/v2\/posts\/3923\/revisions"}],"predecessor-version":[{"id":3933,"href":"http:\/\/blogdalucianaoliveira.com.br\/blog\/wp-json\/wp\/v2\/posts\/3923\/revisions\/3933"}],"wp:attachment":[{"href":"http:\/\/blogdalucianaoliveira.com.br\/blog\/wp-json\/wp\/v2\/media?parent=3923"}],"wp:term":[{"taxonomy":"category","embeddable":true,"href":"http:\/\/blogdalucianaoliveira.com.br\/blog\/wp-json\/wp\/v2\/categories?post=3923"},{"taxonomy":"post_tag","embeddable":true,"href":"http:\/\/blogdalucianaoliveira.com.br\/blog\/wp-json\/wp\/v2\/tags?post=3923"}],"curies":[{"name":"wp","href":"https:\/\/api.w.org\/{rel}","templated":true}]}}