{"id":4050,"date":"2016-09-18T13:04:13","date_gmt":"2016-09-18T17:04:13","guid":{"rendered":"http:\/\/blogdalucianaoliveira.com.br\/blog\/?p=4050"},"modified":"2016-09-18T13:34:07","modified_gmt":"2016-09-18T17:34:07","slug":"rondonia-esta-ansiosa-para-saber-onde-o-senador-valdir-raupp-se-encaixa-no-esquema-da-lava-jato","status":"publish","type":"post","link":"http:\/\/blogdalucianaoliveira.com.br\/blog\/2016\/09\/18\/rondonia-esta-ansiosa-para-saber-onde-o-senador-valdir-raupp-se-encaixa-no-esquema-da-lava-jato\/","title":{"rendered":"Rond\u00f4nia est\u00e1 ansiosa para saber onde o senador Valdir Raupp se encaixa no esquema da Lava Jato"},"content":{"rendered":"<p><img data-recalc-dims=\"1\" loading=\"lazy\" decoding=\"async\" data-attachment-id=\"4051\" data-permalink=\"http:\/\/blogdalucianaoliveira.com.br\/blog\/2016\/09\/18\/rondonia-esta-ansiosa-para-saber-onde-o-senador-valdir-raupp-se-encaixa-no-esquema-da-lava-jato\/rara\/\" data-orig-file=\"https:\/\/i0.wp.com\/blogdalucianaoliveira.com.br\/blog\/wp-content\/uploads\/2016\/09\/rara.jpg?fit=2400%2C1792\" data-orig-size=\"2400,1792\" data-comments-opened=\"0\" data-image-meta=\"{&quot;aperture&quot;:&quot;0&quot;,&quot;credit&quot;:&quot;&quot;,&quot;camera&quot;:&quot;&quot;,&quot;caption&quot;:&quot;&quot;,&quot;created_timestamp&quot;:&quot;0&quot;,&quot;copyright&quot;:&quot;&quot;,&quot;focal_length&quot;:&quot;0&quot;,&quot;iso&quot;:&quot;0&quot;,&quot;shutter_speed&quot;:&quot;0&quot;,&quot;title&quot;:&quot;&quot;,&quot;orientation&quot;:&quot;0&quot;}\" data-image-title=\"rara\" data-image-description=\"\" data-image-caption=\"\" data-medium-file=\"https:\/\/i0.wp.com\/blogdalucianaoliveira.com.br\/blog\/wp-content\/uploads\/2016\/09\/rara.jpg?fit=300%2C224\" data-large-file=\"https:\/\/i0.wp.com\/blogdalucianaoliveira.com.br\/blog\/wp-content\/uploads\/2016\/09\/rara.jpg?fit=600%2C448\" src=\"https:\/\/i0.wp.com\/blogdalucianaoliveira.com.br\/blog\/wp-content\/uploads\/2016\/09\/rara.jpg?resize=600%2C448\" alt=\"rara\" width=\"600\" height=\"448\" class=\"alignnone size-full wp-image-4051\" srcset=\"https:\/\/i0.wp.com\/blogdalucianaoliveira.com.br\/blog\/wp-content\/uploads\/2016\/09\/rara.jpg?w=2400 2400w, https:\/\/i0.wp.com\/blogdalucianaoliveira.com.br\/blog\/wp-content\/uploads\/2016\/09\/rara.jpg?resize=300%2C224 300w, https:\/\/i0.wp.com\/blogdalucianaoliveira.com.br\/blog\/wp-content\/uploads\/2016\/09\/rara.jpg?resize=768%2C573 768w, https:\/\/i0.wp.com\/blogdalucianaoliveira.com.br\/blog\/wp-content\/uploads\/2016\/09\/rara.jpg?resize=402%2C300 402w, https:\/\/i0.wp.com\/blogdalucianaoliveira.com.br\/blog\/wp-content\/uploads\/2016\/09\/rara.jpg?w=1200 1200w, https:\/\/i0.wp.com\/blogdalucianaoliveira.com.br\/blog\/wp-content\/uploads\/2016\/09\/rara.jpg?w=1800 1800w\" sizes=\"auto, (max-width: 600px) 100vw, 600px\" \/><\/p>\n<p>Quase nada sai na imprensa rondoniense sobre o envolvimento do senador Valdir Raupp no esquema criminoso apurado na Opera\u00e7\u00e3o Lava Jato e assim ser\u00e1 at\u00e9 que sejam apresentadas provas e convic\u00e7\u00f5es. <!--more--><\/p>\n<p>A Procuradoria Geral da Rep\u00fablica (PGR) n\u00e3o tem d\u00favidas e por isso apresentou ao Supremo Tribunal Federal (STF) nesta sexta-feira (16) uma den\u00fancia contra o senador Valdir Raupp (PMDB-RO) &#8220;por corrup\u00e7\u00e3o passiva e lavagem de dinheiro&#8221;<\/p>\n<p>De acordo com as investiga\u00e7\u00f5es da Pol\u00edcia Federal o senador teria recebido R$ 500 mil em propina por meio de doa\u00e7\u00e3o oficial para sua campanha ao Senado em 2010.<\/p>\n<p>Em Junho o senador Raupp foi indiciado pela Pol\u00edcia Federal, mas o ministro Teori Zavascki, do STF, suspendeu o ato. <\/p>\n<p>Com base na dela\u00e7\u00e3o do ex-diretor da Petrobras Paulo Roberto da Costa, a PF apresentou &#8220;ind\u00edcios como e-mails de dirigentes da construtora e recibos de doa\u00e7\u00f5es refor\u00e7aram as suspeitas apontadas em acordos de dela\u00e7\u00e3o premiada.<br \/>\nForam apontados ainda telefonemas trocados e reuni\u00f5es entre o senador e delatores da Lava Jato, como o ex-diretor da Petrobras Paulo Roberto Costa, o lobista Fernando Soares, conhecido como Fernando Baiano, e o doleiro Alberto Youssef.&#8221;<\/p>\n<p><img data-recalc-dims=\"1\" loading=\"lazy\" decoding=\"async\" data-attachment-id=\"4052\" data-permalink=\"http:\/\/blogdalucianaoliveira.com.br\/blog\/2016\/09\/18\/rondonia-esta-ansiosa-para-saber-onde-o-senador-valdir-raupp-se-encaixa-no-esquema-da-lava-jato\/raup-2\/\" data-orig-file=\"https:\/\/i0.wp.com\/blogdalucianaoliveira.com.br\/blog\/wp-content\/uploads\/2016\/09\/raup.jpg?fit=620%2C734\" data-orig-size=\"620,734\" data-comments-opened=\"0\" data-image-meta=\"{&quot;aperture&quot;:&quot;0&quot;,&quot;credit&quot;:&quot;&quot;,&quot;camera&quot;:&quot;&quot;,&quot;caption&quot;:&quot;&quot;,&quot;created_timestamp&quot;:&quot;0&quot;,&quot;copyright&quot;:&quot;&quot;,&quot;focal_length&quot;:&quot;0&quot;,&quot;iso&quot;:&quot;0&quot;,&quot;shutter_speed&quot;:&quot;0&quot;,&quot;title&quot;:&quot;&quot;,&quot;orientation&quot;:&quot;0&quot;}\" data-image-title=\"raup\" data-image-description=\"\" data-image-caption=\"\" data-medium-file=\"https:\/\/i0.wp.com\/blogdalucianaoliveira.com.br\/blog\/wp-content\/uploads\/2016\/09\/raup.jpg?fit=253%2C300\" data-large-file=\"https:\/\/i0.wp.com\/blogdalucianaoliveira.com.br\/blog\/wp-content\/uploads\/2016\/09\/raup.jpg?fit=600%2C710\" src=\"https:\/\/i0.wp.com\/blogdalucianaoliveira.com.br\/blog\/wp-content\/uploads\/2016\/09\/raup.jpg?resize=600%2C710\" alt=\"raup\" width=\"600\" height=\"710\" class=\"alignnone size-full wp-image-4052\" srcset=\"https:\/\/i0.wp.com\/blogdalucianaoliveira.com.br\/blog\/wp-content\/uploads\/2016\/09\/raup.jpg?w=620 620w, https:\/\/i0.wp.com\/blogdalucianaoliveira.com.br\/blog\/wp-content\/uploads\/2016\/09\/raup.jpg?resize=253%2C300 253w\" sizes=\"auto, (max-width: 600px) 100vw, 600px\" \/><\/p>\n<p>Paulo Roberto Costa apontou o senador Valdir Raupp como &#8220;um dos beneficiados com dinheiro desviado da estatal por meio de transfer\u00eancias realizadas pelo operador Fernando Soares, o Fernando Baiano.&#8221;<\/p>\n<p><img data-recalc-dims=\"1\" loading=\"lazy\" decoding=\"async\" data-attachment-id=\"4052\" data-permalink=\"http:\/\/blogdalucianaoliveira.com.br\/blog\/2016\/09\/18\/rondonia-esta-ansiosa-para-saber-onde-o-senador-valdir-raupp-se-encaixa-no-esquema-da-lava-jato\/raup-2\/\" data-orig-file=\"https:\/\/i0.wp.com\/blogdalucianaoliveira.com.br\/blog\/wp-content\/uploads\/2016\/09\/raup.jpg?fit=620%2C734\" data-orig-size=\"620,734\" data-comments-opened=\"0\" data-image-meta=\"{&quot;aperture&quot;:&quot;0&quot;,&quot;credit&quot;:&quot;&quot;,&quot;camera&quot;:&quot;&quot;,&quot;caption&quot;:&quot;&quot;,&quot;created_timestamp&quot;:&quot;0&quot;,&quot;copyright&quot;:&quot;&quot;,&quot;focal_length&quot;:&quot;0&quot;,&quot;iso&quot;:&quot;0&quot;,&quot;shutter_speed&quot;:&quot;0&quot;,&quot;title&quot;:&quot;&quot;,&quot;orientation&quot;:&quot;0&quot;}\" data-image-title=\"raup\" data-image-description=\"\" data-image-caption=\"\" data-medium-file=\"https:\/\/i0.wp.com\/blogdalucianaoliveira.com.br\/blog\/wp-content\/uploads\/2016\/09\/raup.jpg?fit=253%2C300\" data-large-file=\"https:\/\/i0.wp.com\/blogdalucianaoliveira.com.br\/blog\/wp-content\/uploads\/2016\/09\/raup.jpg?fit=600%2C710\" src=\"https:\/\/i0.wp.com\/blogdalucianaoliveira.com.br\/blog\/wp-content\/uploads\/2016\/09\/raup.jpg?resize=600%2C710\" alt=\"raup\" width=\"600\" height=\"710\" class=\"alignnone size-full wp-image-4052\" srcset=\"https:\/\/i0.wp.com\/blogdalucianaoliveira.com.br\/blog\/wp-content\/uploads\/2016\/09\/raup.jpg?w=620 620w, https:\/\/i0.wp.com\/blogdalucianaoliveira.com.br\/blog\/wp-content\/uploads\/2016\/09\/raup.jpg?resize=253%2C300 253w\" sizes=\"auto, (max-width: 600px) 100vw, 600px\" \/><\/p>\n<p>A barba mais bem podada da pol\u00edtica rondoniense est\u00e1 de molho.<\/p>\n<p><img data-recalc-dims=\"1\" loading=\"lazy\" decoding=\"async\" data-attachment-id=\"4053\" data-permalink=\"http:\/\/blogdalucianaoliveira.com.br\/blog\/2016\/09\/18\/rondonia-esta-ansiosa-para-saber-onde-o-senador-valdir-raupp-se-encaixa-no-esquema-da-lava-jato\/raupe\/\" data-orig-file=\"https:\/\/i0.wp.com\/blogdalucianaoliveira.com.br\/blog\/wp-content\/uploads\/2016\/09\/raupe.jpg?fit=300%2C225\" data-orig-size=\"300,225\" data-comments-opened=\"0\" data-image-meta=\"{&quot;aperture&quot;:&quot;0&quot;,&quot;credit&quot;:&quot;&quot;,&quot;camera&quot;:&quot;&quot;,&quot;caption&quot;:&quot;&quot;,&quot;created_timestamp&quot;:&quot;0&quot;,&quot;copyright&quot;:&quot;&quot;,&quot;focal_length&quot;:&quot;0&quot;,&quot;iso&quot;:&quot;0&quot;,&quot;shutter_speed&quot;:&quot;0&quot;,&quot;title&quot;:&quot;&quot;,&quot;orientation&quot;:&quot;0&quot;}\" data-image-title=\"raupe\" data-image-description=\"\" data-image-caption=\"\" data-medium-file=\"https:\/\/i0.wp.com\/blogdalucianaoliveira.com.br\/blog\/wp-content\/uploads\/2016\/09\/raupe.jpg?fit=300%2C225\" data-large-file=\"https:\/\/i0.wp.com\/blogdalucianaoliveira.com.br\/blog\/wp-content\/uploads\/2016\/09\/raupe.jpg?fit=300%2C225\" src=\"https:\/\/i0.wp.com\/blogdalucianaoliveira.com.br\/blog\/wp-content\/uploads\/2016\/09\/raupe.jpg?resize=300%2C225\" alt=\"raupe\" width=\"300\" height=\"225\" class=\"alignnone size-full wp-image-4053\" \/><\/p>\n","protected":false},"excerpt":{"rendered":"<p>Quase nada sai na imprensa rondoniense sobre o envolvimento do senador Valdir Raupp no esquema criminoso apurado na Opera\u00e7\u00e3o Lava Jato e assim ser\u00e1 at\u00e9 que sejam apresentadas provas e convic\u00e7\u00f5es.<\/p>\n","protected":false},"author":1,"featured_media":0,"comment_status":"closed","ping_status":"open","sticky":false,"template":"","format":"standard","meta":{"_exactmetrics_skip_tracking":false,"_exactmetrics_sitenote_active":false,"_exactmetrics_sitenote_note":"","_exactmetrics_sitenote_category":0,"jetpack_post_was_ever_published":false,"_jetpack_newsletter_access":"","_jetpack_dont_email_post_to_subs":false,"_jetpack_newsletter_tier_id":0,"_jetpack_memberships_contains_paywalled_content":false,"_jetpack_memberships_contains_paid_content":false,"footnotes":"","jetpack_publicize_message":"","jetpack_publicize_feature_enabled":true,"jetpack_social_post_already_shared":true,"jetpack_social_options":{"image_generator_settings":{"template":"highway","enabled":false},"version":2}},"categories":[1],"tags":[130],"class_list":["post-4050","post","type-post","status-publish","format-standard","hentry","category-notas","tag-valdir-raupp"],"jetpack_publicize_connections":[],"jetpack_sharing_enabled":true,"jetpack_featured_media_url":"","jetpack_shortlink":"https:\/\/wp.me\/p7wKYW-13k","jetpack-related-posts":[],"_links":{"self":[{"href":"http:\/\/blogdalucianaoliveira.com.br\/blog\/wp-json\/wp\/v2\/posts\/4050","targetHints":{"allow":["GET"]}}],"collection":[{"href":"http:\/\/blogdalucianaoliveira.com.br\/blog\/wp-json\/wp\/v2\/posts"}],"about":[{"href":"http:\/\/blogdalucianaoliveira.com.br\/blog\/wp-json\/wp\/v2\/types\/post"}],"author":[{"embeddable":true,"href":"http:\/\/blogdalucianaoliveira.com.br\/blog\/wp-json\/wp\/v2\/users\/1"}],"replies":[{"embeddable":true,"href":"http:\/\/blogdalucianaoliveira.com.br\/blog\/wp-json\/wp\/v2\/comments?post=4050"}],"version-history":[{"count":4,"href":"http:\/\/blogdalucianaoliveira.com.br\/blog\/wp-json\/wp\/v2\/posts\/4050\/revisions"}],"predecessor-version":[{"id":4065,"href":"http:\/\/blogdalucianaoliveira.com.br\/blog\/wp-json\/wp\/v2\/posts\/4050\/revisions\/4065"}],"wp:attachment":[{"href":"http:\/\/blogdalucianaoliveira.com.br\/blog\/wp-json\/wp\/v2\/media?parent=4050"}],"wp:term":[{"taxonomy":"category","embeddable":true,"href":"http:\/\/blogdalucianaoliveira.com.br\/blog\/wp-json\/wp\/v2\/categories?post=4050"},{"taxonomy":"post_tag","embeddable":true,"href":"http:\/\/blogdalucianaoliveira.com.br\/blog\/wp-json\/wp\/v2\/tags?post=4050"}],"curies":[{"name":"wp","href":"https:\/\/api.w.org\/{rel}","templated":true}]}}