{"id":4056,"date":"2016-09-18T13:22:06","date_gmt":"2016-09-18T17:22:06","guid":{"rendered":"http:\/\/blogdalucianaoliveira.com.br\/blog\/?p=4056"},"modified":"2016-09-18T13:22:06","modified_gmt":"2016-09-18T17:22:06","slug":"a-hora-e-a-vez-de-sua-majestade-a-hipocrisia","status":"publish","type":"post","link":"http:\/\/blogdalucianaoliveira.com.br\/blog\/2016\/09\/18\/a-hora-e-a-vez-de-sua-majestade-a-hipocrisia\/","title":{"rendered":"A hora e a vez de Sua Majestade, a Hipocrisia"},"content":{"rendered":"<p><img data-recalc-dims=\"1\" loading=\"lazy\" decoding=\"async\" data-attachment-id=\"4058\" data-permalink=\"http:\/\/blogdalucianaoliveira.com.br\/blog\/2016\/09\/18\/a-hora-e-a-vez-de-sua-majestade-a-hipocrisia\/aceim\/\" data-orig-file=\"https:\/\/i0.wp.com\/blogdalucianaoliveira.com.br\/blog\/wp-content\/uploads\/2016\/09\/aceim.jpg?fit=490%2C280\" data-orig-size=\"490,280\" data-comments-opened=\"0\" data-image-meta=\"{&quot;aperture&quot;:&quot;0&quot;,&quot;credit&quot;:&quot;&quot;,&quot;camera&quot;:&quot;&quot;,&quot;caption&quot;:&quot;&quot;,&quot;created_timestamp&quot;:&quot;0&quot;,&quot;copyright&quot;:&quot;&quot;,&quot;focal_length&quot;:&quot;0&quot;,&quot;iso&quot;:&quot;0&quot;,&quot;shutter_speed&quot;:&quot;0&quot;,&quot;title&quot;:&quot;&quot;,&quot;orientation&quot;:&quot;0&quot;}\" data-image-title=\"aceim\" data-image-description=\"\" data-image-caption=\"\" data-medium-file=\"https:\/\/i0.wp.com\/blogdalucianaoliveira.com.br\/blog\/wp-content\/uploads\/2016\/09\/aceim.jpg?fit=300%2C171\" data-large-file=\"https:\/\/i0.wp.com\/blogdalucianaoliveira.com.br\/blog\/wp-content\/uploads\/2016\/09\/aceim.jpg?fit=490%2C280\" src=\"https:\/\/i0.wp.com\/blogdalucianaoliveira.com.br\/blog\/wp-content\/uploads\/2016\/09\/aceim.jpg?resize=490%2C280\" alt=\"aceim\" width=\"490\" height=\"280\" class=\"alignnone size-full wp-image-4058\" srcset=\"https:\/\/i0.wp.com\/blogdalucianaoliveira.com.br\/blog\/wp-content\/uploads\/2016\/09\/aceim.jpg?w=490 490w, https:\/\/i0.wp.com\/blogdalucianaoliveira.com.br\/blog\/wp-content\/uploads\/2016\/09\/aceim.jpg?resize=300%2C171 300w\" sizes=\"auto, (max-width: 490px) 100vw, 490px\" \/><\/p>\n<p>Por Eric Nepomuceno<\/p>\n<p>Existem frases que dispensam coment\u00e1rios e recha\u00e7am desmentidos. Nesta quarta-feira (14\/9), quando os jovens promotores da equipe do Minist\u00e9rio P\u00fablico Federal, respons\u00e1veis pela Opera\u00e7\u00e3o Lava-Jato, disseram que n\u00e3o h\u00e1 provas contra o ex-presidente Lula da Silva, mas sim convic\u00e7\u00e3o, ficou claro que o processo contra o pol\u00edtico brasileiro est\u00e1 muito mais pr\u00f3ximo da Santa Inquisi\u00e7\u00e3o que da Justi\u00e7a.<!--more--><\/p>\n<p>Os abusos e inconsist\u00eancias apresentadas ao p\u00fablico pelo fiscal encarregado da Lava-Jato, o predicador evang\u00e9lico Deltan Dallagnol tiveram o efeito de um bumerangue na opini\u00e3o p\u00fablica.<\/p>\n<p>Fascinado e ofuscado pelas luzes da gl\u00f3ria, o jovem e messi\u00e2nico promotor cometeu erros jur\u00eddicos dignos de um menino pedante que n\u00e3o sabe sequer o endere\u00e7o da escola de direito. O mais evidente e escandaloso desses erros prim\u00e1rios foi ter dedicado a maior parte do tempo de sua exposi\u00e7\u00e3o a apontar Lula como chefe de uma organiza\u00e7\u00e3o criminosa, o centro de um universo solar de corrup\u00e7\u00e3o, segundo ele.<\/p>\n<p>Provas? N\u00e3o h\u00e1, nenhuma. Mas h\u00e1 convic\u00e7\u00e3o, como sentenciou um de seus tamb\u00e9m jovens assistentes. Baseadas em que? Em dados e ind\u00edcios. Sendo assim, por que n\u00e3o denunci\u00e1-lo por forma\u00e7\u00e3o de quadrilha? Sil\u00eancio.<\/p>\n<p>A rea\u00e7\u00e3o negativa foi imediata. Da conservadora Ordem dos Advogados do Brasil (OAB) a di\u00e1rios claramente comprometidos com o golpe institucional que destituiu a presidenta Dilma Rousseff (tamb\u00e9m sem provas e sem crime) e instalou o usurpador Michel Temer na cadeira presidencial, surgiram diversas cr\u00edticas, com mais ou menos \u00eanfase ao espet\u00e1culo circense oferecido pelo irrespons\u00e1vel e vaidoso promotor Deltan Dallagnol, que tenta projetar uma imagem de salvador da p\u00e1tria, ao estilo do que a imprensa vem comprando ultimamente, mas que at\u00e9 gora vem mostrando um desempenho bastante desastrado.<\/p>\n<p>Foi ele o autor, por certo, da mais grave e extensa de todas as a\u00e7\u00f5es cujo objetivo clar\u00edssimo \u00e9 eliminar do cen\u00e1rio pol\u00edtico brasileiro o mais popular dos dirigentes das \u00faltimas seis ou sete d\u00e9cadas. Entregou em bandeja de prata, aos detratores de Lula da Silva, um arsenal estrondoso.<\/p>\n<p>Por\u00e9m, ao mesmo tempo, sua oferta se mostrou uma faca de dois gumes. Era claro que Lula reagiria. Ao transformar seu discurso num feroz pronunciamento pol\u00edtico, o pobre Deltan entrou num campo de batalha no qual ele \u00e9 um torpe e ris\u00edvel amador, e onde Lula \u00e9 insuper\u00e1vel.<\/p>\n<p>\u00c9 verdade que ele conseguiu fornecer muni\u00e7\u00e3o aos que n\u00e3o podem superar Lula nas urnas eleitorais. Alguns, sem limites para a sua hipocrisia, usaram essas mesmas ferramentas para refor\u00e7ar o discurso violento contra o l\u00edder petista. O senador A\u00e9cio Neves, por exemplo, um dos cabe\u00e7as da manobra que resultou no golpe contra Dilma, foi um dos primeiros: logo ap\u00f3s ouvir a emotiva defesa pessoal apresentada por Lula da Silva, reclamou da falta de algum tipo de confiss\u00e3o, de mea-culpa por parte dele.<\/p>\n<p>A\u00e9cio se esquece que \u00e9 ele, precisamente, um dos pol\u00edticos mais denunciados nas dela\u00e7\u00f5es dentro da Opera\u00e7\u00e3o Lava-Jato. Claro que ele sabe que jamais deixar\u00e1 de contar com o manto protetor de um sistema judici\u00e1rio absolutamente politizado, que o vem protegendo de ter que testemunhar, evadindo assim qualquer necessidade de confessar o que seja \u2013 e assim continuar\u00e1 sendo.<\/p>\n<p>Dallagnol, em sua caminhada rumo ao trono de Torquemada, abriu as largas avenidas para que Lula pratique uma de suas especialidades mais conhecidas: o discurso da indigna\u00e7\u00e3o. Ao denunciar tamb\u00e9m a esposa do ex-presidente, dona Marisa Let\u00edcia, o triste promotor permitiu que Lula se dirigisse ao seu p\u00fablico se apresentando n\u00e3o como um ex-presidente v\u00edtima de uma injusti\u00e7a c\u00f3smica, ou como um dirigente pol\u00edtico que tem que ser derrotado por seus advers\u00e1rios por qualquer m\u00e9todo \u2013 j\u00e1 que no jogo eleitoral ele continua sendo favorito, como indicam as pesquisas.<\/p>\n<p>Permitiu a ele falar como cidad\u00e3o indignado. Lula contou as humilha\u00e7\u00f5es que vem sofrendo com as a\u00e7\u00f5es ilegais e abusivas da Pol\u00edcia Federal, que atuou sob as ordens de outro membro da Santa Inquisi\u00e7\u00e3o de Curitiba, o provinciano juiz de primeira inst\u00e2ncia S\u00e9rgio Moro. &#8220;Chegaram a revisar debaixo do meu colch\u00e3o&#8221;, contou Lula. &#8220;O que buscavam ali? O ouro de Moscou?&#8221;. O ex-presidente tamb\u00e9m contou que se levaram os celulares de suas netas. &#8220;Eles n\u00e3o tem o direito de humilhar a minha fam\u00edlia&#8221;, gritou um Lula emocionado, que chorou um mais de um momento.<\/p>\n<p>O ex-presidente Fernando Henrique Cardoso, outro dos cabe\u00e7as do golpe, insinuou que a iniciativa do promotor Dallagnol talvez n\u00e3o tenha sido uma ideia brilhante: &#8220;\u00e9 preciso analisar tudo com muita cautela&#8221;. Talvez recomendando, com suas palavras, que se a Justi\u00e7a tenha a mesma cautela com as den\u00fancias contra o seu partido o PSDB, especialmente as que ocorreram em seus mandatos presidenciais, entre 1995 e 2002 \u2013 as que s\u00e3o muitas, e que, diferente das do PT e de Lula, vem sendo tratadas com cautela excessiva.<\/p>\n<p>A hipocrisia chega a n\u00edveis ol\u00edmpicos quando se recorda algo que Lula da Silva destacou em seu discurso de quinta-feira (15\/9). H\u00e1 dois anos, a Pol\u00edcia Federal encontrou um helic\u00f3ptero carregado com 400 quilos de coca\u00edna. O ve\u00edculo pertence ao senador Zez\u00e9 Perrella, amigo pessoal de A\u00e9cio Neves, e seu aliado no golpe e em outros neg\u00f3cios n\u00e3o exatamente republicanos. O fato ocorreu meses antes das elei\u00e7\u00f5es de 2014, quando A\u00e9cio era o principal candidato da oposi\u00e7\u00e3o contra Dilma Rousseff, e a total omiss\u00e3o do fato na m\u00eddia, al\u00e9m da n\u00e3o investiga\u00e7\u00e3o do Minist\u00e9rio P\u00fablico, que levou definitivamente a que terminasse em impunidade, ajudou a candidatura do tucano a chegar ao segundo turno, e amea\u00e7ar a vit\u00f3ria petista.<\/p>\n<p>&#8220;Comigo, dizem n\u00e3o ter provas, apenas convic\u00e7\u00e3o. No caso do helic\u00f3ptero havia provas, pegaram ele l\u00e1 cheio de coca\u00edna, o que n\u00e3o havia era convic\u00e7\u00e3o&#8221;, fulminou um Lula da Silva em estado puro, com certa ironia ressaltando a diferen\u00e7a de tratamento por parte das investiga\u00e7\u00f5es de um caso de outro.<\/p>\n<p>O mesmo Lula, com a mesma indigna\u00e7\u00e3o, advertiu os golpistas do Poder Judici\u00e1rio: &#8220;se acreditam que esta hist\u00f3ria est\u00e1 chegando ao final, se preparem, porque est\u00e1 apenas come\u00e7ando&#8221;.<\/p>\n<p>Tradu\u00e7\u00e3o: Victor Farinelli<\/p>\n","protected":false},"excerpt":{"rendered":"<p>Por Eric Nepomuceno Existem frases que dispensam coment\u00e1rios e recha\u00e7am desmentidos. Nesta quarta-feira (14\/9), quando os jovens promotores da equipe do Minist\u00e9rio P\u00fablico Federal, respons\u00e1veis pela Opera\u00e7\u00e3o Lava-Jato, disseram que n\u00e3o h\u00e1 provas contra o ex-presidente Lula da Silva, mas sim convic\u00e7\u00e3o, ficou claro que o processo contra o pol\u00edtico brasileiro est\u00e1 muito mais pr\u00f3ximo&#8230;<a class=\"more-link\" href=\"http:\/\/blogdalucianaoliveira.com.br\/blog\/2016\/09\/18\/a-hora-e-a-vez-de-sua-majestade-a-hipocrisia\/\">Continue a leitura <span class=\"meta-nav\">&raquo;<\/span><\/a><\/p>\n","protected":false},"author":1,"featured_media":0,"comment_status":"closed","ping_status":"open","sticky":false,"template":"","format":"standard","meta":{"_exactmetrics_skip_tracking":false,"_exactmetrics_sitenote_active":false,"_exactmetrics_sitenote_note":"","_exactmetrics_sitenote_category":0,"jetpack_post_was_ever_published":false,"_jetpack_newsletter_access":"","_jetpack_dont_email_post_to_subs":false,"_jetpack_newsletter_tier_id":0,"_jetpack_memberships_contains_paywalled_content":false,"_jetpack_memberships_contains_paid_content":false,"footnotes":"","jetpack_publicize_message":"","jetpack_publicize_feature_enabled":true,"jetpack_social_post_already_shared":true,"jetpack_social_options":{"image_generator_settings":{"template":"highway","enabled":false},"version":2}},"categories":[1],"tags":[],"class_list":["post-4056","post","type-post","status-publish","format-standard","hentry","category-notas"],"jetpack_publicize_connections":[],"jetpack_sharing_enabled":true,"jetpack_featured_media_url":"","jetpack_shortlink":"https:\/\/wp.me\/p7wKYW-13q","jetpack-related-posts":[],"_links":{"self":[{"href":"http:\/\/blogdalucianaoliveira.com.br\/blog\/wp-json\/wp\/v2\/posts\/4056","targetHints":{"allow":["GET"]}}],"collection":[{"href":"http:\/\/blogdalucianaoliveira.com.br\/blog\/wp-json\/wp\/v2\/posts"}],"about":[{"href":"http:\/\/blogdalucianaoliveira.com.br\/blog\/wp-json\/wp\/v2\/types\/post"}],"author":[{"embeddable":true,"href":"http:\/\/blogdalucianaoliveira.com.br\/blog\/wp-json\/wp\/v2\/users\/1"}],"replies":[{"embeddable":true,"href":"http:\/\/blogdalucianaoliveira.com.br\/blog\/wp-json\/wp\/v2\/comments?post=4056"}],"version-history":[{"count":1,"href":"http:\/\/blogdalucianaoliveira.com.br\/blog\/wp-json\/wp\/v2\/posts\/4056\/revisions"}],"predecessor-version":[{"id":4059,"href":"http:\/\/blogdalucianaoliveira.com.br\/blog\/wp-json\/wp\/v2\/posts\/4056\/revisions\/4059"}],"wp:attachment":[{"href":"http:\/\/blogdalucianaoliveira.com.br\/blog\/wp-json\/wp\/v2\/media?parent=4056"}],"wp:term":[{"taxonomy":"category","embeddable":true,"href":"http:\/\/blogdalucianaoliveira.com.br\/blog\/wp-json\/wp\/v2\/categories?post=4056"},{"taxonomy":"post_tag","embeddable":true,"href":"http:\/\/blogdalucianaoliveira.com.br\/blog\/wp-json\/wp\/v2\/tags?post=4056"}],"curies":[{"name":"wp","href":"https:\/\/api.w.org\/{rel}","templated":true}]}}