{"id":4113,"date":"2016-09-19T18:51:04","date_gmt":"2016-09-19T22:51:04","guid":{"rendered":"http:\/\/blogdalucianaoliveira.com.br\/blog\/?p=4113"},"modified":"2016-09-19T18:51:04","modified_gmt":"2016-09-19T22:51:04","slug":"temer-mente-aumenta-quase-11-vezes-o-numero-de-refugiados-no-brasil","status":"publish","type":"post","link":"http:\/\/blogdalucianaoliveira.com.br\/blog\/2016\/09\/19\/temer-mente-aumenta-quase-11-vezes-o-numero-de-refugiados-no-brasil\/","title":{"rendered":"Temer mente, aumenta quase 11 vezes o numero de refugiados no Brasil"},"content":{"rendered":"<p><img data-recalc-dims=\"1\" loading=\"lazy\" decoding=\"async\" data-attachment-id=\"4114\" data-permalink=\"http:\/\/blogdalucianaoliveira.com.br\/blog\/2016\/09\/19\/temer-mente-aumenta-quase-11-vezes-o-numero-de-refugiados-no-brasil\/temeronu1\/\" data-orig-file=\"https:\/\/i0.wp.com\/blogdalucianaoliveira.com.br\/blog\/wp-content\/uploads\/2016\/09\/temeronu1.jpg?fit=660%2C437\" data-orig-size=\"660,437\" data-comments-opened=\"0\" data-image-meta=\"{&quot;aperture&quot;:&quot;0&quot;,&quot;credit&quot;:&quot;&quot;,&quot;camera&quot;:&quot;&quot;,&quot;caption&quot;:&quot;&quot;,&quot;created_timestamp&quot;:&quot;0&quot;,&quot;copyright&quot;:&quot;&quot;,&quot;focal_length&quot;:&quot;0&quot;,&quot;iso&quot;:&quot;0&quot;,&quot;shutter_speed&quot;:&quot;0&quot;,&quot;title&quot;:&quot;&quot;,&quot;orientation&quot;:&quot;0&quot;}\" data-image-title=\"temeronu1\" data-image-description=\"\" data-image-caption=\"\" data-medium-file=\"https:\/\/i0.wp.com\/blogdalucianaoliveira.com.br\/blog\/wp-content\/uploads\/2016\/09\/temeronu1.jpg?fit=300%2C199\" data-large-file=\"https:\/\/i0.wp.com\/blogdalucianaoliveira.com.br\/blog\/wp-content\/uploads\/2016\/09\/temeronu1.jpg?fit=600%2C397\" src=\"https:\/\/i0.wp.com\/blogdalucianaoliveira.com.br\/blog\/wp-content\/uploads\/2016\/09\/temeronu1.jpg?resize=600%2C397\" alt=\"temeronu1\" width=\"600\" height=\"397\" class=\"alignnone size-full wp-image-4114\" srcset=\"https:\/\/i0.wp.com\/blogdalucianaoliveira.com.br\/blog\/wp-content\/uploads\/2016\/09\/temeronu1.jpg?w=660 660w, https:\/\/i0.wp.com\/blogdalucianaoliveira.com.br\/blog\/wp-content\/uploads\/2016\/09\/temeronu1.jpg?resize=300%2C199 300w, https:\/\/i0.wp.com\/blogdalucianaoliveira.com.br\/blog\/wp-content\/uploads\/2016\/09\/temeronu1.jpg?resize=453%2C300 453w\" sizes=\"auto, (max-width: 600px) 100vw, 600px\" \/><\/p>\n<p>Em primeiro discurso na ONU como presidente, Temer infla n\u00famero de refugiados recebidos pelo Brasil<!--more--><\/p>\n<p>No Opera Mundi<\/p>\n<p>Em seu primeiro discurso na ONU (Organiza\u00e7\u00e3o das Na\u00e7\u00f5es Unidas) como presidente do Brasil, nesta segunda-feira (19\/09), Michel Temer afirmou que \u201co acolhimento de refugiados \u00e9 uma responsabilidade compartilhada\u201d, defendeu a solu\u00e7\u00e3o negociada de crises pol\u00edticas para prevenir o deslocamento for\u00e7ado \u2013 e inflou os dados sobre refugiados no pa\u00eds, afirmando que o Brasil recebeu 95 mil pessoas sob este status, enquanto o pr\u00f3prio governo contabiliza 8.800 refugiados.<\/p>\n<p>O pronunciamento se deu durante sess\u00e3o plen\u00e1ria da Reuni\u00e3o de Alto N\u00edvel sobre Grandes Movimentos de Refugiados e Migrantes, na sede da ONU, em Nova York. Temer destacou o papel do Brasil na emerg\u00eancia internacional de refugiados, afirmando que o pa\u00eds recebeu, nos \u00faltimos anos, \u201cmais de 95 mil refugiados de 79 nacionalidades\u201d.<br \/>\nNo entanto, o Conare \u2013 Comit\u00ea Nacional para Refugiados, \u00f3rg\u00e3o presidido pelo Minist\u00e9rio da Justi\u00e7a e vice-presidido pelo Minist\u00e9rio das Rela\u00e7\u00f5es Exteriores \u2013 afirma que, no Brasil, \u201cvivem atualmente mais de 8.800 refugiados de 79 diferentes nacionalidades, sendo as cinco maiores comunidades origin\u00e1rias, em ordem decrescente, de S\u00edria, Angola, Col\u00f4mbia, Rep\u00fablica Democr\u00e1tica do Congo e Palestina\u201d. Uma not\u00edcia publicada neste domingo (18\/09) no site do Pal\u00e1cio do Planalto tamb\u00e9m afirma que o Brasil \u00e9 \u201cp\u00e1tria de 8,8 mil refugiados\u201d.<\/p>\n<p>O ministro da Justi\u00e7a, Alexandre de Moraes, disse, em entrevista coletiva \u00e0 imprensa ap\u00f3s o pronunciamento de Temer, que o presidente contabilizou os 85 mil haitianos que chegaram ao Brasil desde 2010, ap\u00f3s o terremoto que agravou a situa\u00e7\u00e3o humanit\u00e1ria no pa\u00eds caribenho. Os haitianos que vieram ao pa\u00eds nestas condi\u00e7\u00f5es n\u00e3o se encaixam na defini\u00e7\u00e3o de refugiado adotada pelo Acnur (Alto Comissariado das Na\u00e7\u00f5es Unidas para Refugiados) e pelo sistema internacional, estipulada na Conven\u00e7\u00e3o de 1951 sobre o Estatuto dos Refugiados.<\/p>\n<p>Segundo a defini\u00e7\u00e3o acordada internacionalmente e que consta no site do Itamaraty, \u00e9 apto a receber o status de refugiado \u201co indiv\u00edduo que, devido a fundado temor de ser perseguido por motivos de ra\u00e7a, religi\u00e3o, nacionalidade, pertencimento a grupo social espec\u00edfico ou opini\u00e3o pol\u00edtica, encontre-se fora de seu pa\u00eds de nacionalidade (ou, no caso de ap\u00e1tridas, de seu pa\u00eds de resid\u00eancia habitual) e n\u00e3o possa ou, devido a tal temor, n\u00e3o queira retornar a ele\u201d. Pessoas que fogem de desastres naturais, como os haitianos que vieram para o Brasil ap\u00f3s o terremoto de 2010, n\u00e3o s\u00e3o consideradas refugiadas.<\/p>\n<p>Moraes negou, por\u00e9m, que Temer tenha inflado a acolhida brasileira a refugiados. \u201cObviamente que n\u00e3o [tentou-se inflar os n\u00fameros], isso \u00e9 algo correto. Os haitianos est\u00e3o recebendo tratamento jur\u00eddico e social exatamente id\u00eantico ao dos outros refugiados. N\u00e3o \u00e9 porque s\u00e3o da Am\u00e9rica Latina que eles n\u00e3o podem ter o mesmo tratamento. O presidente colocou muito bem esta quest\u00e3o, e citou exatamente o n\u00famero de haitianos\u201d, disse o ministro da Justi\u00e7a \u00e0 imprensa.<br \/>\nNova lei de migra\u00e7\u00f5es<br \/>\nEm seu pronunciamento, Michel Temer afirmou tamb\u00e9m que o Congresso brasileiro est\u00e1 analisando uma nova lei para facilitar a imigra\u00e7\u00e3o. &#8220;Em nosso Parlamento, encontra-se, j\u00e1 em est\u00e1gio avan\u00e7ado, uma nova lei de migra\u00e7\u00f5es. O nosso objetivo \u00e9 garantir direitos, facilitar a inclus\u00e3o e n\u00e3o criminalizar a migra\u00e7\u00e3o. Nossa lei dispor\u00e1 sobre o visto humanit\u00e1rio \u2013 instrumento j\u00e1 utilizado em favor de quase 85 mil cidad\u00e3os haitianos, ap\u00f3s o terremoto de 2010, e 2.300 pessoas afetadas pelo conflito na S\u00edria.&#8221;<\/p>\n<p>Ao final da reuni\u00e3o na ONU, deve ser aprovada uma decis\u00e3o pol\u00edtica que dar\u00e1 in\u00edcio a um processo de negocia\u00e7\u00e3o sobre refugiados que pode se estender at\u00e9 2018, quando dois pactos globais ser\u00e3o adotados: &#8220;Sobre o compartilhamento de responsabilidades relativas aos refugiados&#8221; e &#8220;Migra\u00e7\u00f5es seguras, regulares e ordenadas\u201d.<br \/>\nDepois do pronunciamento, Temer manteve encontros bilaterais com os presidentes de Portugal, Marcelo Rebelo de Sousa, e do Uruguai, Tabar\u00e9 V\u00e1zquez.<\/p>\n<p>Assembleia Geral da ONU<\/p>\n<p>Nesta ter\u00e7a (20\/09), Temer abrir\u00e1 a 71\u00aa Assembleia Geral da Organiza\u00e7\u00e3o da ONU. Conforme tradi\u00e7\u00e3o iniciada em 1947, com o discurso inaugural feito pelo brasileiro Osvaldo Aranha, cabe ao Brasil abrir a assembleia. Aranha era, ent\u00e3o, o chefe da delega\u00e7\u00e3o brasileira nas Na\u00e7\u00f5es Unidas.<br \/>\nEsta \u00e9 a segunda viagem oficial ao exterior feita por Temer ap\u00f3s ter assumido definitivamente o cargo. No in\u00edcio do m\u00eas, ele participou da reuni\u00e3o de C\u00fapula do G20, grupo formado pelas 20 maiores economias mundiais, na China.<\/p>\n<p>*Com Ag\u00eancia Brasil<\/p>\n","protected":false},"excerpt":{"rendered":"<p>Em primeiro discurso na ONU como presidente, Temer infla n\u00famero de refugiados recebidos pelo Brasil<\/p>\n","protected":false},"author":1,"featured_media":0,"comment_status":"closed","ping_status":"open","sticky":false,"template":"","format":"standard","meta":{"_exactmetrics_skip_tracking":false,"_exactmetrics_sitenote_active":false,"_exactmetrics_sitenote_note":"","_exactmetrics_sitenote_category":0,"jetpack_post_was_ever_published":false,"_jetpack_newsletter_access":"","_jetpack_dont_email_post_to_subs":false,"_jetpack_newsletter_tier_id":0,"_jetpack_memberships_contains_paywalled_content":false,"_jetpack_memberships_contains_paid_content":false,"footnotes":"","jetpack_publicize_message":"","jetpack_publicize_feature_enabled":true,"jetpack_social_post_already_shared":true,"jetpack_social_options":{"image_generator_settings":{"template":"highway","enabled":false},"version":2}},"categories":[1],"tags":[],"class_list":["post-4113","post","type-post","status-publish","format-standard","hentry","category-notas"],"jetpack_publicize_connections":[],"jetpack_sharing_enabled":true,"jetpack_featured_media_url":"","jetpack_shortlink":"https:\/\/wp.me\/p7wKYW-14l","jetpack-related-posts":[],"_links":{"self":[{"href":"http:\/\/blogdalucianaoliveira.com.br\/blog\/wp-json\/wp\/v2\/posts\/4113","targetHints":{"allow":["GET"]}}],"collection":[{"href":"http:\/\/blogdalucianaoliveira.com.br\/blog\/wp-json\/wp\/v2\/posts"}],"about":[{"href":"http:\/\/blogdalucianaoliveira.com.br\/blog\/wp-json\/wp\/v2\/types\/post"}],"author":[{"embeddable":true,"href":"http:\/\/blogdalucianaoliveira.com.br\/blog\/wp-json\/wp\/v2\/users\/1"}],"replies":[{"embeddable":true,"href":"http:\/\/blogdalucianaoliveira.com.br\/blog\/wp-json\/wp\/v2\/comments?post=4113"}],"version-history":[{"count":1,"href":"http:\/\/blogdalucianaoliveira.com.br\/blog\/wp-json\/wp\/v2\/posts\/4113\/revisions"}],"predecessor-version":[{"id":4115,"href":"http:\/\/blogdalucianaoliveira.com.br\/blog\/wp-json\/wp\/v2\/posts\/4113\/revisions\/4115"}],"wp:attachment":[{"href":"http:\/\/blogdalucianaoliveira.com.br\/blog\/wp-json\/wp\/v2\/media?parent=4113"}],"wp:term":[{"taxonomy":"category","embeddable":true,"href":"http:\/\/blogdalucianaoliveira.com.br\/blog\/wp-json\/wp\/v2\/categories?post=4113"},{"taxonomy":"post_tag","embeddable":true,"href":"http:\/\/blogdalucianaoliveira.com.br\/blog\/wp-json\/wp\/v2\/tags?post=4113"}],"curies":[{"name":"wp","href":"https:\/\/api.w.org\/{rel}","templated":true}]}}