{"id":4116,"date":"2016-09-20T12:49:07","date_gmt":"2016-09-20T16:49:07","guid":{"rendered":"http:\/\/blogdalucianaoliveira.com.br\/blog\/?p=4116"},"modified":"2016-09-20T12:49:07","modified_gmt":"2016-09-20T16:49:07","slug":"hora-do-te-avisei-acordo-na-camara-preve-anistia-a-investigados-na-lava-jato","status":"publish","type":"post","link":"http:\/\/blogdalucianaoliveira.com.br\/blog\/2016\/09\/20\/hora-do-te-avisei-acordo-na-camara-preve-anistia-a-investigados-na-lava-jato\/","title":{"rendered":"Hora do \u2018te avisei\u2019. Acordo na C\u00e2mara prev\u00ea anistia a investigados na Lava Jato"},"content":{"rendered":"<p><img data-recalc-dims=\"1\" loading=\"lazy\" decoding=\"async\" data-attachment-id=\"4119\" data-permalink=\"http:\/\/blogdalucianaoliveira.com.br\/blog\/2016\/09\/20\/hora-do-te-avisei-acordo-na-camara-preve-anistia-a-investigados-na-lava-jato\/lavar\/\" data-orig-file=\"https:\/\/i0.wp.com\/blogdalucianaoliveira.com.br\/blog\/wp-content\/uploads\/2016\/09\/lavar.jpg?fit=480%2C285\" data-orig-size=\"480,285\" data-comments-opened=\"0\" data-image-meta=\"{&quot;aperture&quot;:&quot;0&quot;,&quot;credit&quot;:&quot;&quot;,&quot;camera&quot;:&quot;&quot;,&quot;caption&quot;:&quot;&quot;,&quot;created_timestamp&quot;:&quot;0&quot;,&quot;copyright&quot;:&quot;&quot;,&quot;focal_length&quot;:&quot;0&quot;,&quot;iso&quot;:&quot;0&quot;,&quot;shutter_speed&quot;:&quot;0&quot;,&quot;title&quot;:&quot;&quot;,&quot;orientation&quot;:&quot;1&quot;}\" data-image-title=\"lavar\" data-image-description=\"\" data-image-caption=\"\" data-medium-file=\"https:\/\/i0.wp.com\/blogdalucianaoliveira.com.br\/blog\/wp-content\/uploads\/2016\/09\/lavar.jpg?fit=300%2C178\" data-large-file=\"https:\/\/i0.wp.com\/blogdalucianaoliveira.com.br\/blog\/wp-content\/uploads\/2016\/09\/lavar.jpg?fit=480%2C285\" src=\"https:\/\/i0.wp.com\/blogdalucianaoliveira.com.br\/blog\/wp-content\/uploads\/2016\/09\/lavar.jpg?resize=480%2C285\" alt=\"lavar\" width=\"480\" height=\"285\" class=\"alignnone size-full wp-image-4119\" srcset=\"https:\/\/i0.wp.com\/blogdalucianaoliveira.com.br\/blog\/wp-content\/uploads\/2016\/09\/lavar.jpg?w=480 480w, https:\/\/i0.wp.com\/blogdalucianaoliveira.com.br\/blog\/wp-content\/uploads\/2016\/09\/lavar.jpg?resize=300%2C178 300w\" sizes=\"auto, (max-width: 480px) 100vw, 480px\" \/><\/p>\n<p>Uma sess\u00e3o com todos os deputados nus, encenando o pol\u00eamico espet\u00e1culo teatral Macaquinhos, n\u00e3o chocaria tanto a moral quanto a manobra para votar na surdina um texto que anistia parlamentares que cometeram crime de caixa 2 daqui pra tr\u00e1s. <!--more--><\/p>\n<p>Quem aplaudiu a ades\u00e3o maci\u00e7a na C\u00e2mara pelo impeahcment de Dilma Rousseff, pagou e v\u00ea o compromisso dos parlamentares com a impunidade.<\/p>\n<p>Os despudorados viram num item do Pacote Anticorrup\u00e7\u00e3o encampado pelo Minist\u00e9rio P\u00fablico, a oportunidade para deixar \u2018pra l\u00e1\u2019 o que corruptos fizeram para se eleger.<\/p>\n<p>Sem aviso e debate, a mesa diretora submeteu \u00e0 vota\u00e7\u00e3o a proposta de criminaliza\u00e7\u00e3o do caixa 2, que aprovado, anistiaria as pr\u00e1ticas adotadas antes da lei entrar em vigor.<\/p>\n<p>O grupo que se rebelou contra a anistia acusou \u201cuma articula\u00e7\u00e3o suprapartid\u00e1ria\u201d liderada por partidos governistas, como PMDB, PP e o PSDB, claro. <\/p>\n<p>O l\u00edder tucano Antonio Imbassahy se superou no descaramento ao afirmar que &#8220;\u00c9 razo\u00e1vel aprovarmos agora para valer j\u00e1 para esta elei\u00e7\u00e3o&#8221;, mesmo sabendo que depois de passar na C\u00e2mara, o projeto ainda teria de ser apreciado pelo Senado.<\/p>\n<p><img data-recalc-dims=\"1\" loading=\"lazy\" decoding=\"async\" data-attachment-id=\"4117\" data-permalink=\"http:\/\/blogdalucianaoliveira.com.br\/blog\/2016\/09\/20\/hora-do-te-avisei-acordo-na-camara-preve-anistia-a-investigados-na-lava-jato\/lider\/\" data-orig-file=\"https:\/\/i0.wp.com\/blogdalucianaoliveira.com.br\/blog\/wp-content\/uploads\/2016\/09\/lider.jpg?fit=619%2C412\" data-orig-size=\"619,412\" data-comments-opened=\"0\" data-image-meta=\"{&quot;aperture&quot;:&quot;0&quot;,&quot;credit&quot;:&quot;&quot;,&quot;camera&quot;:&quot;&quot;,&quot;caption&quot;:&quot;&quot;,&quot;created_timestamp&quot;:&quot;0&quot;,&quot;copyright&quot;:&quot;&quot;,&quot;focal_length&quot;:&quot;0&quot;,&quot;iso&quot;:&quot;0&quot;,&quot;shutter_speed&quot;:&quot;0&quot;,&quot;title&quot;:&quot;&quot;,&quot;orientation&quot;:&quot;0&quot;}\" data-image-title=\"lider\" data-image-description=\"\" data-image-caption=\"\" data-medium-file=\"https:\/\/i0.wp.com\/blogdalucianaoliveira.com.br\/blog\/wp-content\/uploads\/2016\/09\/lider.jpg?fit=300%2C200\" data-large-file=\"https:\/\/i0.wp.com\/blogdalucianaoliveira.com.br\/blog\/wp-content\/uploads\/2016\/09\/lider.jpg?fit=600%2C399\" src=\"https:\/\/i0.wp.com\/blogdalucianaoliveira.com.br\/blog\/wp-content\/uploads\/2016\/09\/lider.jpg?resize=600%2C399\" alt=\"lider\" width=\"600\" height=\"399\" class=\"alignnone size-full wp-image-4117\" srcset=\"https:\/\/i0.wp.com\/blogdalucianaoliveira.com.br\/blog\/wp-content\/uploads\/2016\/09\/lider.jpg?w=619 619w, https:\/\/i0.wp.com\/blogdalucianaoliveira.com.br\/blog\/wp-content\/uploads\/2016\/09\/lider.jpg?resize=300%2C200 300w, https:\/\/i0.wp.com\/blogdalucianaoliveira.com.br\/blog\/wp-content\/uploads\/2016\/09\/lider.jpg?resize=451%2C300 451w\" sizes=\"auto, (max-width: 600px) 100vw, 600px\" \/><\/p>\n<p>A brecha deixaria impune deputados e senadores investigados na Opera\u00e7\u00e3o Lava Jato, que apura o esquema bilion\u00e1rio de desvio de recursos para abastecer campanhas pol\u00edticas. A temida lista da Odebrecht tem mais de 200 pol\u00edticos sob suspeita de receberem doa\u00e7\u00f5es por meio de caixa 2.<\/p>\n<p>Enquanto deputados encenam mais este espet\u00e1culo indecoroso, o presidente Michel Temer estreia na Assembleia Geral da Organiza\u00e7\u00e3o das Na\u00e7\u00f5es Unidas (ONU), com o discurso pat\u00e9tico que exalta a \u2018moral\u2019 do legislativo. Foi recepcionado com protesto, claro.<\/p>\n<p><img data-recalc-dims=\"1\" loading=\"lazy\" decoding=\"async\" data-attachment-id=\"4118\" data-permalink=\"http:\/\/blogdalucianaoliveira.com.br\/blog\/2016\/09\/20\/hora-do-te-avisei-acordo-na-camara-preve-anistia-a-investigados-na-lava-jato\/nova\/\" data-orig-file=\"https:\/\/i0.wp.com\/blogdalucianaoliveira.com.br\/blog\/wp-content\/uploads\/2016\/09\/nova.jpg?fit=620%2C465\" data-orig-size=\"620,465\" data-comments-opened=\"0\" data-image-meta=\"{&quot;aperture&quot;:&quot;0&quot;,&quot;credit&quot;:&quot;&quot;,&quot;camera&quot;:&quot;&quot;,&quot;caption&quot;:&quot;&quot;,&quot;created_timestamp&quot;:&quot;0&quot;,&quot;copyright&quot;:&quot;&quot;,&quot;focal_length&quot;:&quot;0&quot;,&quot;iso&quot;:&quot;0&quot;,&quot;shutter_speed&quot;:&quot;0&quot;,&quot;title&quot;:&quot;&quot;,&quot;orientation&quot;:&quot;0&quot;}\" data-image-title=\"nova\" data-image-description=\"\" data-image-caption=\"\" data-medium-file=\"https:\/\/i0.wp.com\/blogdalucianaoliveira.com.br\/blog\/wp-content\/uploads\/2016\/09\/nova.jpg?fit=300%2C225\" data-large-file=\"https:\/\/i0.wp.com\/blogdalucianaoliveira.com.br\/blog\/wp-content\/uploads\/2016\/09\/nova.jpg?fit=600%2C450\" src=\"https:\/\/i0.wp.com\/blogdalucianaoliveira.com.br\/blog\/wp-content\/uploads\/2016\/09\/nova.jpg?resize=600%2C450\" alt=\"nova\" width=\"600\" height=\"450\" class=\"alignnone size-full wp-image-4118\" srcset=\"https:\/\/i0.wp.com\/blogdalucianaoliveira.com.br\/blog\/wp-content\/uploads\/2016\/09\/nova.jpg?w=620 620w, https:\/\/i0.wp.com\/blogdalucianaoliveira.com.br\/blog\/wp-content\/uploads\/2016\/09\/nova.jpg?resize=300%2C225 300w, https:\/\/i0.wp.com\/blogdalucianaoliveira.com.br\/blog\/wp-content\/uploads\/2016\/09\/nova.jpg?resize=400%2C300 400w\" sizes=\"auto, (max-width: 600px) 100vw, 600px\" \/><\/p>\n<p>Sobre o processo de impeachment de Dilma Rousseff destacou que &#8220;transcorreu dentro do mais absoluto respeito \u00e0 ordem constitucional&#8221;.<\/p>\n<p>Em ineg\u00e1vel contraste com a inten\u00e7\u00e3o nefasta da C\u00e2mara nesta segunda-feira (19), disse que \u201cque o Brasil est\u00e1 em meio \u201ca um processo de depura\u00e7\u00e3o de seu sistema pol\u00edtico&#8221;.<\/p>\n<p>Temer \u00e9 o descarado-mor do golpe.<\/p>\n<p>Fiquemos com a pureza da resposta da deputada Luiza Erundina (PSOL-SP) que no vigor de seus 82 anos resumiu assim a indec\u00eancia: \u201cessa Casa prima, fica o tempo inteiro buscando a melhor forma de se desmoralizar diante da sociedade\u201d.<\/p>\n","protected":false},"excerpt":{"rendered":"<p>Uma sess\u00e3o com todos os deputados nus, encenando o pol\u00eamico espet\u00e1culo teatral Macaquinhos, n\u00e3o chocaria tanto a moral quanto a manobra para votar na surdina um texto que anistia parlamentares que cometeram crime de caixa 2 daqui pra tr\u00e1s.<\/p>\n","protected":false},"author":1,"featured_media":0,"comment_status":"closed","ping_status":"open","sticky":false,"template":"","format":"standard","meta":{"_exactmetrics_skip_tracking":false,"_exactmetrics_sitenote_active":false,"_exactmetrics_sitenote_note":"","_exactmetrics_sitenote_category":0,"jetpack_post_was_ever_published":false,"_jetpack_newsletter_access":"","_jetpack_dont_email_post_to_subs":false,"_jetpack_newsletter_tier_id":0,"_jetpack_memberships_contains_paywalled_content":false,"_jetpack_memberships_contains_paid_content":false,"footnotes":"","jetpack_publicize_message":"","jetpack_publicize_feature_enabled":true,"jetpack_social_post_already_shared":true,"jetpack_social_options":{"image_generator_settings":{"template":"highway","enabled":false},"version":2}},"categories":[1],"tags":[],"class_list":["post-4116","post","type-post","status-publish","format-standard","hentry","category-notas"],"jetpack_publicize_connections":[],"jetpack_sharing_enabled":true,"jetpack_featured_media_url":"","jetpack_shortlink":"https:\/\/wp.me\/p7wKYW-14o","jetpack-related-posts":[],"_links":{"self":[{"href":"http:\/\/blogdalucianaoliveira.com.br\/blog\/wp-json\/wp\/v2\/posts\/4116","targetHints":{"allow":["GET"]}}],"collection":[{"href":"http:\/\/blogdalucianaoliveira.com.br\/blog\/wp-json\/wp\/v2\/posts"}],"about":[{"href":"http:\/\/blogdalucianaoliveira.com.br\/blog\/wp-json\/wp\/v2\/types\/post"}],"author":[{"embeddable":true,"href":"http:\/\/blogdalucianaoliveira.com.br\/blog\/wp-json\/wp\/v2\/users\/1"}],"replies":[{"embeddable":true,"href":"http:\/\/blogdalucianaoliveira.com.br\/blog\/wp-json\/wp\/v2\/comments?post=4116"}],"version-history":[{"count":1,"href":"http:\/\/blogdalucianaoliveira.com.br\/blog\/wp-json\/wp\/v2\/posts\/4116\/revisions"}],"predecessor-version":[{"id":4120,"href":"http:\/\/blogdalucianaoliveira.com.br\/blog\/wp-json\/wp\/v2\/posts\/4116\/revisions\/4120"}],"wp:attachment":[{"href":"http:\/\/blogdalucianaoliveira.com.br\/blog\/wp-json\/wp\/v2\/media?parent=4116"}],"wp:term":[{"taxonomy":"category","embeddable":true,"href":"http:\/\/blogdalucianaoliveira.com.br\/blog\/wp-json\/wp\/v2\/categories?post=4116"},{"taxonomy":"post_tag","embeddable":true,"href":"http:\/\/blogdalucianaoliveira.com.br\/blog\/wp-json\/wp\/v2\/tags?post=4116"}],"curies":[{"name":"wp","href":"https:\/\/api.w.org\/{rel}","templated":true}]}}