{"id":4130,"date":"2016-09-21T10:38:21","date_gmt":"2016-09-21T14:38:21","guid":{"rendered":"http:\/\/blogdalucianaoliveira.com.br\/blog\/?p=4130"},"modified":"2016-09-21T10:38:21","modified_gmt":"2016-09-21T14:38:21","slug":"midia-global-questiona-assombrosa-rapidez-de-moro-e-ve-acusacao-fragil","status":"publish","type":"post","link":"http:\/\/blogdalucianaoliveira.com.br\/blog\/2016\/09\/21\/midia-global-questiona-assombrosa-rapidez-de-moro-e-ve-acusacao-fragil\/","title":{"rendered":"M\u00cdDIA GLOBAL QUESTIONA \u201cASSOMBROSA RAPIDEZ\u201d DE MORO E V\u00ca ACUSA\u00c7\u00c3O FR\u00c1GIL"},"content":{"rendered":"<p><img data-recalc-dims=\"1\" loading=\"lazy\" decoding=\"async\" data-attachment-id=\"4133\" data-permalink=\"http:\/\/blogdalucianaoliveira.com.br\/blog\/2016\/09\/21\/midia-global-questiona-assombrosa-rapidez-de-moro-e-ve-acusacao-fragil\/image-915\/\" data-orig-file=\"https:\/\/i0.wp.com\/blogdalucianaoliveira.com.br\/blog\/wp-content\/uploads\/2016\/09\/image-116.jpeg?fit=750%2C372\" data-orig-size=\"750,372\" data-comments-opened=\"0\" data-image-meta=\"{&quot;aperture&quot;:&quot;0&quot;,&quot;credit&quot;:&quot;&quot;,&quot;camera&quot;:&quot;&quot;,&quot;caption&quot;:&quot;&quot;,&quot;created_timestamp&quot;:&quot;0&quot;,&quot;copyright&quot;:&quot;&quot;,&quot;focal_length&quot;:&quot;0&quot;,&quot;iso&quot;:&quot;0&quot;,&quot;shutter_speed&quot;:&quot;0&quot;,&quot;title&quot;:&quot;&quot;,&quot;orientation&quot;:&quot;0&quot;}\" data-image-title=\"image\" data-image-description=\"\" data-image-caption=\"\" data-medium-file=\"https:\/\/i0.wp.com\/blogdalucianaoliveira.com.br\/blog\/wp-content\/uploads\/2016\/09\/image-116.jpeg?fit=300%2C149\" data-large-file=\"https:\/\/i0.wp.com\/blogdalucianaoliveira.com.br\/blog\/wp-content\/uploads\/2016\/09\/image-116.jpeg?fit=600%2C298\" src=\"https:\/\/i0.wp.com\/blogdalucianaoliveira.com.br\/blog\/wp-content\/uploads\/2016\/09\/image-116.jpeg?resize=600%2C298\" alt=\"image\" width=\"600\" height=\"298\" class=\"alignnone size-full wp-image-4133\" srcset=\"https:\/\/i0.wp.com\/blogdalucianaoliveira.com.br\/blog\/wp-content\/uploads\/2016\/09\/image-116.jpeg?w=750 750w, https:\/\/i0.wp.com\/blogdalucianaoliveira.com.br\/blog\/wp-content\/uploads\/2016\/09\/image-116.jpeg?resize=300%2C149 300w, https:\/\/i0.wp.com\/blogdalucianaoliveira.com.br\/blog\/wp-content\/uploads\/2016\/09\/image-116.jpeg?resize=605%2C300 605w\" sizes=\"auto, (max-width: 600px) 100vw, 600px\" \/><\/p>\n<p>247 \u2013 A decis\u00e3o do juiz S\u00e9rgio Moro de aceitar, nesta ter\u00e7a-feira 20, a den\u00fancia da for\u00e7a-tarefa da Opera\u00e7\u00e3o Lava Jato contra o ex-presidente Lula por corrup\u00e7\u00e3o e lavagem de dinheiro no caso do apartamento no Guaruj\u00e1 gerou grande repercuss\u00e3o na imprensa internacional. <!--more--><\/p>\n<p>Outras setes pessoas tamb\u00e9m viraram r\u00e9s no processo.<\/p>\n<p>O jornal brit\u00e2nico The Guardian afirmou que &#8220;o palco est\u00e1 montado para o julgamento mais carregado politicamente na hist\u00f3ria moderna do Brasil&#8221; ao noticiar o fato. A reportagem diz ainda que a decis\u00e3o &#8220;vem no momento de intensa turbul\u00eancia pol\u00edtica e econ\u00f4mica, exacerbada pela investiga\u00e7\u00e3o da Lava Jato que dura dois anos e uma conspira\u00e7\u00e3o para encerrar 13 anos do PT no poder&#8221;.<\/p>\n<p>O franc\u00eas Le Monde disse que o magistrado aceitou as acusa\u00e7\u00f5es &#8220;disposto a enfrentar a controv\u00e9rsia de uma acusa\u00e7\u00e3o fundada sob ind\u00edcios fr\u00e1geis, que pode gerar inquieta\u00e7\u00e3o em muitos brasileiros&#8221;.<\/p>\n<p>Para o The New York Times, jornal mais influente do mundo, a decis\u00e3o ocorre &#8220;em meio a um debate nacional sobre se os promotores est\u00e3o ultrapassando seus esfor\u00e7os para prender&#8221; Lula. J\u00e1 o argentino Clar\u00edn apontou &#8220;assombrosa rapidez&#8221; de Moro em aceitar a den\u00fancia, que foi apresentada na semana passada com muita pol\u00eamica.<\/p>\n","protected":false},"excerpt":{"rendered":"<p>247 \u2013 A decis\u00e3o do juiz S\u00e9rgio Moro de aceitar, nesta ter\u00e7a-feira 20, a den\u00fancia da for\u00e7a-tarefa da Opera\u00e7\u00e3o Lava Jato contra o ex-presidente Lula por corrup\u00e7\u00e3o e lavagem de dinheiro no caso do apartamento no Guaruj\u00e1 gerou grande repercuss\u00e3o na imprensa internacional.<\/p>\n","protected":false},"author":1,"featured_media":0,"comment_status":"closed","ping_status":"open","sticky":false,"template":"","format":"standard","meta":{"_exactmetrics_skip_tracking":false,"_exactmetrics_sitenote_active":false,"_exactmetrics_sitenote_note":"","_exactmetrics_sitenote_category":0,"jetpack_post_was_ever_published":false,"_jetpack_newsletter_access":"","_jetpack_dont_email_post_to_subs":false,"_jetpack_newsletter_tier_id":0,"_jetpack_memberships_contains_paywalled_content":false,"_jetpack_memberships_contains_paid_content":false,"footnotes":"","jetpack_publicize_message":"","jetpack_publicize_feature_enabled":true,"jetpack_social_post_already_shared":true,"jetpack_social_options":{"image_generator_settings":{"template":"highway","enabled":false},"version":2}},"categories":[1],"tags":[],"class_list":["post-4130","post","type-post","status-publish","format-standard","hentry","category-notas"],"jetpack_publicize_connections":[],"jetpack_sharing_enabled":true,"jetpack_featured_media_url":"","jetpack_shortlink":"https:\/\/wp.me\/p7wKYW-14C","jetpack-related-posts":[],"_links":{"self":[{"href":"http:\/\/blogdalucianaoliveira.com.br\/blog\/wp-json\/wp\/v2\/posts\/4130","targetHints":{"allow":["GET"]}}],"collection":[{"href":"http:\/\/blogdalucianaoliveira.com.br\/blog\/wp-json\/wp\/v2\/posts"}],"about":[{"href":"http:\/\/blogdalucianaoliveira.com.br\/blog\/wp-json\/wp\/v2\/types\/post"}],"author":[{"embeddable":true,"href":"http:\/\/blogdalucianaoliveira.com.br\/blog\/wp-json\/wp\/v2\/users\/1"}],"replies":[{"embeddable":true,"href":"http:\/\/blogdalucianaoliveira.com.br\/blog\/wp-json\/wp\/v2\/comments?post=4130"}],"version-history":[{"count":1,"href":"http:\/\/blogdalucianaoliveira.com.br\/blog\/wp-json\/wp\/v2\/posts\/4130\/revisions"}],"predecessor-version":[{"id":4134,"href":"http:\/\/blogdalucianaoliveira.com.br\/blog\/wp-json\/wp\/v2\/posts\/4130\/revisions\/4134"}],"wp:attachment":[{"href":"http:\/\/blogdalucianaoliveira.com.br\/blog\/wp-json\/wp\/v2\/media?parent=4130"}],"wp:term":[{"taxonomy":"category","embeddable":true,"href":"http:\/\/blogdalucianaoliveira.com.br\/blog\/wp-json\/wp\/v2\/categories?post=4130"},{"taxonomy":"post_tag","embeddable":true,"href":"http:\/\/blogdalucianaoliveira.com.br\/blog\/wp-json\/wp\/v2\/tags?post=4130"}],"curies":[{"name":"wp","href":"https:\/\/api.w.org\/{rel}","templated":true}]}}