{"id":4145,"date":"2016-09-21T21:07:53","date_gmt":"2016-09-22T01:07:53","guid":{"rendered":"http:\/\/blogdalucianaoliveira.com.br\/blog\/?p=4145"},"modified":"2016-09-21T21:07:53","modified_gmt":"2016-09-22T01:07:53","slug":"nao-e-noticia-sensacionalista-temer-disse-isso-mesmo","status":"publish","type":"post","link":"http:\/\/blogdalucianaoliveira.com.br\/blog\/2016\/09\/21\/nao-e-noticia-sensacionalista-temer-disse-isso-mesmo\/","title":{"rendered":"N\u00e3o \u00e9 not\u00edcia Sensacionalista. Temer disse isso mesmo"},"content":{"rendered":"<p><img data-recalc-dims=\"1\" loading=\"lazy\" decoding=\"async\" data-attachment-id=\"4151\" data-permalink=\"http:\/\/blogdalucianaoliveira.com.br\/blog\/2016\/09\/21\/nao-e-noticia-sensacionalista-temer-disse-isso-mesmo\/image-917\/\" data-orig-file=\"https:\/\/i0.wp.com\/blogdalucianaoliveira.com.br\/blog\/wp-content\/uploads\/2016\/09\/image-118.jpeg?fit=347%2C424\" data-orig-size=\"347,424\" data-comments-opened=\"0\" data-image-meta=\"{&quot;aperture&quot;:&quot;0&quot;,&quot;credit&quot;:&quot;&quot;,&quot;camera&quot;:&quot;&quot;,&quot;caption&quot;:&quot;&quot;,&quot;created_timestamp&quot;:&quot;0&quot;,&quot;copyright&quot;:&quot;&quot;,&quot;focal_length&quot;:&quot;0&quot;,&quot;iso&quot;:&quot;0&quot;,&quot;shutter_speed&quot;:&quot;0&quot;,&quot;title&quot;:&quot;&quot;,&quot;orientation&quot;:&quot;0&quot;}\" data-image-title=\"image\" data-image-description=\"\" data-image-caption=\"\" data-medium-file=\"https:\/\/i0.wp.com\/blogdalucianaoliveira.com.br\/blog\/wp-content\/uploads\/2016\/09\/image-118.jpeg?fit=246%2C300\" data-large-file=\"https:\/\/i0.wp.com\/blogdalucianaoliveira.com.br\/blog\/wp-content\/uploads\/2016\/09\/image-118.jpeg?fit=347%2C424\" src=\"https:\/\/i0.wp.com\/blogdalucianaoliveira.com.br\/blog\/wp-content\/uploads\/2016\/09\/image-118.jpeg?resize=347%2C424\" alt=\"image\" width=\"347\" height=\"424\" class=\"alignnone size-full wp-image-4151\" srcset=\"https:\/\/i0.wp.com\/blogdalucianaoliveira.com.br\/blog\/wp-content\/uploads\/2016\/09\/image-118.jpeg?w=347 347w, https:\/\/i0.wp.com\/blogdalucianaoliveira.com.br\/blog\/wp-content\/uploads\/2016\/09\/image-118.jpeg?resize=246%2C300 246w\" sizes=\"auto, (max-width: 347px) 100vw, 347px\" \/><\/p>\n<p>TEMER: EU ERA DECORATIVO, N\u00c3O SABIA DE CORRUP\u00c7\u00c3O<!--more--><\/p>\n<p>247 \u2013 Ao participar de entrevista coletiva em Nova York, Michel Temer foi questionado sobre esc\u00e2ndalos recentes de corrup\u00e7\u00e3o no Brasil e disse que n\u00e3o sabia de nada.<\/p>\n<p>Temer afirmou que desconhecia qualquer esquema de corrup\u00e7\u00e3o no governo federal, antes de assumir a presid\u00eancia, embora comandasse o PMDB, que tinha nada menos que sete minist\u00e9rios na administra\u00e7\u00e3o Dilma Rousseff \u2013 alguns deles, como o de Minas e Energia, envolvidos em obras como de Angra 3 e Belo Monte.<\/p>\n<p>&#8220;N\u00e3o sabia. Voc\u00eas sabem que eu n\u00e3o tive participa\u00e7\u00e3o no governo. Um dia eu mesmo me rotulei de vice-presidente decorativo porque eu n\u00e3o tinha participa\u00e7\u00e3o. N\u00e3o acompanhava nada disso&#8221;, afirmou.<\/p>\n<p>Na dela\u00e7\u00e3o de Marcelo Odebrecht, o pr\u00f3prio Temer foi citado por pedir uma doa\u00e7\u00e3o de R$ 10 milh\u00f5es, em pleno Pal\u00e1cio do Jaburu, que teria sido entregue, como caixa dois, parcialmente, a um de seus principais auxiliares, o ministro Eliseu Padilha.<\/p>\n<p>Al\u00e9m disso, dois de seus principais aliados, Eduardo Cunha e Henrique Alves, j\u00e1 ca\u00edram e tiveram contas no exterior reveladas.<\/p>\n","protected":false},"excerpt":{"rendered":"<p>TEMER: EU ERA DECORATIVO, N\u00c3O SABIA DE CORRUP\u00c7\u00c3O<\/p>\n","protected":false},"author":1,"featured_media":0,"comment_status":"closed","ping_status":"open","sticky":false,"template":"","format":"standard","meta":{"_exactmetrics_skip_tracking":false,"_exactmetrics_sitenote_active":false,"_exactmetrics_sitenote_note":"","_exactmetrics_sitenote_category":0,"jetpack_post_was_ever_published":false,"_jetpack_newsletter_access":"","_jetpack_dont_email_post_to_subs":false,"_jetpack_newsletter_tier_id":0,"_jetpack_memberships_contains_paywalled_content":false,"_jetpack_memberships_contains_paid_content":false,"footnotes":"","jetpack_publicize_message":"","jetpack_publicize_feature_enabled":true,"jetpack_social_post_already_shared":true,"jetpack_social_options":{"image_generator_settings":{"template":"highway","enabled":false},"version":2}},"categories":[1],"tags":[],"class_list":["post-4145","post","type-post","status-publish","format-standard","hentry","category-notas"],"jetpack_publicize_connections":[],"jetpack_sharing_enabled":true,"jetpack_featured_media_url":"","jetpack_shortlink":"https:\/\/wp.me\/p7wKYW-14R","jetpack-related-posts":[],"_links":{"self":[{"href":"http:\/\/blogdalucianaoliveira.com.br\/blog\/wp-json\/wp\/v2\/posts\/4145","targetHints":{"allow":["GET"]}}],"collection":[{"href":"http:\/\/blogdalucianaoliveira.com.br\/blog\/wp-json\/wp\/v2\/posts"}],"about":[{"href":"http:\/\/blogdalucianaoliveira.com.br\/blog\/wp-json\/wp\/v2\/types\/post"}],"author":[{"embeddable":true,"href":"http:\/\/blogdalucianaoliveira.com.br\/blog\/wp-json\/wp\/v2\/users\/1"}],"replies":[{"embeddable":true,"href":"http:\/\/blogdalucianaoliveira.com.br\/blog\/wp-json\/wp\/v2\/comments?post=4145"}],"version-history":[{"count":1,"href":"http:\/\/blogdalucianaoliveira.com.br\/blog\/wp-json\/wp\/v2\/posts\/4145\/revisions"}],"predecessor-version":[{"id":4152,"href":"http:\/\/blogdalucianaoliveira.com.br\/blog\/wp-json\/wp\/v2\/posts\/4145\/revisions\/4152"}],"wp:attachment":[{"href":"http:\/\/blogdalucianaoliveira.com.br\/blog\/wp-json\/wp\/v2\/media?parent=4145"}],"wp:term":[{"taxonomy":"category","embeddable":true,"href":"http:\/\/blogdalucianaoliveira.com.br\/blog\/wp-json\/wp\/v2\/categories?post=4145"},{"taxonomy":"post_tag","embeddable":true,"href":"http:\/\/blogdalucianaoliveira.com.br\/blog\/wp-json\/wp\/v2\/tags?post=4145"}],"curies":[{"name":"wp","href":"https:\/\/api.w.org\/{rel}","templated":true}]}}