{"id":4157,"date":"2016-09-22T10:50:41","date_gmt":"2016-09-22T14:50:41","guid":{"rendered":"http:\/\/blogdalucianaoliveira.com.br\/blog\/?p=4157"},"modified":"2016-09-22T10:50:41","modified_gmt":"2016-09-22T14:50:41","slug":"o-pior-do-brasil-e-o-brasileiro","status":"publish","type":"post","link":"http:\/\/blogdalucianaoliveira.com.br\/blog\/2016\/09\/22\/o-pior-do-brasil-e-o-brasileiro\/","title":{"rendered":"O pior do Brasil \u00e9 o brasileiro"},"content":{"rendered":"<p><img data-recalc-dims=\"1\" loading=\"lazy\" decoding=\"async\" data-attachment-id=\"4158\" data-permalink=\"http:\/\/blogdalucianaoliveira.com.br\/blog\/2016\/09\/22\/o-pior-do-brasil-e-o-brasileiro\/vitor1\/\" data-orig-file=\"https:\/\/i0.wp.com\/blogdalucianaoliveira.com.br\/blog\/wp-content\/uploads\/2016\/09\/vitor1.jpg?fit=750%2C410\" data-orig-size=\"750,410\" data-comments-opened=\"0\" data-image-meta=\"{&quot;aperture&quot;:&quot;0&quot;,&quot;credit&quot;:&quot;&quot;,&quot;camera&quot;:&quot;&quot;,&quot;caption&quot;:&quot;&quot;,&quot;created_timestamp&quot;:&quot;0&quot;,&quot;copyright&quot;:&quot;&quot;,&quot;focal_length&quot;:&quot;0&quot;,&quot;iso&quot;:&quot;0&quot;,&quot;shutter_speed&quot;:&quot;0&quot;,&quot;title&quot;:&quot;&quot;,&quot;orientation&quot;:&quot;0&quot;}\" data-image-title=\"vitor1\" data-image-description=\"\" data-image-caption=\"\" data-medium-file=\"https:\/\/i0.wp.com\/blogdalucianaoliveira.com.br\/blog\/wp-content\/uploads\/2016\/09\/vitor1.jpg?fit=300%2C164\" data-large-file=\"https:\/\/i0.wp.com\/blogdalucianaoliveira.com.br\/blog\/wp-content\/uploads\/2016\/09\/vitor1.jpg?fit=600%2C328\" src=\"https:\/\/i0.wp.com\/blogdalucianaoliveira.com.br\/blog\/wp-content\/uploads\/2016\/09\/vitor1.jpg?resize=600%2C328\" alt=\"vitor1\" width=\"600\" height=\"328\" class=\"alignnone size-full wp-image-4158\" srcset=\"https:\/\/i0.wp.com\/blogdalucianaoliveira.com.br\/blog\/wp-content\/uploads\/2016\/09\/vitor1.jpg?w=750 750w, https:\/\/i0.wp.com\/blogdalucianaoliveira.com.br\/blog\/wp-content\/uploads\/2016\/09\/vitor1.jpg?resize=300%2C164 300w, https:\/\/i0.wp.com\/blogdalucianaoliveira.com.br\/blog\/wp-content\/uploads\/2016\/09\/vitor1.jpg?resize=549%2C300 549w\" sizes=\"auto, (max-width: 600px) 100vw, 600px\" \/><\/p>\n<p>N\u00e3o pense na exce\u00e7\u00e3o, mas na regra para refletir sobre a dram\u00e1tica senten\u00e7a no t\u00edtulo. O mito da generosidade brasileira se desfaz cada vez mais com a ofensiva conservadora que obriga a sociedade a debater direitos fundamentais como a liberdade e a igualdade.<\/p>\n<p>A pesquisa Datafolha que revelou que 1 em cada tr\u00eas brasileiros culpam mulheres estupradas \u00e9 apenas uma das provas de que n\u00e3o somos bons, que de um modo geral \u00e9 a ruindade que prevalece.<!--more--><\/p>\n<p>Para 33,3% da popula\u00e7\u00e3o o crime ocorre porque as v\u00edtimas n\u00e3o se d\u00e3o ao respeito.<\/p>\n<p>42% dos homens acreditam nisso e 32% das mulheres concordam.<\/p>\n<p>A pesquisa confirma o senso comum com maus instintos que motivou o debate acalorado e insano nas redes sociais h\u00e1 cinco meses quando uma adolescente foi v\u00edtima de estupro coletivo.<\/p>\n<p>Entre os que justificaram a barb\u00e1rie, despudoradamente surgiram advogados, professores universit\u00e1rios, l\u00edderes religiosos e fi\u00e9is.<\/p>\n<p>Uma advogada publicou: \u201cfalou em cultura do estupro, j\u00e1 sei que \u00e9 retardada\u201d. <\/p>\n<p>Que a pesquisa lhe sirva como prova e n\u00e3o mera convic\u00e7\u00e3o de que sim, h\u00e1 cultura do estupro no Brasil e n\u00e3o pelo grito dos maus, mas pelo sil\u00eancio dos que se dizem bons. <\/p>\n<p>Os que banalizam com o crime de estupro s\u00e3o como Adolf Eichmann, o nazista sobre o qual a fil\u00f3sofa Hannah Arendt se debru\u00e7ou n\u00e3o para justificar, mas para compreender os motivos que levam algu\u00e9m a ser insens\u00edvel diante da crueldade.<\/p>\n<p>Hannah foi duramente perseguida por afirmar que o mal n\u00e3o se restringe aos criminosos, mas se agiganta e perpetua pelos que se dizem \u2018normais\u2019 e banalizam casos de extrema viol\u00eancia.<\/p>\n<p>\u00c9 o relativismo desses \u2018normais\u2019 que cria um sistema que permite que a viol\u00eancia tome uma propor\u00e7\u00e3o ainda mais grave.<\/p>\n<p>A an\u00e1lise que a fil\u00f3sofa fez sobre o julgamento do nazista para o jornal New Yorker se mostra atual\u00edssima para compreendermos porque h\u00e1 pessoas aparentemente \u2018normais\u2019 que associam a conduta da v\u00edtima \u00e0 circunst\u00e2ncia determinante \u00e0 barb\u00e1rie.<\/p>\n<p>Quantos Adolf Eichmann circulam no ambiente real e virtual que expressam um assustador relativismo do bem e do mal?<\/p>\n<p>Foram \u2018normais\u2019 sem caracter\u00edsticas de psicopatas que responderam ao Datafolha, uma parcela imensa de brasileiros que banalizam crimes b\u00e1rbaros por convic\u00e7\u00f5es n\u00e3o s\u00f3 est\u00fapidas, mas desumanas baseadas em normas de conduta de fundamentalismo religioso.<\/p>\n<p>A cada duas horas nasce uma igreja no Brasil e a sociedade est\u00e1 espiritualmente cada vez mais distante da generosidade, o primeiro e mais importante princ\u00edpio crist\u00e3o. <\/p>\n<p>\u00c9 lenda associar a simpatia do brasileiro com magnanimidade e isso acontece porque a imprensa sensacionalista d\u00e1 uma propor\u00e7\u00e3o gigantesca a casos isolados de bondade para faturar com publicidade.<\/p>\n<p>Outras pesquisas revelaram o perfil da sociedade brasileira que se mostra ruim e est\u00fapida por maioria ao aprovar a redu\u00e7\u00e3o da maioridade, a pris\u00e3o perpetua ou pena de morte, apesar de saber que neste pa\u00eds a lei n\u00e3o vale para todos.<\/p>\n<p>Em um dos cinco artigos que Hannah escreveu sobre o julgamento de Eichmman, h\u00e1 um trecho em que ela destaca que o perfil do nazista \u201cfigurava-se como algo totalmente negativo: n\u00e3o se tratava de estupidez, mas de uma curiosa e bastante aut\u00eantica incapacidade de pensar. <\/p>\n<p>Entendeu agora o t\u00edtulo t\u00e3o provocante?<\/p>\n","protected":false},"excerpt":{"rendered":"<p>N\u00e3o pense na exce\u00e7\u00e3o, mas na regra para refletir sobre a dram\u00e1tica senten\u00e7a no t\u00edtulo. O mito da generosidade brasileira se desfaz cada vez mais com a ofensiva conservadora que obriga a sociedade a debater direitos fundamentais como a liberdade e a igualdade. A pesquisa Datafolha que revelou que 1 em cada tr\u00eas brasileiros culpam&#8230;<a class=\"more-link\" href=\"http:\/\/blogdalucianaoliveira.com.br\/blog\/2016\/09\/22\/o-pior-do-brasil-e-o-brasileiro\/\">Continue a leitura <span class=\"meta-nav\">&raquo;<\/span><\/a><\/p>\n","protected":false},"author":1,"featured_media":0,"comment_status":"closed","ping_status":"open","sticky":false,"template":"","format":"standard","meta":{"_exactmetrics_skip_tracking":false,"_exactmetrics_sitenote_active":false,"_exactmetrics_sitenote_note":"","_exactmetrics_sitenote_category":0,"jetpack_post_was_ever_published":false,"_jetpack_newsletter_access":"","_jetpack_dont_email_post_to_subs":false,"_jetpack_newsletter_tier_id":0,"_jetpack_memberships_contains_paywalled_content":false,"_jetpack_memberships_contains_paid_content":false,"footnotes":"","jetpack_publicize_message":"","jetpack_publicize_feature_enabled":true,"jetpack_social_post_already_shared":true,"jetpack_social_options":{"image_generator_settings":{"template":"highway","enabled":false},"version":2}},"categories":[1],"tags":[88,168,87],"class_list":["post-4157","post","type-post","status-publish","format-standard","hentry","category-notas","tag-banalizacao","tag-datafolha","tag-estupro"],"jetpack_publicize_connections":[],"jetpack_sharing_enabled":true,"jetpack_featured_media_url":"","jetpack_shortlink":"https:\/\/wp.me\/p7wKYW-153","jetpack-related-posts":[],"_links":{"self":[{"href":"http:\/\/blogdalucianaoliveira.com.br\/blog\/wp-json\/wp\/v2\/posts\/4157","targetHints":{"allow":["GET"]}}],"collection":[{"href":"http:\/\/blogdalucianaoliveira.com.br\/blog\/wp-json\/wp\/v2\/posts"}],"about":[{"href":"http:\/\/blogdalucianaoliveira.com.br\/blog\/wp-json\/wp\/v2\/types\/post"}],"author":[{"embeddable":true,"href":"http:\/\/blogdalucianaoliveira.com.br\/blog\/wp-json\/wp\/v2\/users\/1"}],"replies":[{"embeddable":true,"href":"http:\/\/blogdalucianaoliveira.com.br\/blog\/wp-json\/wp\/v2\/comments?post=4157"}],"version-history":[{"count":2,"href":"http:\/\/blogdalucianaoliveira.com.br\/blog\/wp-json\/wp\/v2\/posts\/4157\/revisions"}],"predecessor-version":[{"id":4160,"href":"http:\/\/blogdalucianaoliveira.com.br\/blog\/wp-json\/wp\/v2\/posts\/4157\/revisions\/4160"}],"wp:attachment":[{"href":"http:\/\/blogdalucianaoliveira.com.br\/blog\/wp-json\/wp\/v2\/media?parent=4157"}],"wp:term":[{"taxonomy":"category","embeddable":true,"href":"http:\/\/blogdalucianaoliveira.com.br\/blog\/wp-json\/wp\/v2\/categories?post=4157"},{"taxonomy":"post_tag","embeddable":true,"href":"http:\/\/blogdalucianaoliveira.com.br\/blog\/wp-json\/wp\/v2\/tags?post=4157"}],"curies":[{"name":"wp","href":"https:\/\/api.w.org\/{rel}","templated":true}]}}