{"id":4165,"date":"2016-09-22T11:06:56","date_gmt":"2016-09-22T15:06:56","guid":{"rendered":"http:\/\/blogdalucianaoliveira.com.br\/blog\/?p=4165"},"modified":"2016-09-22T11:06:56","modified_gmt":"2016-09-22T15:06:56","slug":"voce-e-burro-e-mau-se-acha-normal-prender-um-cidadao-numa-sala-de-cirurgia","status":"publish","type":"post","link":"http:\/\/blogdalucianaoliveira.com.br\/blog\/2016\/09\/22\/voce-e-burro-e-mau-se-acha-normal-prender-um-cidadao-numa-sala-de-cirurgia\/","title":{"rendered":"Voc\u00ea \u00e9 burro e mau se acha normal prender um cidad\u00e3o numa sala de cirurgia"},"content":{"rendered":"<p><img data-recalc-dims=\"1\" loading=\"lazy\" decoding=\"async\" data-attachment-id=\"4166\" data-permalink=\"http:\/\/blogdalucianaoliveira.com.br\/blog\/2016\/09\/22\/voce-e-burro-e-mau-se-acha-normal-prender-um-cidadao-numa-sala-de-cirurgia\/guido\/\" data-orig-file=\"https:\/\/i0.wp.com\/blogdalucianaoliveira.com.br\/blog\/wp-content\/uploads\/2016\/09\/guido.jpeg?fit=620%2C300\" data-orig-size=\"620,300\" data-comments-opened=\"0\" data-image-meta=\"{&quot;aperture&quot;:&quot;0&quot;,&quot;credit&quot;:&quot;&quot;,&quot;camera&quot;:&quot;&quot;,&quot;caption&quot;:&quot;&quot;,&quot;created_timestamp&quot;:&quot;0&quot;,&quot;copyright&quot;:&quot;&quot;,&quot;focal_length&quot;:&quot;0&quot;,&quot;iso&quot;:&quot;0&quot;,&quot;shutter_speed&quot;:&quot;0&quot;,&quot;title&quot;:&quot;&quot;,&quot;orientation&quot;:&quot;0&quot;}\" data-image-title=\"guido\" data-image-description=\"\" data-image-caption=\"\" data-medium-file=\"https:\/\/i0.wp.com\/blogdalucianaoliveira.com.br\/blog\/wp-content\/uploads\/2016\/09\/guido.jpeg?fit=300%2C145\" data-large-file=\"https:\/\/i0.wp.com\/blogdalucianaoliveira.com.br\/blog\/wp-content\/uploads\/2016\/09\/guido.jpeg?fit=600%2C290\" src=\"https:\/\/i0.wp.com\/blogdalucianaoliveira.com.br\/blog\/wp-content\/uploads\/2016\/09\/guido.jpeg?resize=600%2C290\" alt=\"guido\" width=\"600\" height=\"290\" class=\"alignnone size-full wp-image-4166\" srcset=\"https:\/\/i0.wp.com\/blogdalucianaoliveira.com.br\/blog\/wp-content\/uploads\/2016\/09\/guido.jpeg?w=620 620w, https:\/\/i0.wp.com\/blogdalucianaoliveira.com.br\/blog\/wp-content\/uploads\/2016\/09\/guido.jpeg?resize=300%2C145 300w\" sizes=\"auto, (max-width: 600px) 100vw, 600px\" \/><\/p>\n<p>Moro manda prender Guido Mantega sem base legal<!--more--><\/p>\n<p>No blog O Cafezinho<br \/>\nPor Pedro Breier<\/p>\n<p>Guido Mantega, ex-ministro da Fazenda dos governos Lula e Dilma, foi preso temporariamente hoje, na 34\u00aa fase da Opera\u00e7\u00e3o Lava Jato, chamada de \u2018Arquivo X\u2019.<\/p>\n<p>Mantega estava no hospital Albert Einstein acompanhando cirurgia de sua mulher, que faz tratamento contra um c\u00e2ncer.<\/p>\n<p>Moro e os demais integrantes da Lava Jato t\u00eam a mente ainda mais doentia do que a dos bo\u00e7ais que xingaram o ex-ministro no mesmo hospital, em fevereiro de 2015.<\/p>\n<p>Prenderam uma pessoa que acompanhava a cirurgia da sua companheira sem base legal.<\/p>\n<p>As situa\u00e7\u00f5es em que cabe a pris\u00e3o tempor\u00e1ria s\u00e3o as elencadas pela lei n\u00ba 7.960\/89:<\/p>\n<p>Art. 1\u00b0 Caber\u00e1 pris\u00e3o tempor\u00e1ria:<br \/>\nI &#8211; quando imprescind\u00edvel para as investiga\u00e7\u00f5es do inqu\u00e9rito policial;<br \/>\nII &#8211; quando o indicado n\u00e3o tiver resid\u00eancia fixa ou n\u00e3o fornecer elementos necess\u00e1rios ao esclarecimento de sua identidade;<br \/>\nIII &#8211; quando houver fundadas raz\u00f5es, de acordo com qualquer prova admitida na legisla\u00e7\u00e3o penal, de autoria ou participa\u00e7\u00e3o do indiciado nos seguintes crimes:<br \/>\na) homic\u00eddio doloso (art. 121, caput, e seu \u00a7 2\u00b0);<br \/>\nb) seq\u00fcestro ou c\u00e1rcere privado (art. 148, caput, e seus \u00a7\u00a7 1\u00b0 e 2\u00b0);<br \/>\nc) roubo (art. 157, caput, e seus \u00a7\u00a7 1\u00b0, 2\u00b0 e 3\u00b0);<br \/>\nd) extors\u00e3o (art. 158, caput, e seus \u00a7\u00a7 1\u00b0 e 2\u00b0);<br \/>\ne) extors\u00e3o mediante seq\u00fcestro (art. 159, caput, e seus \u00a7\u00a7 1\u00b0, 2\u00b0 e 3\u00b0);<br \/>\nf) estupro (art. 213, caput, e sua combina\u00e7\u00e3o com o art. 223, caput, e par\u00e1grafo \u00fanico);<br \/>\ng) atentado violento ao pudor (art. 214, caput, e sua combina\u00e7\u00e3o com o art. 223, caput, e par\u00e1grafo \u00fanico);<br \/>\nh) rapto violento (art. 219, e sua combina\u00e7\u00e3o com o art. 223 caput, e par\u00e1grafo \u00fanico);<br \/>\ni) epidemia com resultado de morte (art. 267, \u00a7 1\u00b0);<br \/>\nj) envenenamento de \u00e1gua pot\u00e1vel ou subst\u00e2ncia aliment\u00edcia ou medicinal qualificado pela morte (art. 270, caput, combinado com art. 285);<br \/>\nl) quadrilha ou bando (art. 288), todos do C\u00f3digo Penal;<br \/>\nm) genoc\u00eddio (arts. 1\u00b0, 2\u00b0 e 3\u00b0 da Lei n\u00b0 2.889, de 1\u00b0 de outubro de 1956), em qualquer de sua formas t\u00edpicas;<br \/>\nn) tr\u00e1fico de drogas (art. 12 da Lei n\u00b0 6.368, de 21 de outubro de 1976);<br \/>\no) crimes contra o sistema financeiro (Lei n\u00b0 7.492, de 16 de junho de 1986).<br \/>\np) crimes previstos na Lei de Terrorismo. (Inclu\u00eddo pela Lei n\u00ba 13.260, de 2016)<br \/>\nO caso de Mantega n\u00e3o se enquadra em nenhuma das hip\u00f3teses.<\/p>\n<p>A pris\u00e3o claramente n\u00e3o \u00e9 imprescind\u00edvel para as investiga\u00e7\u00f5es.<\/p>\n<p>Mantega \u00e9 pessoa p\u00fablica e n\u00e3o apresenta qualquer risco de fugir do pa\u00eds &#8211; at\u00e9 mesmo porque sua mulher est\u00e1 tratando um c\u00e2ncer!<\/p>\n<p>Os crimes dos quais ele \u00e9 acusado n\u00e3o est\u00e3o entre os referidos na lei.<\/p>\n<p>Ele foi preso com base em uma declara\u00e7\u00e3o de Eike Batista \u00e0 Lava Jato. Simplesmente rid\u00edculo.<\/p>\n<p>A pris\u00e3o tempor\u00e1ria tem o prazo de cinco dias e pode ser renovada por mais cinco. Qual a urg\u00eancia para a pris\u00e3o de Guido Mantega neste momento, por fatos ocorridos h\u00e1 anos?<\/p>\n<p>Trata-se de mais uma pris\u00e3o pol\u00edtica, que segue \u00e0 risca a agenda golpista.<\/p>\n<p>Pol\u00edcia pol\u00edtica, \u00e9 sempre bom lembrar, \u00e9 coisa de regimes autorit\u00e1rios. Mas era o PT que estava instaurando uma ditadura lulobolivarianopetista ou algo que o valha, n\u00e3o \u00e9 mesmo?<\/p>\n<p>A pris\u00e3o tempor\u00e1ria \u00e9 medida extrema no direito processual penal.<\/p>\n<p>Mas para S\u00e9rgio Moro pris\u00e3o n\u00e3o \u00e9 medida extrema, especialmente se for de algum petista: \u00e9 fetiche, \u00e9 tara.<\/p>\n<p>\u00c9 a ra\u00e7\u00e3o com a qual alimenta as manchetes da m\u00eddia conservadora, que por sua vez faz a lavagem cerebral di\u00e1ria no ex\u00e9rcito de zumbis midi\u00e1ticos, que, sedentos por sangue depois de anos de massacre midi\u00e1tico contra o PT, aplaudem mais um ato b\u00e1rbaro, desumano e ilegal da Lava Jato.<\/p>\n<p>As conspira\u00e7\u00f5es golpistas passam por cima das leis, do bom senso e de regras m\u00ednimas de civilidade em nome de sua louca cavalgada para destruir o PT e com ele qualquer projeto diferente do que as elites querem para o pa\u00eds.<\/p>\n","protected":false},"excerpt":{"rendered":"<p>Moro manda prender Guido Mantega sem base legal<\/p>\n","protected":false},"author":1,"featured_media":0,"comment_status":"closed","ping_status":"open","sticky":false,"template":"","format":"standard","meta":{"_exactmetrics_skip_tracking":false,"_exactmetrics_sitenote_active":false,"_exactmetrics_sitenote_note":"","_exactmetrics_sitenote_category":0,"jetpack_post_was_ever_published":false,"_jetpack_newsletter_access":"","_jetpack_dont_email_post_to_subs":false,"_jetpack_newsletter_tier_id":0,"_jetpack_memberships_contains_paywalled_content":false,"_jetpack_memberships_contains_paid_content":false,"footnotes":"","jetpack_publicize_message":"","jetpack_publicize_feature_enabled":true,"jetpack_social_post_already_shared":true,"jetpack_social_options":{"image_generator_settings":{"template":"highway","enabled":false},"version":2}},"categories":[1],"tags":[],"class_list":["post-4165","post","type-post","status-publish","format-standard","hentry","category-notas"],"jetpack_publicize_connections":[],"jetpack_sharing_enabled":true,"jetpack_featured_media_url":"","jetpack_shortlink":"https:\/\/wp.me\/p7wKYW-15b","jetpack-related-posts":[],"_links":{"self":[{"href":"http:\/\/blogdalucianaoliveira.com.br\/blog\/wp-json\/wp\/v2\/posts\/4165","targetHints":{"allow":["GET"]}}],"collection":[{"href":"http:\/\/blogdalucianaoliveira.com.br\/blog\/wp-json\/wp\/v2\/posts"}],"about":[{"href":"http:\/\/blogdalucianaoliveira.com.br\/blog\/wp-json\/wp\/v2\/types\/post"}],"author":[{"embeddable":true,"href":"http:\/\/blogdalucianaoliveira.com.br\/blog\/wp-json\/wp\/v2\/users\/1"}],"replies":[{"embeddable":true,"href":"http:\/\/blogdalucianaoliveira.com.br\/blog\/wp-json\/wp\/v2\/comments?post=4165"}],"version-history":[{"count":1,"href":"http:\/\/blogdalucianaoliveira.com.br\/blog\/wp-json\/wp\/v2\/posts\/4165\/revisions"}],"predecessor-version":[{"id":4167,"href":"http:\/\/blogdalucianaoliveira.com.br\/blog\/wp-json\/wp\/v2\/posts\/4165\/revisions\/4167"}],"wp:attachment":[{"href":"http:\/\/blogdalucianaoliveira.com.br\/blog\/wp-json\/wp\/v2\/media?parent=4165"}],"wp:term":[{"taxonomy":"category","embeddable":true,"href":"http:\/\/blogdalucianaoliveira.com.br\/blog\/wp-json\/wp\/v2\/categories?post=4165"},{"taxonomy":"post_tag","embeddable":true,"href":"http:\/\/blogdalucianaoliveira.com.br\/blog\/wp-json\/wp\/v2\/tags?post=4165"}],"curies":[{"name":"wp","href":"https:\/\/api.w.org\/{rel}","templated":true}]}}