{"id":4183,"date":"2016-09-22T11:57:48","date_gmt":"2016-09-22T15:57:48","guid":{"rendered":"http:\/\/blogdalucianaoliveira.com.br\/blog\/?p=4183"},"modified":"2016-09-22T11:57:48","modified_gmt":"2016-09-22T15:57:48","slug":"quem-calculou-a-ameaca-que-guido-mantega-representa-pra-justificar-prisao","status":"publish","type":"post","link":"http:\/\/blogdalucianaoliveira.com.br\/blog\/2016\/09\/22\/quem-calculou-a-ameaca-que-guido-mantega-representa-pra-justificar-prisao\/","title":{"rendered":"QUEM CALCULOU A AMEA\u00c7A QUE GUIDO MANTEGA REPRESENTA PRA JUSTIFICAR PRIS\u00c3O?"},"content":{"rendered":"<p><img data-recalc-dims=\"1\" loading=\"lazy\" decoding=\"async\" data-attachment-id=\"4184\" data-permalink=\"http:\/\/blogdalucianaoliveira.com.br\/blog\/2016\/09\/22\/quem-calculou-a-ameaca-que-guido-mantega-representa-pra-justificar-prisao\/pf\/\" data-orig-file=\"https:\/\/i0.wp.com\/blogdalucianaoliveira.com.br\/blog\/wp-content\/uploads\/2016\/09\/PF.jpg?fit=1000%2C357\" data-orig-size=\"1000,357\" data-comments-opened=\"0\" data-image-meta=\"{&quot;aperture&quot;:&quot;0&quot;,&quot;credit&quot;:&quot;&quot;,&quot;camera&quot;:&quot;&quot;,&quot;caption&quot;:&quot;&quot;,&quot;created_timestamp&quot;:&quot;0&quot;,&quot;copyright&quot;:&quot;&quot;,&quot;focal_length&quot;:&quot;0&quot;,&quot;iso&quot;:&quot;0&quot;,&quot;shutter_speed&quot;:&quot;0&quot;,&quot;title&quot;:&quot;&quot;,&quot;orientation&quot;:&quot;0&quot;}\" data-image-title=\"pf\" data-image-description=\"\" data-image-caption=\"\" data-medium-file=\"https:\/\/i0.wp.com\/blogdalucianaoliveira.com.br\/blog\/wp-content\/uploads\/2016\/09\/PF.jpg?fit=300%2C107\" data-large-file=\"https:\/\/i0.wp.com\/blogdalucianaoliveira.com.br\/blog\/wp-content\/uploads\/2016\/09\/PF.jpg?fit=600%2C214\" src=\"https:\/\/i0.wp.com\/blogdalucianaoliveira.com.br\/blog\/wp-content\/uploads\/2016\/09\/PF.jpg?resize=600%2C214\" alt=\"pf\" width=\"600\" height=\"214\" class=\"alignnone size-full wp-image-4184\" srcset=\"https:\/\/i0.wp.com\/blogdalucianaoliveira.com.br\/blog\/wp-content\/uploads\/2016\/09\/PF.jpg?w=1000 1000w, https:\/\/i0.wp.com\/blogdalucianaoliveira.com.br\/blog\/wp-content\/uploads\/2016\/09\/PF.jpg?resize=300%2C107 300w, https:\/\/i0.wp.com\/blogdalucianaoliveira.com.br\/blog\/wp-content\/uploads\/2016\/09\/PF.jpg?resize=768%2C274 768w, https:\/\/i0.wp.com\/blogdalucianaoliveira.com.br\/blog\/wp-content\/uploads\/2016\/09\/PF.jpg?resize=800%2C286 800w\" sizes=\"auto, (max-width: 600px) 100vw, 600px\" \/><\/p>\n<p>PF DIZ LAMENTAR PRIS\u00c3O DE MANTEGA NO HOSPITAL<!--more--><\/p>\n<p>247 &#8211; Em coletiva de imprensa concedida nesta manh\u00e3 sobre a 34\u00aa fase da Lava Jato, o delegado da Pol\u00edcia Federal Igor Rom\u00e1rio de Paula disse que a corpora\u00e7\u00e3o &#8220;desconhecia totalmente&#8221; a situa\u00e7\u00e3o de que o ex-ministro Guido Mantega, preso hoje, estaria no hospital Albert Einstein, em S\u00e3o Paulo, acompanhando sua esposa em uma cirurgia ap\u00f3s tratamento contra um c\u00e2ncer.<\/p>\n<p>A equipe &#8220;foi na casa dele esperando que ele estivesse l\u00e1&#8221;, afirmou o delegado, acrescentando que Mantega n\u00e3o estava no centro cir\u00fargico e que a equipe n\u00e3o entrou em nenhum momento no hospital. Segundo ele, Mantega desceu at\u00e9 \u00e0 frente do pr\u00e9dio e acompanhou a equipe at\u00e9 seu apartamento, onde foram realizadas buscas. De l\u00e1, ele foi levado para a sede da PF em S\u00e3o Paulo.<\/p>\n<p>O procurador Carlos Fernando dos Santos Lima afirmou em seguida que &#8220;coincid\u00eancias como essas s\u00e3o tristes, mas acontecem, e n\u00e3o h\u00e1 como n\u00e3o cumprir (os mandados)&#8221;. &#8220;As pris\u00f5es eram necess\u00e1rias, estavam h\u00e1 muito tempo deferidas, e n\u00e3o havia como prever o epis\u00f3dio de hoje&#8221;, disse, em refer\u00eancia ao fato de que Mantega estaria no hospital.<\/p>\n<p>Eles informaram que o empres\u00e1rio Eike Batista, cujo depoimento levou Mantega \u00e0 pris\u00e3o tempor\u00e1ria, foi ouvido na condi\u00e7\u00e3o de testemunha, e n\u00e3o de colaborador. &#8220;Ele falou o que gostaria de falar&#8221;, disse o procurador Santos Lima. O delegado da PF Igor Rom\u00e1rio de Paula acredita que at\u00e9 21h desta quinta todos os presos estar\u00e3o em Curitiba. <\/p>\n<p>Para a defesa de Guido Mantega, a pris\u00e3o era desnecess\u00e1ria, uma vez que ele n\u00e3o representaria risco para a sociedade que justificasse uma medida de for\u00e7a.<\/p>\n","protected":false},"excerpt":{"rendered":"<p>PF DIZ LAMENTAR PRIS\u00c3O DE MANTEGA NO HOSPITAL<\/p>\n","protected":false},"author":1,"featured_media":0,"comment_status":"closed","ping_status":"open","sticky":false,"template":"","format":"standard","meta":{"_exactmetrics_skip_tracking":false,"_exactmetrics_sitenote_active":false,"_exactmetrics_sitenote_note":"","_exactmetrics_sitenote_category":0,"jetpack_post_was_ever_published":false,"_jetpack_newsletter_access":"","_jetpack_dont_email_post_to_subs":false,"_jetpack_newsletter_tier_id":0,"_jetpack_memberships_contains_paywalled_content":false,"_jetpack_memberships_contains_paid_content":false,"footnotes":"","jetpack_publicize_message":"","jetpack_publicize_feature_enabled":true,"jetpack_social_post_already_shared":true,"jetpack_social_options":{"image_generator_settings":{"template":"highway","enabled":false},"version":2}},"categories":[1],"tags":[],"class_list":["post-4183","post","type-post","status-publish","format-standard","hentry","category-notas"],"jetpack_publicize_connections":[],"jetpack_sharing_enabled":true,"jetpack_featured_media_url":"","jetpack_shortlink":"https:\/\/wp.me\/p7wKYW-15t","jetpack-related-posts":[],"_links":{"self":[{"href":"http:\/\/blogdalucianaoliveira.com.br\/blog\/wp-json\/wp\/v2\/posts\/4183","targetHints":{"allow":["GET"]}}],"collection":[{"href":"http:\/\/blogdalucianaoliveira.com.br\/blog\/wp-json\/wp\/v2\/posts"}],"about":[{"href":"http:\/\/blogdalucianaoliveira.com.br\/blog\/wp-json\/wp\/v2\/types\/post"}],"author":[{"embeddable":true,"href":"http:\/\/blogdalucianaoliveira.com.br\/blog\/wp-json\/wp\/v2\/users\/1"}],"replies":[{"embeddable":true,"href":"http:\/\/blogdalucianaoliveira.com.br\/blog\/wp-json\/wp\/v2\/comments?post=4183"}],"version-history":[{"count":1,"href":"http:\/\/blogdalucianaoliveira.com.br\/blog\/wp-json\/wp\/v2\/posts\/4183\/revisions"}],"predecessor-version":[{"id":4185,"href":"http:\/\/blogdalucianaoliveira.com.br\/blog\/wp-json\/wp\/v2\/posts\/4183\/revisions\/4185"}],"wp:attachment":[{"href":"http:\/\/blogdalucianaoliveira.com.br\/blog\/wp-json\/wp\/v2\/media?parent=4183"}],"wp:term":[{"taxonomy":"category","embeddable":true,"href":"http:\/\/blogdalucianaoliveira.com.br\/blog\/wp-json\/wp\/v2\/categories?post=4183"},{"taxonomy":"post_tag","embeddable":true,"href":"http:\/\/blogdalucianaoliveira.com.br\/blog\/wp-json\/wp\/v2\/tags?post=4183"}],"curies":[{"name":"wp","href":"https:\/\/api.w.org\/{rel}","templated":true}]}}