{"id":4186,"date":"2016-09-22T12:01:20","date_gmt":"2016-09-22T16:01:20","guid":{"rendered":"http:\/\/blogdalucianaoliveira.com.br\/blog\/?p=4186"},"modified":"2016-09-22T12:01:20","modified_gmt":"2016-09-22T16:01:20","slug":"lula-operacao-deveria-se-chamar-boca-de-urna","status":"publish","type":"post","link":"http:\/\/blogdalucianaoliveira.com.br\/blog\/2016\/09\/22\/lula-operacao-deveria-se-chamar-boca-de-urna\/","title":{"rendered":"LULA: OPERA\u00c7\u00c3O DEVERIA SE CHAMAR BOCA DE URNA"},"content":{"rendered":"<p><img data-recalc-dims=\"1\" loading=\"lazy\" decoding=\"async\" data-attachment-id=\"4187\" data-permalink=\"http:\/\/blogdalucianaoliveira.com.br\/blog\/2016\/09\/22\/lula-operacao-deveria-se-chamar-boca-de-urna\/lula-2\/\" data-orig-file=\"https:\/\/i0.wp.com\/blogdalucianaoliveira.com.br\/blog\/wp-content\/uploads\/2016\/09\/LULA.jpg?fit=1000%2C357\" data-orig-size=\"1000,357\" data-comments-opened=\"0\" data-image-meta=\"{&quot;aperture&quot;:&quot;0&quot;,&quot;credit&quot;:&quot;&quot;,&quot;camera&quot;:&quot;&quot;,&quot;caption&quot;:&quot;&quot;,&quot;created_timestamp&quot;:&quot;0&quot;,&quot;copyright&quot;:&quot;&quot;,&quot;focal_length&quot;:&quot;0&quot;,&quot;iso&quot;:&quot;0&quot;,&quot;shutter_speed&quot;:&quot;0&quot;,&quot;title&quot;:&quot;&quot;,&quot;orientation&quot;:&quot;0&quot;}\" data-image-title=\"lula\" data-image-description=\"\" data-image-caption=\"\" data-medium-file=\"https:\/\/i0.wp.com\/blogdalucianaoliveira.com.br\/blog\/wp-content\/uploads\/2016\/09\/LULA.jpg?fit=300%2C107\" data-large-file=\"https:\/\/i0.wp.com\/blogdalucianaoliveira.com.br\/blog\/wp-content\/uploads\/2016\/09\/LULA.jpg?fit=600%2C214\" src=\"https:\/\/i0.wp.com\/blogdalucianaoliveira.com.br\/blog\/wp-content\/uploads\/2016\/09\/LULA.jpg?resize=600%2C214\" alt=\"lula\" width=\"600\" height=\"214\" class=\"alignnone size-full wp-image-4187\" srcset=\"https:\/\/i0.wp.com\/blogdalucianaoliveira.com.br\/blog\/wp-content\/uploads\/2016\/09\/LULA.jpg?w=1000 1000w, https:\/\/i0.wp.com\/blogdalucianaoliveira.com.br\/blog\/wp-content\/uploads\/2016\/09\/LULA.jpg?resize=300%2C107 300w, https:\/\/i0.wp.com\/blogdalucianaoliveira.com.br\/blog\/wp-content\/uploads\/2016\/09\/LULA.jpg?resize=768%2C274 768w, https:\/\/i0.wp.com\/blogdalucianaoliveira.com.br\/blog\/wp-content\/uploads\/2016\/09\/LULA.jpg?resize=800%2C286 800w\" sizes=\"auto, (max-width: 600px) 100vw, 600px\" \/><\/p>\n<p>247 &#8211; Em entrevista \u00e0 R\u00e1dio Povo do Cear\u00e1, na manh\u00e3 desta quinta-feira 22, o ex-presidente Lula comentou a pris\u00e3o do ex-ministro Guido Mantega, na 34\u00aa fase da Opera\u00e7\u00e3o Lava Jato, enquanto acompanhava a esposa em uma cirurgia no Hospital Albert Einstein, em S\u00e3o Paulo.<!--more--><\/p>\n<p>&#8220;Parece at\u00e9 que se chama opera\u00e7\u00e3o boca de urna. Est\u00e1 chegando perto das elei\u00e7\u00f5es, eles v\u00eam para cima do PT&#8221;, comentou Lula, denunciando persegui\u00e7\u00e3o contra o partido, como fez o presidente da legenda, Rui Falc\u00e3o. &#8220;As pessoas poderiam tratar o Guido como ele deveria ser tratado&#8221;, acrescentou Lula.<\/p>\n<p>Mantega foi ministro da Fazenda entre 2006 e 2014, nos governos Lula e Dilma. Ele tamb\u00e9m foi presidente do Conselho de Administra\u00e7\u00e3o da Petrobras. Na Lava Jato, \u00e9 acusado de ter pedido R$ 5 milh\u00f5es ao empres\u00e1rio Eike Batista para o PT. O dinheiro teria ido para Monica Moura, esposa do marqueteiro Jo\u00e3o Santana. O depoimento de Eike levou Mantega \u00e0 pris\u00e3o tempor\u00e1ria.<\/p>\n","protected":false},"excerpt":{"rendered":"<p>247 &#8211; Em entrevista \u00e0 R\u00e1dio Povo do Cear\u00e1, na manh\u00e3 desta quinta-feira 22, o ex-presidente Lula comentou a pris\u00e3o do ex-ministro Guido Mantega, na 34\u00aa fase da Opera\u00e7\u00e3o Lava Jato, enquanto acompanhava a esposa em uma cirurgia no Hospital Albert Einstein, em S\u00e3o Paulo.<\/p>\n","protected":false},"author":1,"featured_media":0,"comment_status":"closed","ping_status":"open","sticky":false,"template":"","format":"standard","meta":{"_exactmetrics_skip_tracking":false,"_exactmetrics_sitenote_active":false,"_exactmetrics_sitenote_note":"","_exactmetrics_sitenote_category":0,"jetpack_post_was_ever_published":false,"_jetpack_newsletter_access":"","_jetpack_dont_email_post_to_subs":false,"_jetpack_newsletter_tier_id":0,"_jetpack_memberships_contains_paywalled_content":false,"_jetpack_memberships_contains_paid_content":false,"footnotes":"","jetpack_publicize_message":"","jetpack_publicize_feature_enabled":true,"jetpack_social_post_already_shared":true,"jetpack_social_options":{"image_generator_settings":{"template":"highway","enabled":false},"version":2}},"categories":[1],"tags":[],"class_list":["post-4186","post","type-post","status-publish","format-standard","hentry","category-notas"],"jetpack_publicize_connections":[],"jetpack_sharing_enabled":true,"jetpack_featured_media_url":"","jetpack_shortlink":"https:\/\/wp.me\/p7wKYW-15w","jetpack-related-posts":[],"_links":{"self":[{"href":"http:\/\/blogdalucianaoliveira.com.br\/blog\/wp-json\/wp\/v2\/posts\/4186","targetHints":{"allow":["GET"]}}],"collection":[{"href":"http:\/\/blogdalucianaoliveira.com.br\/blog\/wp-json\/wp\/v2\/posts"}],"about":[{"href":"http:\/\/blogdalucianaoliveira.com.br\/blog\/wp-json\/wp\/v2\/types\/post"}],"author":[{"embeddable":true,"href":"http:\/\/blogdalucianaoliveira.com.br\/blog\/wp-json\/wp\/v2\/users\/1"}],"replies":[{"embeddable":true,"href":"http:\/\/blogdalucianaoliveira.com.br\/blog\/wp-json\/wp\/v2\/comments?post=4186"}],"version-history":[{"count":1,"href":"http:\/\/blogdalucianaoliveira.com.br\/blog\/wp-json\/wp\/v2\/posts\/4186\/revisions"}],"predecessor-version":[{"id":4189,"href":"http:\/\/blogdalucianaoliveira.com.br\/blog\/wp-json\/wp\/v2\/posts\/4186\/revisions\/4189"}],"wp:attachment":[{"href":"http:\/\/blogdalucianaoliveira.com.br\/blog\/wp-json\/wp\/v2\/media?parent=4186"}],"wp:term":[{"taxonomy":"category","embeddable":true,"href":"http:\/\/blogdalucianaoliveira.com.br\/blog\/wp-json\/wp\/v2\/categories?post=4186"},{"taxonomy":"post_tag","embeddable":true,"href":"http:\/\/blogdalucianaoliveira.com.br\/blog\/wp-json\/wp\/v2\/tags?post=4186"}],"curies":[{"name":"wp","href":"https:\/\/api.w.org\/{rel}","templated":true}]}}