{"id":4191,"date":"2016-09-22T12:09:05","date_gmt":"2016-09-22T16:09:05","guid":{"rendered":"http:\/\/blogdalucianaoliveira.com.br\/blog\/?p=4191"},"modified":"2016-09-22T12:09:05","modified_gmt":"2016-09-22T16:09:05","slug":"quem-vai-parar-esse-maluco-o-odio-cega-e-ele-percebe-tarde-demais","status":"publish","type":"post","link":"http:\/\/blogdalucianaoliveira.com.br\/blog\/2016\/09\/22\/quem-vai-parar-esse-maluco-o-odio-cega-e-ele-percebe-tarde-demais\/","title":{"rendered":"QUEM VAI PARAR ESSE MALUCO? O \u00d3DIO CEGA E ELE PERCEBE TARDE DEMAIS"},"content":{"rendered":"<p><img data-recalc-dims=\"1\" loading=\"lazy\" decoding=\"async\" data-attachment-id=\"4192\" data-permalink=\"http:\/\/blogdalucianaoliveira.com.br\/blog\/2016\/09\/22\/quem-vai-parar-esse-maluco-o-odio-cega-e-ele-percebe-tarde-demais\/moro-2\/\" data-orig-file=\"https:\/\/i0.wp.com\/blogdalucianaoliveira.com.br\/blog\/wp-content\/uploads\/2016\/09\/MORO.jpg?fit=1000%2C357\" data-orig-size=\"1000,357\" data-comments-opened=\"0\" data-image-meta=\"{&quot;aperture&quot;:&quot;0&quot;,&quot;credit&quot;:&quot;&quot;,&quot;camera&quot;:&quot;&quot;,&quot;caption&quot;:&quot;&quot;,&quot;created_timestamp&quot;:&quot;0&quot;,&quot;copyright&quot;:&quot;&quot;,&quot;focal_length&quot;:&quot;0&quot;,&quot;iso&quot;:&quot;0&quot;,&quot;shutter_speed&quot;:&quot;0&quot;,&quot;title&quot;:&quot;&quot;,&quot;orientation&quot;:&quot;0&quot;}\" data-image-title=\"moro\" data-image-description=\"\" data-image-caption=\"\" data-medium-file=\"https:\/\/i0.wp.com\/blogdalucianaoliveira.com.br\/blog\/wp-content\/uploads\/2016\/09\/MORO.jpg?fit=300%2C107\" data-large-file=\"https:\/\/i0.wp.com\/blogdalucianaoliveira.com.br\/blog\/wp-content\/uploads\/2016\/09\/MORO.jpg?fit=600%2C214\" src=\"https:\/\/i0.wp.com\/blogdalucianaoliveira.com.br\/blog\/wp-content\/uploads\/2016\/09\/MORO.jpg?resize=600%2C214\" alt=\"moro\" width=\"600\" height=\"214\" class=\"alignnone size-full wp-image-4192\" srcset=\"https:\/\/i0.wp.com\/blogdalucianaoliveira.com.br\/blog\/wp-content\/uploads\/2016\/09\/MORO.jpg?w=1000 1000w, https:\/\/i0.wp.com\/blogdalucianaoliveira.com.br\/blog\/wp-content\/uploads\/2016\/09\/MORO.jpg?resize=300%2C107 300w, https:\/\/i0.wp.com\/blogdalucianaoliveira.com.br\/blog\/wp-content\/uploads\/2016\/09\/MORO.jpg?resize=768%2C274 768w, https:\/\/i0.wp.com\/blogdalucianaoliveira.com.br\/blog\/wp-content\/uploads\/2016\/09\/MORO.jpg?resize=800%2C286 800w\" sizes=\"auto, (max-width: 600px) 100vw, 600px\" \/><\/p>\n<p>PRESSIONADO, MORO REVOGA A PRIS\u00c3O DE GUIDO MANTEGA<!--more--><\/p>\n<p>Paran\u00e1 247 \u2013 O juiz Sergio Moro acaba de revogar a pris\u00e3o do ex-ministro Guido Mantega, que foi detido quando acompanhava sua esposa no Hospital Albert Einstein, onde ela faz tratamento contra o c\u00e2ncer. Leia, abaixo, seu despacho:<\/p>\n<p>DESPACHO\/DECIS\u00c3O<\/p>\n<p>1. Decretada, a pedido do MPF, medidas de busca e apreens\u00e3o e pris\u00f5es tempor\u00e1rias, envolvendo pagamentos, em cogni\u00e7\u00e3o sum\u00e1ria, de propinas em contrato da Petrobr\u00e1s com o Cons\u00f3rcio Integra.<\/p>\n<p>Entre os fatos, h\u00e1 prova, em cogni\u00e7\u00e3o sum\u00e1ria, de que Eiken Fuhrken Batista teria pago USD 2.350.000,0 em 16\/04\/2013 a Jo\u00e3o Cerqueira de Santana Filho e  a M\u00f4nica Regina Cunha Moura mediante dep\u00f3sito, comprovado documentalmente nos autos, em conta da off-shore Shellbill Financeira mantida no Heritage Bank, na Su\u00ed\u00e7a.<\/p>\n<p>Segundo o pr\u00f3prio depositante, tais valores seriam destinados a remunerar servi\u00e7os por eles prestados ao Partido dos Trabalhadores e teriam sido solicitados pelo investigado Guido Mantega, ent\u00e3o Ministro da Fazenda e Presidente do Conselho de Administra\u00e7\u00e3o da Petrobr\u00e1s. <\/p>\n<p>O pagamento estaria vinculado ao esquema criminoso que vitimou a Petrobr\u00e1s e a propinas tamb\u00e9m pagas a agentes da Petrobr\u00e1s no \u00e2mbito do contrato da Petrobr\u00e1s com o Cons\u00f3rcio Integra.<\/p>\n<p>Com base nesses fatos e para preservar as buscas e apreens\u00f5es, acolhi, em 16\/08\/2016 (evento 3), pedido do MPF para decreta\u00e7\u00e3o da pris\u00e3o tempor\u00e1ria dele e de outros investigados.<\/p>\n<p>Sem embargo da gravidade dos fatos em apura\u00e7\u00e3o, noticiado que a pris\u00e3o tempor\u00e1ria foi efetivada na data de hoje quando o ex-Ministro acompanhava o c\u00f4njuge acometido de doen\u00e7a grave em cirurgia.<\/p>\n<p>Tal fato era desconhecido da autoridade policial, MPF e deste Ju\u00edzo.<\/p>\n<p>Segundo informa\u00e7\u00f5es colhidas pela autoridade policial, o ato foi praticado com toda a discri\u00e7\u00e3o, sem ingresso interno no Hospital.<\/p>\n<p>N\u00e3o obstante, considerando os fatos de que as buscas nos endere\u00e7os dos investigados j\u00e1 se iniciaram e que o ex-Ministro acompanhava o c\u00f4njuge no hospital e, se liberado, deve assim continuar, reputo, no momento, esvaziados os riscos de interfer\u00eancia da colheita das provas nesse momento.<\/p>\n<p>Procedo de of\u00edcio, pela urg\u00eancia, mas ciente de essa provavelmente seria tamb\u00e9m a posi\u00e7\u00e3o do MPF e da autoridade policial.<\/p>\n<p>Assim, revogo a pris\u00e3o tempor\u00e1ria decretada contra Guido Mantega, sem preju\u00edzo das demais medidas e a avalia\u00e7\u00e3o de medidas futuras.<\/p>\n<p>Expe\u00e7a-se o alvar\u00e1 de soltura. Encaminhe-se para cumprimento. Ci\u00eancia ao MPF e \u00e0 autoridade policial.<\/p>\n<p>2. Defiro o pedido de habilita\u00e7\u00e3o da Petrobras neste processo, eis que suposta v\u00edtima dos crimes aqui investigados (evento 66).<\/p>\n<p>Cadastrem-se e intimem-se os advogados da Petrobras.<\/p>\n<p>Curitiba, 22 de setembro de 2016<\/p>\n","protected":false},"excerpt":{"rendered":"<p>PRESSIONADO, MORO REVOGA A PRIS\u00c3O DE GUIDO MANTEGA<\/p>\n","protected":false},"author":1,"featured_media":0,"comment_status":"closed","ping_status":"open","sticky":false,"template":"","format":"standard","meta":{"_exactmetrics_skip_tracking":false,"_exactmetrics_sitenote_active":false,"_exactmetrics_sitenote_note":"","_exactmetrics_sitenote_category":0,"jetpack_post_was_ever_published":false,"_jetpack_newsletter_access":"","_jetpack_dont_email_post_to_subs":false,"_jetpack_newsletter_tier_id":0,"_jetpack_memberships_contains_paywalled_content":false,"_jetpack_memberships_contains_paid_content":false,"footnotes":"","jetpack_publicize_message":"","jetpack_publicize_feature_enabled":true,"jetpack_social_post_already_shared":true,"jetpack_social_options":{"image_generator_settings":{"template":"highway","enabled":false},"version":2}},"categories":[1],"tags":[],"class_list":["post-4191","post","type-post","status-publish","format-standard","hentry","category-notas"],"jetpack_publicize_connections":[],"jetpack_sharing_enabled":true,"jetpack_featured_media_url":"","jetpack_shortlink":"https:\/\/wp.me\/p7wKYW-15B","jetpack-related-posts":[],"_links":{"self":[{"href":"http:\/\/blogdalucianaoliveira.com.br\/blog\/wp-json\/wp\/v2\/posts\/4191","targetHints":{"allow":["GET"]}}],"collection":[{"href":"http:\/\/blogdalucianaoliveira.com.br\/blog\/wp-json\/wp\/v2\/posts"}],"about":[{"href":"http:\/\/blogdalucianaoliveira.com.br\/blog\/wp-json\/wp\/v2\/types\/post"}],"author":[{"embeddable":true,"href":"http:\/\/blogdalucianaoliveira.com.br\/blog\/wp-json\/wp\/v2\/users\/1"}],"replies":[{"embeddable":true,"href":"http:\/\/blogdalucianaoliveira.com.br\/blog\/wp-json\/wp\/v2\/comments?post=4191"}],"version-history":[{"count":1,"href":"http:\/\/blogdalucianaoliveira.com.br\/blog\/wp-json\/wp\/v2\/posts\/4191\/revisions"}],"predecessor-version":[{"id":4193,"href":"http:\/\/blogdalucianaoliveira.com.br\/blog\/wp-json\/wp\/v2\/posts\/4191\/revisions\/4193"}],"wp:attachment":[{"href":"http:\/\/blogdalucianaoliveira.com.br\/blog\/wp-json\/wp\/v2\/media?parent=4191"}],"wp:term":[{"taxonomy":"category","embeddable":true,"href":"http:\/\/blogdalucianaoliveira.com.br\/blog\/wp-json\/wp\/v2\/categories?post=4191"},{"taxonomy":"post_tag","embeddable":true,"href":"http:\/\/blogdalucianaoliveira.com.br\/blog\/wp-json\/wp\/v2\/tags?post=4191"}],"curies":[{"name":"wp","href":"https:\/\/api.w.org\/{rel}","templated":true}]}}