{"id":4241,"date":"2016-09-23T11:34:24","date_gmt":"2016-09-23T15:34:24","guid":{"rendered":"http:\/\/blogdalucianaoliveira.com.br\/blog\/?p=4241"},"modified":"2016-09-23T11:34:24","modified_gmt":"2016-09-23T15:34:24","slug":"chega-de-rastaqueras-e-espetaculos","status":"publish","type":"post","link":"http:\/\/blogdalucianaoliveira.com.br\/blog\/2016\/09\/23\/chega-de-rastaqueras-e-espetaculos\/","title":{"rendered":"Chega de rastaqueras e espet\u00e1culos"},"content":{"rendered":"<p><img data-recalc-dims=\"1\" loading=\"lazy\" decoding=\"async\" data-attachment-id=\"4243\" data-permalink=\"http:\/\/blogdalucianaoliveira.com.br\/blog\/2016\/09\/23\/chega-de-rastaqueras-e-espetaculos\/aecio-2\/\" data-orig-file=\"https:\/\/i0.wp.com\/blogdalucianaoliveira.com.br\/blog\/wp-content\/uploads\/2016\/09\/aecio-1.jpg?fit=490%2C280\" data-orig-size=\"490,280\" data-comments-opened=\"0\" data-image-meta=\"{&quot;aperture&quot;:&quot;0&quot;,&quot;credit&quot;:&quot;&quot;,&quot;camera&quot;:&quot;&quot;,&quot;caption&quot;:&quot;&quot;,&quot;created_timestamp&quot;:&quot;0&quot;,&quot;copyright&quot;:&quot;&quot;,&quot;focal_length&quot;:&quot;0&quot;,&quot;iso&quot;:&quot;0&quot;,&quot;shutter_speed&quot;:&quot;0&quot;,&quot;title&quot;:&quot;&quot;,&quot;orientation&quot;:&quot;0&quot;}\" data-image-title=\"aecio\" data-image-description=\"\" data-image-caption=\"\" data-medium-file=\"https:\/\/i0.wp.com\/blogdalucianaoliveira.com.br\/blog\/wp-content\/uploads\/2016\/09\/aecio-1.jpg?fit=300%2C171\" data-large-file=\"https:\/\/i0.wp.com\/blogdalucianaoliveira.com.br\/blog\/wp-content\/uploads\/2016\/09\/aecio-1.jpg?fit=490%2C280\" src=\"https:\/\/i0.wp.com\/blogdalucianaoliveira.com.br\/blog\/wp-content\/uploads\/2016\/09\/aecio-1.jpg?resize=490%2C280\" alt=\"aecio\" width=\"490\" height=\"280\" class=\"alignnone size-full wp-image-4243\" srcset=\"https:\/\/i0.wp.com\/blogdalucianaoliveira.com.br\/blog\/wp-content\/uploads\/2016\/09\/aecio-1.jpg?w=490 490w, https:\/\/i0.wp.com\/blogdalucianaoliveira.com.br\/blog\/wp-content\/uploads\/2016\/09\/aecio-1.jpg?resize=300%2C171 300w\" sizes=\"auto, (max-width: 490px) 100vw, 490px\" \/><\/p>\n<p>No 247<br \/>\nPor Laurez Cerqueira<br \/>\nAutor, entre outros trabalhos, de Florestan Fernandes &#8211; vida e obra; Florestan Fernandes \u2013 um mestre radical; e O Outro Lado do Real<!--more--><\/p>\n<p>O juiz S\u00e9rgio Moro comportou-se como um b\u00e1rbaro ao mandar prender no Hospital Albert Einstein, em S\u00e3o Paulo,  o professor Guido Mantega, que acompanhava a mulher, doente de c\u00e2ncer, numa cirurgia.<\/p>\n<p>Dizer que a Pol\u00edcia Federal n\u00e3o sabia que o ex-ministro estava no hospital acompanhando a mulher \u00e9 demais para a intelig\u00eancia brasileira. Toda a imprensa senhorial estava l\u00e1 de plant\u00e3o, preparada para o banquete macabro.<\/p>\n<p>Ele mandou soltar horas depois por causa da repercuss\u00e3o negativa, avassaladora, nacional e internacional.<\/p>\n<p>Trabalhei anos da minha vida ajudando no combate \u00e0 corrup\u00e7\u00e3o, em CPIs, no Congresso Nacional, denunciando, escrevi livro sobre a corrup\u00e7\u00e3o, mas n\u00e3o posso me conformar com o que meia d\u00fazia de pessoas da Lava Jato est\u00e1 fazendo no Brasil.<\/p>\n<p>Ser\u00e1 que, com o arcabou\u00e7o jur\u00eddico e institucional que o pa\u00eds disp\u00f5e, n\u00e3o \u00e9 suficiente para um trabalho digno e justo, precisa reduzir tudo a espet\u00e1culo?<\/p>\n<p>Essa gente n\u00e3o me parece preocupada com uma mudan\u00e7a cultural perene da sociedade, de compromisso \u00e9tico com a Rep\u00fablica, com com o bem p\u00fablico, com a educa\u00e7\u00e3o, mas com notoriedade, com c\u00e2meras e holofotes, como se estivessem vivendo um del\u00edrio narc\u00edsico, dentro de um filme enlatado qualquer, da feira deHollyood.<\/p>\n<p>As a\u00e7\u00f5es espetaculosas parecem coisas de banditismo judicial. A persegui\u00e7\u00e3o pol\u00edtica est\u00e1 escancarada, escalando graus de viol\u00eancia em todos os sentidos. A Constitui\u00e7\u00e3o, as leis, os direitos humanos, o exerc\u00edcio da advocacia n\u00e3o valem mais nada?<\/p>\n<p>Por que, com todas as provas, n\u00e3o prendem Eduardo Cunha, a mulher e a filha? Por que nada acontece com os senadores A\u00e9cio Neves, Romero Juc\u00e1, Renan Calheiros, com os ministros Eliseu Padilha, Moreira Franco e tantos outros envolvidos em esc\u00e2ndalos? Porque s\u00e3o golpistas?<\/p>\n<p>O que est\u00e1 passando para a sociedade \u00e9 que institui\u00e7\u00f5es de fiscaliza\u00e7\u00e3o e controle e judiciais, salvo raras exce\u00e7\u00f5es, est\u00e3o entregues a gente desprovida de cidadania, de pensamento raso, dominado por \u00edndole policialesca, despreparada para o exerc\u00edcio das fun\u00e7\u00f5es p\u00fablicas, t\u00e3o valiosas para a consolida\u00e7\u00e3o da democracia, da cidadania, e para a civiliza\u00e7\u00e3o.<\/p>\n<p>O bom aluno na escola, aquele que passa nos primeiros lugares nos concursos p\u00fablicos nem sempre est\u00e1 preparado para o exerc\u00edcio de certas fun\u00e7\u00f5es p\u00fablicas.<\/p>\n<p>Algo precisa ser feito urgentemente para deter os rastaqueras, abusos de prerrogativas e de poder de certos integrantes da Lava Jato.<\/p>\n<p>Esses \u00f3rg\u00e3os n\u00e3o s\u00e3o propriedades privadas a serem usadas para fins pol\u00edticos. A sociedade precisa defender \u00e0s institui\u00e7\u00f5es da Rep\u00fablica e preserva-las dos desvirtuamentos.<\/p>\n<p>Erguer o Minist\u00e9rio P\u00fablico, conferir-lhe poderes, autonomia, imparcialidade e credibilidade, assim como as inova\u00e7\u00f5es do judici\u00e1rio, na Constitui\u00e7\u00e3o de 1988, custaram muito caro \u00e0 sociedade brasileira. S\u00e3o conquistas de uma jornada de luta hist\u00f3rica pela democracia.<\/p>\n<p>O Minist\u00e9rio P\u00fablico e o judici\u00e1rio n\u00e3o podem ser desmoralizados e maculados por ambi\u00e7\u00f5es desmedidas, delirantes, de quem quer que seja, e muito menos servir de laborat\u00f3rio para formula\u00e7\u00f5es mirabolantes criminalizando pessoas inocentes em nome do combate \u00e0 corrup\u00e7\u00e3o, para satisfazer egos perversos e vaidosos.<\/p>\n<p>Nem todo o judici\u00e1rio, nem todo o Minist\u00e9rio P\u00fablico, nem toda a Pol\u00edcia Federal concorda com o que est\u00e1 sendo feito no Brasil.<\/p>\n<p>Ao inv\u00e9s do combate \u00e0 corrup\u00e7\u00e3o e elevar o Brasil ao n\u00edvel das na\u00e7\u00f5es desenvolvidas, a imagem do pa\u00eds est\u00e1 cada vez pior, tendo em vista as injusti\u00e7as, o ativismo pol\u00edtico no judici\u00e1rio e a viola\u00e7\u00e3o do Estado democr\u00e1tico de direito.<\/p>\n<p>Em pa\u00edses de cidadania avan\u00e7ada, Dallangnol e Moro certamente n\u00e3o fariam parte dos quadros de servidores p\u00fablicos nas fun\u00e7\u00f5es de procurador e juiz.<\/p>\n<p>Uma na\u00e7\u00e3o se constr\u00f3i com justi\u00e7a e democracia.<\/p>\n","protected":false},"excerpt":{"rendered":"<p>No 247 Por Laurez Cerqueira Autor, entre outros trabalhos, de Florestan Fernandes &#8211; vida e obra; Florestan Fernandes \u2013 um mestre radical; e O Outro Lado do Real<\/p>\n","protected":false},"author":1,"featured_media":0,"comment_status":"closed","ping_status":"open","sticky":false,"template":"","format":"standard","meta":{"_exactmetrics_skip_tracking":false,"_exactmetrics_sitenote_active":false,"_exactmetrics_sitenote_note":"","_exactmetrics_sitenote_category":0,"jetpack_post_was_ever_published":false,"_jetpack_newsletter_access":"","_jetpack_dont_email_post_to_subs":false,"_jetpack_newsletter_tier_id":0,"_jetpack_memberships_contains_paywalled_content":false,"_jetpack_memberships_contains_paid_content":false,"footnotes":"","jetpack_publicize_message":"","jetpack_publicize_feature_enabled":true,"jetpack_social_post_already_shared":true,"jetpack_social_options":{"image_generator_settings":{"template":"highway","enabled":false},"version":2}},"categories":[1],"tags":[],"class_list":["post-4241","post","type-post","status-publish","format-standard","hentry","category-notas"],"jetpack_publicize_connections":[],"jetpack_sharing_enabled":true,"jetpack_featured_media_url":"","jetpack_shortlink":"https:\/\/wp.me\/p7wKYW-16p","jetpack-related-posts":[],"_links":{"self":[{"href":"http:\/\/blogdalucianaoliveira.com.br\/blog\/wp-json\/wp\/v2\/posts\/4241","targetHints":{"allow":["GET"]}}],"collection":[{"href":"http:\/\/blogdalucianaoliveira.com.br\/blog\/wp-json\/wp\/v2\/posts"}],"about":[{"href":"http:\/\/blogdalucianaoliveira.com.br\/blog\/wp-json\/wp\/v2\/types\/post"}],"author":[{"embeddable":true,"href":"http:\/\/blogdalucianaoliveira.com.br\/blog\/wp-json\/wp\/v2\/users\/1"}],"replies":[{"embeddable":true,"href":"http:\/\/blogdalucianaoliveira.com.br\/blog\/wp-json\/wp\/v2\/comments?post=4241"}],"version-history":[{"count":1,"href":"http:\/\/blogdalucianaoliveira.com.br\/blog\/wp-json\/wp\/v2\/posts\/4241\/revisions"}],"predecessor-version":[{"id":4244,"href":"http:\/\/blogdalucianaoliveira.com.br\/blog\/wp-json\/wp\/v2\/posts\/4241\/revisions\/4244"}],"wp:attachment":[{"href":"http:\/\/blogdalucianaoliveira.com.br\/blog\/wp-json\/wp\/v2\/media?parent=4241"}],"wp:term":[{"taxonomy":"category","embeddable":true,"href":"http:\/\/blogdalucianaoliveira.com.br\/blog\/wp-json\/wp\/v2\/categories?post=4241"},{"taxonomy":"post_tag","embeddable":true,"href":"http:\/\/blogdalucianaoliveira.com.br\/blog\/wp-json\/wp\/v2\/tags?post=4241"}],"curies":[{"name":"wp","href":"https:\/\/api.w.org\/{rel}","templated":true}]}}