{"id":4245,"date":"2016-09-23T11:42:13","date_gmt":"2016-09-23T15:42:13","guid":{"rendered":"http:\/\/blogdalucianaoliveira.com.br\/blog\/?p=4245"},"modified":"2016-09-23T11:43:37","modified_gmt":"2016-09-23T15:43:37","slug":"quem-ainda-acredita-na-isencao-da-lava-jato","status":"publish","type":"post","link":"http:\/\/blogdalucianaoliveira.com.br\/blog\/2016\/09\/23\/quem-ainda-acredita-na-isencao-da-lava-jato\/","title":{"rendered":"Quem ainda acredita na isen\u00e7\u00e3o da Lava Jato?"},"content":{"rendered":"<p><img data-recalc-dims=\"1\" loading=\"lazy\" decoding=\"async\" data-attachment-id=\"4258\" data-permalink=\"http:\/\/blogdalucianaoliveira.com.br\/blog\/2016\/09\/23\/quem-ainda-acredita-na-isencao-da-lava-jato\/mpf-4\/\" data-orig-file=\"https:\/\/i0.wp.com\/blogdalucianaoliveira.com.br\/blog\/wp-content\/uploads\/2016\/09\/mpf-3.jpg?fit=960%2C657\" data-orig-size=\"960,657\" data-comments-opened=\"0\" data-image-meta=\"{&quot;aperture&quot;:&quot;0&quot;,&quot;credit&quot;:&quot;&quot;,&quot;camera&quot;:&quot;&quot;,&quot;caption&quot;:&quot;&quot;,&quot;created_timestamp&quot;:&quot;0&quot;,&quot;copyright&quot;:&quot;&quot;,&quot;focal_length&quot;:&quot;0&quot;,&quot;iso&quot;:&quot;0&quot;,&quot;shutter_speed&quot;:&quot;0&quot;,&quot;title&quot;:&quot;&quot;,&quot;orientation&quot;:&quot;0&quot;}\" data-image-title=\"mpf\" data-image-description=\"\" data-image-caption=\"\" data-medium-file=\"https:\/\/i0.wp.com\/blogdalucianaoliveira.com.br\/blog\/wp-content\/uploads\/2016\/09\/mpf-3.jpg?fit=300%2C205\" data-large-file=\"https:\/\/i0.wp.com\/blogdalucianaoliveira.com.br\/blog\/wp-content\/uploads\/2016\/09\/mpf-3.jpg?fit=600%2C411\" src=\"https:\/\/i0.wp.com\/blogdalucianaoliveira.com.br\/blog\/wp-content\/uploads\/2016\/09\/mpf-3.jpg?resize=600%2C411\" alt=\"mpf\" width=\"600\" height=\"411\" class=\"alignnone size-full wp-image-4258\" \/><\/p>\n<p>Por Pedro Breier, correspondente policial do Cafezinho<\/p>\n<p>O ex\u00e9rcito de zumbis midi\u00e1ticos comemora mais uma pris\u00e3o como se fosse um gol.<!--more--><\/p>\n<p>Onyx Lorenzoni, deputado do DEM, fala que as cr\u00edticas s\u00e3o \u2018mimimi\u2019, numa atitude incrivelmente madura para um parlamentar.<\/p>\n<p>Mas as evid\u00eancias de que a pris\u00e3o de Mantega \u00e9 mais uma a\u00e7\u00e3o pol\u00edtica da Lava Jato, visando prejudicar o PT e junto com ele toda a esquerda nas elei\u00e7\u00f5es municipais que acontecem em poucos dias, est\u00e3o escancaradas.<\/p>\n<p>Vejamos.<\/p>\n<p>A ordem de pris\u00e3o tempor\u00e1ria foi dada por Moro em 16 de agosto. A desculpa para o seu cumprimento s\u00f3 agora, mais de um m\u00eas depois, \u00e9 que a PF estava envolvida nas Ol\u00edmpiadas e n\u00e3o teria efetivo para realizar a pris\u00e3o antes.<\/p>\n<p>Ora, a pris\u00e3o tempor\u00e1ria \u00e9 autorizada pela lei quando for \u2018imprescind\u00edvel para as investiga\u00e7\u00f5es do inqu\u00e9rito policial\u2019, ou seja, para que o investigado n\u00e3o possa atrapalhar as investiga\u00e7\u00f5es (as outras hip\u00f3teses autorizadoras n\u00e3o se enquadram no caso de Mantega nem mesmo em tese).<\/p>\n<p>Qual o sentido de cumprir a ordem de pris\u00e3o tempor\u00e1ria mais de um m\u00eas depois, quando o investigado j\u00e1 teve mais de 30 dias para destruir provas e atrapalhar as investiga\u00e7\u00f5es?<\/p>\n<p>Logicamente, nenhum.<\/p>\n<p>Mas as elei\u00e7\u00f5es est\u00e3o a\u00ed, e sem a ajuda do aparato midi\u00e1tico e das a\u00e7\u00f5es pol\u00edticas da \u2018Justi\u00e7a\u2019 a direita n\u00e3o sobrevive \u00e0s urnas.<\/p>\n<p>Mantega foi preso por causa de um depoimento de Eike Batista.<\/p>\n<p>Mas Eike Batista n\u00e3o acusou o ex-ministro no seu depoimento, conforme apurou o jornalista Fernando Molica.<\/p>\n<p>Moro distorceu o depoimento para prender Mantega.<\/p>\n<p>Eike tentou entregar uma lista com doa\u00e7\u00f5es feitas a v\u00e1rios partidos, de cunho \u2018oficial e privado\u2019, mas os procuradores apenas ignoraram (a semelhan\u00e7a com o v\u00eddeo do Porta dos Fundos \u00e9 incr\u00edvel).<\/p>\n<p>J\u00e1 A\u00e9cio Neves, citado por v\u00e1rios delatores diretamente como integrante de esquemas de desvios de dinheiro p\u00fablico, simplesmente n\u00e3o \u00e9 incomodado.<\/p>\n<p>Cunha, que est\u00e1 sob a jurisdi\u00e7\u00e3o de Moro ap\u00f3s a cassa\u00e7\u00e3o do seu mandato de deputado, envolvido em in\u00fameros crimes, permanece tranquilamente solto tamb\u00e9m.<\/p>\n<p>A revoga\u00e7\u00e3o da ordem de pris\u00e3o de Mantega, feita por Moro depois da enxurrada de cr\u00edticas que recebeu, \u00e9 mais uma evid\u00eancia de que a pris\u00e3o \u00e9 pol\u00edtica: como os requisitos que autorizam a pris\u00e3o estavam presentes pela manh\u00e3 e sumiram ao meio-dia?<\/p>\n<p>O timing da Lava Jato sempre coincide perfeitamente com a agenda pol\u00edtica da direita.<\/p>\n<p>Ontem, dia em que foi cumprido o mandado de pris\u00e3o de Mantega, foi o dia da paralisa\u00e7\u00e3o nacional convocada pelas centrais sindicais contra o governo golpista, mas ningu\u00e9m viu isso no notici\u00e1rio porque ele estava todo ocupado com mais uma &#8216;pris\u00e3o manchete&#8217; de Moro.<\/p>\n<p>\u00c0s v\u00e9speras das elei\u00e7\u00f5es virou padr\u00e3o um ataque pesado ao PT vindo da Lava Jato e amplificado histericamente pela m\u00eddia cartelizada.<\/p>\n<p>A \u2018Justi\u00e7a\u2019 e a m\u00eddia interferem no processo eleitoral e deturpam a democracia sem que haja maiores consequ\u00eancias.<\/p>\n<p>Mas o seu amigo coxinha acha que tudo isso \u00e9 \u2018mimimi\u2019.<\/p>\n<p>Guilherme Boulos definiu bem a situa\u00e7\u00e3o: &#8216;j\u00e1 foi o tempo em que acreditar na isen\u00e7\u00e3o da Lava Jato era caso de ingenuidade. Agora \u00e9 pura m\u00e1-f\u00e9.&#8217;<\/p>\n","protected":false},"excerpt":{"rendered":"<p>Por Pedro Breier, correspondente policial do Cafezinho O ex\u00e9rcito de zumbis midi\u00e1ticos comemora mais uma pris\u00e3o como se fosse um gol.<\/p>\n","protected":false},"author":1,"featured_media":0,"comment_status":"closed","ping_status":"open","sticky":false,"template":"","format":"standard","meta":{"_exactmetrics_skip_tracking":false,"_exactmetrics_sitenote_active":false,"_exactmetrics_sitenote_note":"","_exactmetrics_sitenote_category":0,"jetpack_post_was_ever_published":false,"_jetpack_newsletter_access":"","_jetpack_dont_email_post_to_subs":false,"_jetpack_newsletter_tier_id":0,"_jetpack_memberships_contains_paywalled_content":false,"_jetpack_memberships_contains_paid_content":false,"footnotes":"","jetpack_publicize_message":"","jetpack_publicize_feature_enabled":true,"jetpack_social_post_already_shared":true,"jetpack_social_options":{"image_generator_settings":{"template":"highway","enabled":false},"version":2}},"categories":[1],"tags":[],"class_list":["post-4245","post","type-post","status-publish","format-standard","hentry","category-notas"],"jetpack_publicize_connections":[],"jetpack_sharing_enabled":true,"jetpack_featured_media_url":"","jetpack_shortlink":"https:\/\/wp.me\/p7wKYW-16t","jetpack-related-posts":[],"_links":{"self":[{"href":"http:\/\/blogdalucianaoliveira.com.br\/blog\/wp-json\/wp\/v2\/posts\/4245","targetHints":{"allow":["GET"]}}],"collection":[{"href":"http:\/\/blogdalucianaoliveira.com.br\/blog\/wp-json\/wp\/v2\/posts"}],"about":[{"href":"http:\/\/blogdalucianaoliveira.com.br\/blog\/wp-json\/wp\/v2\/types\/post"}],"author":[{"embeddable":true,"href":"http:\/\/blogdalucianaoliveira.com.br\/blog\/wp-json\/wp\/v2\/users\/1"}],"replies":[{"embeddable":true,"href":"http:\/\/blogdalucianaoliveira.com.br\/blog\/wp-json\/wp\/v2\/comments?post=4245"}],"version-history":[{"count":2,"href":"http:\/\/blogdalucianaoliveira.com.br\/blog\/wp-json\/wp\/v2\/posts\/4245\/revisions"}],"predecessor-version":[{"id":4259,"href":"http:\/\/blogdalucianaoliveira.com.br\/blog\/wp-json\/wp\/v2\/posts\/4245\/revisions\/4259"}],"wp:attachment":[{"href":"http:\/\/blogdalucianaoliveira.com.br\/blog\/wp-json\/wp\/v2\/media?parent=4245"}],"wp:term":[{"taxonomy":"category","embeddable":true,"href":"http:\/\/blogdalucianaoliveira.com.br\/blog\/wp-json\/wp\/v2\/categories?post=4245"},{"taxonomy":"post_tag","embeddable":true,"href":"http:\/\/blogdalucianaoliveira.com.br\/blog\/wp-json\/wp\/v2\/tags?post=4245"}],"curies":[{"name":"wp","href":"https:\/\/api.w.org\/{rel}","templated":true}]}}