{"id":4260,"date":"2016-09-23T11:48:55","date_gmt":"2016-09-23T15:48:55","guid":{"rendered":"http:\/\/blogdalucianaoliveira.com.br\/blog\/?p=4260"},"modified":"2016-09-23T11:48:55","modified_gmt":"2016-09-23T15:48:55","slug":"golpe-no-brasil-e-mostra-internacional-do-cinismo-afirma-arcepisbo-raul-vera","status":"publish","type":"post","link":"http:\/\/blogdalucianaoliveira.com.br\/blog\/2016\/09\/23\/golpe-no-brasil-e-mostra-internacional-do-cinismo-afirma-arcepisbo-raul-vera\/","title":{"rendered":"Golpe no Brasil \u201c\u00e9 mostra internacional do cinismo\u201d, afirma Arcepisbo Ra\u00fal Vera"},"content":{"rendered":"<p><img data-recalc-dims=\"1\" loading=\"lazy\" decoding=\"async\" data-attachment-id=\"4261\" data-permalink=\"http:\/\/blogdalucianaoliveira.com.br\/blog\/2016\/09\/23\/golpe-no-brasil-e-mostra-internacional-do-cinismo-afirma-arcepisbo-raul-vera\/raul\/\" data-orig-file=\"https:\/\/i0.wp.com\/blogdalucianaoliveira.com.br\/blog\/wp-content\/uploads\/2016\/09\/raul.jpg?fit=624%2C351\" data-orig-size=\"624,351\" data-comments-opened=\"0\" data-image-meta=\"{&quot;aperture&quot;:&quot;0&quot;,&quot;credit&quot;:&quot;&quot;,&quot;camera&quot;:&quot;&quot;,&quot;caption&quot;:&quot;&quot;,&quot;created_timestamp&quot;:&quot;0&quot;,&quot;copyright&quot;:&quot;&quot;,&quot;focal_length&quot;:&quot;0&quot;,&quot;iso&quot;:&quot;0&quot;,&quot;shutter_speed&quot;:&quot;0&quot;,&quot;title&quot;:&quot;&quot;,&quot;orientation&quot;:&quot;0&quot;}\" data-image-title=\"raul\" data-image-description=\"\" data-image-caption=\"\" data-medium-file=\"https:\/\/i0.wp.com\/blogdalucianaoliveira.com.br\/blog\/wp-content\/uploads\/2016\/09\/raul.jpg?fit=300%2C169\" data-large-file=\"https:\/\/i0.wp.com\/blogdalucianaoliveira.com.br\/blog\/wp-content\/uploads\/2016\/09\/raul.jpg?fit=600%2C338\" src=\"https:\/\/i0.wp.com\/blogdalucianaoliveira.com.br\/blog\/wp-content\/uploads\/2016\/09\/raul.jpg?resize=600%2C338\" alt=\"raul\" width=\"600\" height=\"338\" class=\"alignnone size-full wp-image-4261\" srcset=\"https:\/\/i0.wp.com\/blogdalucianaoliveira.com.br\/blog\/wp-content\/uploads\/2016\/09\/raul.jpg?w=624 624w, https:\/\/i0.wp.com\/blogdalucianaoliveira.com.br\/blog\/wp-content\/uploads\/2016\/09\/raul.jpg?resize=300%2C169 300w\" sizes=\"auto, (max-width: 600px) 100vw, 600px\" \/><\/p>\n<p>Mexicano ganhador do Pr\u00eamio Rafto fala sobre a situa\u00e7\u00e3o de seu pa\u00eds, do Papa Francisco e do golpe no Brasil.<!--more--><\/p>\n<p>No Brasil de Fato<\/p>\n<p>O Arcebispo de Saltillo, no M\u00e9xico, Dom Ra\u00fal Vera L\u00f3pez, ganhador do Pr\u00eamio Rafto, uma esp\u00e9cie de Pr\u00eamio Nobel da Paz alternativo realizado por um grupo noruegu\u00eas defensor dos direitos humanos, soltou o verbo em entrevista concedida ao Brasil de Fato, ao falar sobre os 43 jovens mexicanos desaparecidos \u2013 trag\u00e9dia que completa dois anos na pr\u00f3xima segunda-feira (26). Ra\u00fal Vera tamb\u00e9m comentou sobre o papel do Papa Francisco e o golpe no Brasil.<\/p>\n<p>Diante do atual momento conturbado no mundo todo, o Arcebispo aponta que a \u201cfor\u00e7a libertadora desta Terra\u201d est\u00e1 na organiza\u00e7\u00e3o da popula\u00e7\u00e3o menos favorecida e n\u00e3o tem d\u00favida do risco que Francisco passa por causa de seus posicionamentos pol\u00edticos. \u201cA cada momento ele pede que rezemos por ele porque sabe que podem assassin\u00e1-lo\u201d, conta.<\/p>\n<p>Quanto ao processo de impeachment da presidenta Dilma Rousseff, Ra\u00fal Vera ressalta que \u00e9 \u201cum artif\u00edcio dos grandes ricos do mundo, que se valem dos servi\u00e7os que cumprem os pol\u00edticos, para se distanciar de um processo social de um governo que se preocupava com os pobres\u201d, e representa \u201cuma mostra internacional do cinismo dos pol\u00edticos\u201d.<\/p>\n<p>Confira alguns trechos da entrevista:<\/p>\n<p>Brasil de Fato: Na pr\u00f3xima segunda-feira (26) ser\u00e3o completos dois anos do desaparecimento dos 43 jovens mexicanos. Como voc\u00ea avalia este processo?<\/p>\n<p>Ra\u00fal Vera: Um aspecto, digamos, positivo, \u00e9 a perseveran\u00e7a dos pais, dos familiares, dos estudantes e de boa parte do povo mexicano para manter na agenda nacional este assunto. Os pais conseguiram que a Comiss\u00e3o Interamericana de Direitos Humanos criasse um grupo internacional especializado e independente &#8211; fazendo com que o governo mexicano aceitasse esse grupo &#8211; para que fizessem uma investiga\u00e7\u00e3o que n\u00e3o estava sendo feita.<\/p>\n<p>O segundo aspecto que tem que ter em conta, que \u00e9 a parte negativa, \u00e9 que que o governo mexicano utiliza o terror e horror como estrat\u00e9gia pol\u00edtica. Estes garotos desaparecem em m\u00e3os do governo mexicano, e n\u00e3o quiseram se dar conta disso porque sabem o que passou. Se est\u00e3o vivos, eles sabem onde est\u00e3o, se n\u00e3o est\u00e3o vivos quiseram inventar coisas que n\u00e3o deram certo. Este \u00e9 o mesmo caso das cifras oficiais que dizem que h\u00e1 27 mil desaparecidos no pa\u00eds, das quais n\u00e3o se tem esclarecimento.<\/p>\n<p>Horror e terror s\u00e3o estrat\u00e9gias de controle da popula\u00e7\u00e3o por parte do governo neste momento, que une o ex\u00e9rcito, a marinha, a pol\u00edcia federal, as pol\u00edcias locais, o narcotr\u00e1fico e grupos paramilitares. Tudo isso j\u00e1 est\u00e1 identificado por um processo realizado pelo Tribunal Permanente dos Povos no M\u00e9xico, para julgar o Estado mexicano. Uma das conclus\u00f5es que a senten\u00e7a final traz \u00e9 que o governo mexicano est\u00e1 fazendo um controle da popula\u00e7\u00e3o. Por qu\u00ea? Porque s\u00e3o muitas injusti\u00e7as que o governo mexicano est\u00e1 cometendo. Eles n\u00e3o est\u00e3o governando para o M\u00e9xico, para os cidad\u00e3os, mas s\u00e3o administradores das estrat\u00e9gias do Fundo Monet\u00e1rio Internacional, do Banco Mundial, da Organiza\u00e7\u00e3o Mundial do Com\u00e9rcio, da Organiza\u00e7\u00e3o Mundial da Propriedade Intelectual, pelas multinacionais e das pot\u00eancias econ\u00f4micas e pol\u00edticas que est\u00e3o por tr\u00e1s destas multinacionais. H\u00e1 um desvio de poder.<\/p>\n<p>Por que o Estado mexicano estaria se utilizando desta estrat\u00e9gia de terror contra a popula\u00e7\u00e3o?<\/p>\n<p>Esta \u00e9 uma estrat\u00e9gia de guerra psicol\u00f3gica, de criar inseguran\u00e7a na popula\u00e7\u00e3o, de criar temor para que os mexicanos n\u00e3o se organizem ante as reformas da Constitui\u00e7\u00e3o, do repasse das empresas energ\u00e9ticas \u00e0 iniciativa privada nacional e internacional. Querem acabar com a educa\u00e7\u00e3o gratuita e se desfazer dos professores por meio de um suposto exame de avalia\u00e7\u00e3o, para acabar com a educa\u00e7\u00e3o p\u00fablica. O mesmo est\u00e3o fazendo com a sa\u00fade: deixar\u00e3o de existir v\u00e1rios tipos de garantias, reduzindo os servi\u00e7os de sa\u00fade a uma m\u00ednima parte do que temos hoje em dia. Isso porque 40% do gasto p\u00fablico vinha do nosso petr\u00f3leo, mas agora nosso petr\u00f3leo j\u00e1 n\u00e3o \u00e9 mais nosso. O M\u00e9xico est\u00e1 sendo constru\u00eddo neste modelo econ\u00f4mico mundial, somente para uma parte que equivale a 1% dos mexicanos.<\/p>\n<p>O dinheiro que os EUA mandaram para o M\u00e9xico nesta guerra contra o narcotr\u00e1fico foi para militarizar o pa\u00eds, e a militariza\u00e7\u00e3o que o governo faz \u00e9 contra a popula\u00e7\u00e3o. H\u00e1 uma guerra, um ataque direto contra a popula\u00e7\u00e3o. Tem dois tipos de viol\u00eancia neste momento no M\u00e9xico: a viol\u00eancia estrutural e a direta. A estrutural s\u00e3o todas estas reformas e leis para administrar a na\u00e7\u00e3o a favor das grandes multinacionais, e a direta \u00e9 a que \u00e9 realizada contra a popula\u00e7\u00e3o.<\/p>\n<p>No meio deste contexto, Ayotzinapa (local onde aconteceu o desaparecimento dos 43 jovens) \u00e9 emblem\u00e1tico. Ficou claro que por tr\u00e1s do desaparecimento destes garotos est\u00e1 o tr\u00e1fico de hero\u00edna, da a cidade de Iguala at\u00e9 Chicago (nos EUA). Os meninos, naquela noite, haviam sequestrados alguns \u00f4nibus (tomados \u00e0 for\u00e7a, pr\u00e1tica comum em suas mobiliza\u00e7\u00f5es, a fim de arrecadar fundos para sua escola), e entre os caminh\u00f5es, sem se dar conta, tinha um caminh\u00e3o cheio de hero\u00edna escondida. Curiosamente, policiais dispararam em todos os caminh\u00f5es, e o caminh\u00e3o onde estavam as pessoas desaparecidas foi um caminh\u00e3o que a pol\u00edcia destruiu totalmente, mas n\u00e3o destruiu os meninos, que foram entregues ao crime organizado.<\/p>\n<p>Ou seja, quem estava em busca deste caminh\u00e3o com hero\u00edna era o ex\u00e9rcito, a pol\u00edcia federal, a pol\u00edcia local de Iguala e os narcotraficantes. Isso se converteu num paradigma de cumplicidade entre o governo mexicano e o crime organizado. Quem descobriu o lance da hero\u00edna foi o grupo internacional especializado, que fizeram um trabalho de tr\u00eas meses. Mas depois de descobrirem o caminh\u00e3o de hero\u00edna, o governo mexicano retirou eles de campo.<\/p>\n<p>Isso \u00e9 uma mostra muito clara de toda articula\u00e7\u00e3o, e de que h\u00e1 uma estrat\u00e9gia bem organizada onde o principal objetivo \u00e9 controlar o povo e manifestar o poder do governo frente \u00e0 popula\u00e7\u00e3o, para que n\u00f3s fiquemos parados diante das reformas estruturais e os saques que est\u00e3o fazendo sobre os recursos do pa\u00eds.<\/p>\n<p>Em contraponto a estas estrat\u00e9gias, temos o Papa Francisco que vem denunciando constantemente as mazelas do mundo, apontando que os problemas de nossa sociedade s\u00e3o fruto do nosso modelo econ\u00f4mico de desenvolvimento. Como voc\u00ea avalia o papel que Francisco est\u00e1 cumprindo?<\/p>\n<p>O papel do Papa \u00e9 muito importante. H\u00e1 um texto que Jesus leu no dia em que regressou a sua terra onde cresceu, Nazar\u00e9. Como era seu costume, foi \u00e0 Sinagoga e leu um trecho do Livro de Jeremias. Jesus disse: &#8220;O esp\u00edrito do Senhor est\u00e1 sobre mim porque ele veio para anunciar boas not\u00edcias para os pobres. Anunciar a liberta\u00e7\u00e3o dos presos, animar os cora\u00e7\u00f5es desanimados\u201d.<\/p>\n<p>Estes prisioneiros, hoje em dia, s\u00e3o as pessoas ganhando o sal\u00e1rio que ganham, prisioneiras de um sistema, ao n\u00e3o terem acesso a um trabalho digno. Tudo o que h\u00e1 neste momento s\u00e3o pessoas aprisionadas. O mais interessante \u00e9 que Jesus disse que estes prisioneiros v\u00e3o ser glorificados, v\u00e3o ser reconstrutores de cidades destru\u00eddas, povoadores de terras abandonadas, ministros do senhor, que significa tamb\u00e9m administrar o mundo e devolv\u00ea-lo a Deus um mundo livre de pecado, que significa ser livre de pris\u00f5es injustas, da fome, de assassinatos, de tudo o que vemos hoje em dia.<\/p>\n<p>Quem vai libertar o mundo? S\u00e3o estes &#8216;prisioneiros&#8217;. Ou seja, o Papa, e me recordo o que ele disse durante o encontro com os movimentos populares em Santa Cruz de la Sierra (Bol\u00edvia): \u201cvoc\u00eas, os exclu\u00eddos, que est\u00e3o organizados para lutar por um teto, por um trabalho e pela terra &#8211; nestes tr\u00eas pontos est\u00e3o a liberdade, mas tamb\u00e9m est\u00e1 a sa\u00fade, a educa\u00e7\u00e3o, o direito a uma vida digna e integral -, s\u00e3o os salvadores do mundo\u201d. Isto \u00e9 que Francisco nos est\u00e1 dizendo, que se o mundo de hoje est\u00e1 sendo administrado a favor de 1% da popula\u00e7\u00e3o mundial, que s\u00e3o os grandes financeiros, banqueiros, empres\u00e1rios, os ricos do mundo, est\u00e1 nos pobres a for\u00e7a libertadora desta Terra.<\/p>\n<p>O Papa est\u00e1 apontando o que disse Jesus: ser sujeitos, voc\u00eas que &#8220;n\u00e3o s\u00e3o nada&#8221; v\u00e3o fazer um mar de justi\u00e7a. O caminho \u00e9 facilitar que as pessoas marginalizadas comecem a ser sujeitos e construtores de uma nova sociedade. Uma das grandes intui\u00e7\u00f5es de Francisco \u00e9 levar a Igreja outra vez a entender que a constru\u00e7\u00e3o do reino de Deus n\u00e3o \u00e9 construir a Igreja para si mesma, mas coloca-l\u00e1 no meio da problem\u00e1tica do mundo de hoje.<\/p>\n<p>Francisco denuncia toda as artimanhas e toda a mentalidade do antropocentrismo, antropomorfismo, a tecnocracia. Francisco est\u00e1 falando da constru\u00e7\u00e3o da f\u00e9. A f\u00e9 tem a ver com a constru\u00e7\u00e3o do mundo, com um modelo de sociedade, com um sentido da vida humana. Por isso que Francisco \u00e9 compreendido muito bem por sociedades que n\u00e3o s\u00e3o crist\u00e3s. Os crist\u00e3os t\u00eam que colocar os olhos em todos os resultados de uma p\u00e9ssima administra\u00e7\u00e3o da Terra e de uma p\u00e9ssima maneira de governar o mundo, porque os grandes ricos do mundo e os pol\u00edticos est\u00e3o a servi\u00e7o do dinheiro.<\/p>\n<p>Acredita que com esse posicionamento Francisco esteja incomodando muita gente?<\/p>\n<p>Claro! Por isso a cada momento ele pede que rezemos por ele, porque sabe que podem assassin\u00e1-lo. Volto outra vez ao discurso de Santa Cruz de la Sierra, que foi muito claro. Disse que h\u00e1 a necessidade de mudan\u00e7as na Terra. Francisco sabe que tem interlocutores que dizem a ele: \u201co que est\u00e1 fazendo? O mundo est\u00e1 bem.&#8221;<\/p>\n<p>Francisco sabe que tem interlocutores muito incomodados quando ele fala de desigualdade, de pobreza e de justi\u00e7a. A grande diferen\u00e7a de Francisco \u00e9 que ele fala quais s\u00e3o as causas. Jo\u00e3o Paulo II disse: o mau tem rosto e tem nome.<\/p>\n<p>Logo ap\u00f3s conclu\u00eddo o impeachment de Dilma Rousseff, Francisco protestou contra o processo em curso no Brasil. Como voc\u00ea avalia o atual momento pol\u00edtico brasileiro?<\/p>\n<p>Eu estive no grupo internacional que foi convocado pelos movimentos sociais no Brasil para qualificar o impeachment, e chegamos a conclus\u00e3o de que houve um golpe de Estado, que n\u00e3o tinha jurisprud\u00eancia para dizer que Dilma havia cometido crime. Isso n\u00e3o \u00e9 mais que um artif\u00edcio dos grandes ricos do mundo, que se valem dos servi\u00e7os que cumprem os pol\u00edticos para se distanciar de um processo social, de um governo que se preocupava com os pobres.<\/p>\n<p>A prova \u00e9 que logo no primeiro dia come\u00e7aram a suspender todos os programas sociais. \u00c9 uma mostra internacional do cinismo dos pol\u00edticos atuais. Uma grande parte destes senhores que Temer colocou em seu gabinete s\u00e3o pessoas que tem problemas de corrup\u00e7\u00e3o. \u00c9 um golpe suave de Estado.<\/p>\n<p>Mas isso tamb\u00e9m tem a ver com a falta de preven\u00e7\u00e3o dos governos que tem um sentido social. Eles teriam que ter amarrado tudo na Constitui\u00e7\u00e3o para que todas estas conquistas n\u00e3o sejam retiradas. E tem que promover um pensamento hegem\u00f4nico, um pensamento no povo do que deve ser um novo modo de consci\u00eancia, porque os meios de comunica\u00e7\u00e3o tamb\u00e9m se valem disso. Isto \u00e9 outra coisa que tem que ser levado em conta, o modo de governar. O modo de governar tem que criar o sujeito, e o sujeito que verdadeiramente esteja intervindo no governo. Isto \u00e9 muito importante. O Brasil \u00e9 uma mostra de que n\u00e3o fizeram as reformar que tinham que ser feitas, como regular os meios de comunica\u00e7\u00e3o, ai deixaram a Globo sozinha e fez o que teve vontade de fazer.<\/p>\n<p>Essas 54 milh\u00f5es de pessoas que votaram na Dilma teriam que ter sa\u00eddo \u00e0s ruas para dizer &#8220;voc\u00eas n\u00e3o v\u00e3o tir\u00e1-la, n\u00e3o&#8217;. Como pode poucos senadores tirar Dilma do poder? Isto \u00e9 um erro e um problema que temos que resolver.<\/p>\n<p>Quais sa\u00eddas voc\u00ea identifica para estes processos?<\/p>\n<p>No M\u00e9xico, frente a situa\u00e7\u00e3o que estamos vivendo, n\u00e3o vemos outra sa\u00edda sen\u00e3o uma nova constituinte, mas uma constituinte que seja escrita pelo povo. Nesse per\u00edodo temos que juntar pelo menos 60% dos cidad\u00e3os, que teriam que estar ativamente no processo de constitui\u00e7\u00e3o de uma nova Carta M\u00e1gna.<\/p>\n<p>Depois, tendo um di\u00e1logo nacional e um enorme n\u00famero de participantes, realizar uma elei\u00e7\u00e3o por consenso, j\u00e1 n\u00e3o mais pelos partidos pol\u00edticos, que s\u00e3o quem est\u00e3o fazendo todas estas barbaridades, s\u00e3o elites que se colocam a governar. Por um m\u00e9todo de consenso que est\u00e1 no mundo ind\u00edgena, introduzido na constitui\u00e7\u00e3o da Bol\u00edvia, e \u00e9 muito prov\u00e1vel que sirva para os povos ind\u00edgenas que s\u00e3o a maioria (no M\u00e9xico). J\u00e1 n\u00e3o mais pelas maiorias representativas, que n\u00e3o necessariamente s\u00e3o as maiorias populares.<\/p>\n<p>Tem que ser por um consenso de toda a popula\u00e7\u00e3o, fazer uma vota\u00e7\u00e3o formal e depois cercar o Congresso e dizer: &#8216;aqui est\u00e3o os novos deputados e voc\u00eas est\u00e3o de f\u00e9rias, j\u00e1 n\u00e3o os queremos mais por aqui&#8217;. E come\u00e7ar um processo de democracia participativa. Temos tempo para fazer e existem muitas experi\u00eancias no mundo. Muitos pa\u00edses est\u00e3o buscando isso, porque as causas s\u00e3o globais.<\/p>\n<p>Edi\u00e7\u00e3o: Jos\u00e9 Eduardo Bernardes<\/p>\n","protected":false},"excerpt":{"rendered":"<p>Mexicano ganhador do Pr\u00eamio Rafto fala sobre a situa\u00e7\u00e3o de seu pa\u00eds, do Papa Francisco e do golpe no Brasil.<\/p>\n","protected":false},"author":1,"featured_media":0,"comment_status":"closed","ping_status":"open","sticky":false,"template":"","format":"standard","meta":{"_exactmetrics_skip_tracking":false,"_exactmetrics_sitenote_active":false,"_exactmetrics_sitenote_note":"","_exactmetrics_sitenote_category":0,"jetpack_post_was_ever_published":false,"_jetpack_newsletter_access":"","_jetpack_dont_email_post_to_subs":false,"_jetpack_newsletter_tier_id":0,"_jetpack_memberships_contains_paywalled_content":false,"_jetpack_memberships_contains_paid_content":false,"footnotes":"","jetpack_publicize_message":"","jetpack_publicize_feature_enabled":true,"jetpack_social_post_already_shared":true,"jetpack_social_options":{"image_generator_settings":{"template":"highway","enabled":false},"version":2}},"categories":[1],"tags":[],"class_list":["post-4260","post","type-post","status-publish","format-standard","hentry","category-notas"],"jetpack_publicize_connections":[],"jetpack_sharing_enabled":true,"jetpack_featured_media_url":"","jetpack_shortlink":"https:\/\/wp.me\/p7wKYW-16I","jetpack-related-posts":[],"_links":{"self":[{"href":"http:\/\/blogdalucianaoliveira.com.br\/blog\/wp-json\/wp\/v2\/posts\/4260","targetHints":{"allow":["GET"]}}],"collection":[{"href":"http:\/\/blogdalucianaoliveira.com.br\/blog\/wp-json\/wp\/v2\/posts"}],"about":[{"href":"http:\/\/blogdalucianaoliveira.com.br\/blog\/wp-json\/wp\/v2\/types\/post"}],"author":[{"embeddable":true,"href":"http:\/\/blogdalucianaoliveira.com.br\/blog\/wp-json\/wp\/v2\/users\/1"}],"replies":[{"embeddable":true,"href":"http:\/\/blogdalucianaoliveira.com.br\/blog\/wp-json\/wp\/v2\/comments?post=4260"}],"version-history":[{"count":1,"href":"http:\/\/blogdalucianaoliveira.com.br\/blog\/wp-json\/wp\/v2\/posts\/4260\/revisions"}],"predecessor-version":[{"id":4262,"href":"http:\/\/blogdalucianaoliveira.com.br\/blog\/wp-json\/wp\/v2\/posts\/4260\/revisions\/4262"}],"wp:attachment":[{"href":"http:\/\/blogdalucianaoliveira.com.br\/blog\/wp-json\/wp\/v2\/media?parent=4260"}],"wp:term":[{"taxonomy":"category","embeddable":true,"href":"http:\/\/blogdalucianaoliveira.com.br\/blog\/wp-json\/wp\/v2\/categories?post=4260"},{"taxonomy":"post_tag","embeddable":true,"href":"http:\/\/blogdalucianaoliveira.com.br\/blog\/wp-json\/wp\/v2\/tags?post=4260"}],"curies":[{"name":"wp","href":"https:\/\/api.w.org\/{rel}","templated":true}]}}