{"id":4263,"date":"2016-09-23T11:53:05","date_gmt":"2016-09-23T15:53:05","guid":{"rendered":"http:\/\/blogdalucianaoliveira.com.br\/blog\/?p=4263"},"modified":"2016-09-23T11:53:05","modified_gmt":"2016-09-23T15:53:05","slug":"nem-por-isso-havera-arrego","status":"publish","type":"post","link":"http:\/\/blogdalucianaoliveira.com.br\/blog\/2016\/09\/23\/nem-por-isso-havera-arrego\/","title":{"rendered":"Nem por isso haver\u00e1 arrego"},"content":{"rendered":"<p><img data-recalc-dims=\"1\" loading=\"lazy\" decoding=\"async\" data-attachment-id=\"4264\" data-permalink=\"http:\/\/blogdalucianaoliveira.com.br\/blog\/2016\/09\/23\/nem-por-isso-havera-arrego\/exercito\/\" data-orig-file=\"https:\/\/i0.wp.com\/blogdalucianaoliveira.com.br\/blog\/wp-content\/uploads\/2016\/09\/exercito.jpg?fit=640%2C426\" data-orig-size=\"640,426\" data-comments-opened=\"0\" data-image-meta=\"{&quot;aperture&quot;:&quot;0&quot;,&quot;credit&quot;:&quot;&quot;,&quot;camera&quot;:&quot;&quot;,&quot;caption&quot;:&quot;&quot;,&quot;created_timestamp&quot;:&quot;0&quot;,&quot;copyright&quot;:&quot;&quot;,&quot;focal_length&quot;:&quot;0&quot;,&quot;iso&quot;:&quot;0&quot;,&quot;shutter_speed&quot;:&quot;0&quot;,&quot;title&quot;:&quot;&quot;,&quot;orientation&quot;:&quot;0&quot;}\" data-image-title=\"exercito\" data-image-description=\"\" data-image-caption=\"\" data-medium-file=\"https:\/\/i0.wp.com\/blogdalucianaoliveira.com.br\/blog\/wp-content\/uploads\/2016\/09\/exercito.jpg?fit=300%2C200\" data-large-file=\"https:\/\/i0.wp.com\/blogdalucianaoliveira.com.br\/blog\/wp-content\/uploads\/2016\/09\/exercito.jpg?fit=600%2C399\" src=\"https:\/\/i0.wp.com\/blogdalucianaoliveira.com.br\/blog\/wp-content\/uploads\/2016\/09\/exercito.jpg?resize=600%2C399\" alt=\"exercito\" width=\"600\" height=\"399\" class=\"alignnone size-full wp-image-4264\" srcset=\"https:\/\/i0.wp.com\/blogdalucianaoliveira.com.br\/blog\/wp-content\/uploads\/2016\/09\/exercito.jpg?w=640 640w, https:\/\/i0.wp.com\/blogdalucianaoliveira.com.br\/blog\/wp-content\/uploads\/2016\/09\/exercito.jpg?resize=300%2C200 300w, https:\/\/i0.wp.com\/blogdalucianaoliveira.com.br\/blog\/wp-content\/uploads\/2016\/09\/exercito.jpg?resize=451%2C300 451w\" sizes=\"auto, (max-width: 600px) 100vw, 600px\" \/><\/p>\n<p>Ex\u00e9rcito admite realiza\u00e7\u00e3o de \u201copera\u00e7\u00f5es de intelig\u00eancia\u201d em protestos. Infiltra\u00e7\u00e3o em manifesta\u00e7\u00f5es contra o governo Temer, entretanto, n\u00e3o foram confirmadas.<!--more--><\/p>\n<p>No Brasil de Fato<\/p>\n<p>O Ex\u00e9rcito brasileiro admitiu realizar, permanentemente, \u201copera\u00e7\u00f5es de intelig\u00eancia\u201d durante \u201cmanifesta\u00e7\u00f5es de rua\u201d. A revela\u00e7\u00e3o vem \u00e0 tona duas semanas ap\u00f3s um capit\u00e3o ter sido detido \u2013 e liberado \u2013 pela Pol\u00edcia Militar junto a jovens que se preparavam para ir a um protesto contra o governo n\u00e3o eleito de Michel Temer (PMDB).<\/p>\n<p>As declara\u00e7\u00f5es foram divulgadas pelo portal de not\u00edcias G1. O Ex\u00e9rcito, entretanto, n\u00e3o confirmou se o capit\u00e3o atuava como infiltrado sob ordens e se tinha autoriza\u00e7\u00e3o judicial para suas a\u00e7\u00f5es.<\/p>\n<p>Caso<\/p>\n<p>O oficial de intelig\u00eancia Willian Pina Botelho, 37, utilizou um perfil falso em redes sociais para se infiltrar em organiza\u00e7\u00f5es de esquerda e entrar em contato com militantes anti-Temer. Se passando por militante &#8211; sob o nome de Balta Nunes -, de acordo com o relato de jovens detidos, indicou o local de reuni\u00e3o antes de irem a um protesto contra o governo.<\/p>\n<p>A deten\u00e7\u00e3o envolveu diversos policiais, viaturas e at\u00e9 mesmo um helic\u00f3ptero. Os manifestantes foram encaminhados para o Departamento Estadual de Investiga\u00e7\u00f5es Criminais (Deic), enquanto Botelho foi liberado. Ap\u00f3s a revela\u00e7\u00e3o do caso, o militar chegou a tentar manter a utiliza\u00e7\u00e3o de perfis falsos, afirmando, inclusive, que teria sido liberado por ter subornado policiais.<\/p>\n<p>Os minist\u00e9rios p\u00fablicos estadual e federal abriram investiga\u00e7\u00f5es para determinar se Botelho agia sob ordens do Ex\u00e9rcito e em que medida sua atua\u00e7\u00e3o estava articulada com as pol\u00edcias civil e militar.<\/p>\n<p>Edi\u00e7\u00e3o: Jos\u00e9 Eduardo Bernardes<\/p>\n","protected":false},"excerpt":{"rendered":"<p>Ex\u00e9rcito admite realiza\u00e7\u00e3o de \u201copera\u00e7\u00f5es de intelig\u00eancia\u201d em protestos. Infiltra\u00e7\u00e3o em manifesta\u00e7\u00f5es contra o governo Temer, entretanto, n\u00e3o foram confirmadas.<\/p>\n","protected":false},"author":1,"featured_media":0,"comment_status":"closed","ping_status":"open","sticky":false,"template":"","format":"standard","meta":{"_exactmetrics_skip_tracking":false,"_exactmetrics_sitenote_active":false,"_exactmetrics_sitenote_note":"","_exactmetrics_sitenote_category":0,"jetpack_post_was_ever_published":false,"_jetpack_newsletter_access":"","_jetpack_dont_email_post_to_subs":false,"_jetpack_newsletter_tier_id":0,"_jetpack_memberships_contains_paywalled_content":false,"_jetpack_memberships_contains_paid_content":false,"footnotes":"","jetpack_publicize_message":"","jetpack_publicize_feature_enabled":true,"jetpack_social_post_already_shared":true,"jetpack_social_options":{"image_generator_settings":{"template":"highway","enabled":false},"version":2}},"categories":[1],"tags":[],"class_list":["post-4263","post","type-post","status-publish","format-standard","hentry","category-notas"],"jetpack_publicize_connections":[],"jetpack_sharing_enabled":true,"jetpack_featured_media_url":"","jetpack_shortlink":"https:\/\/wp.me\/p7wKYW-16L","jetpack-related-posts":[],"_links":{"self":[{"href":"http:\/\/blogdalucianaoliveira.com.br\/blog\/wp-json\/wp\/v2\/posts\/4263","targetHints":{"allow":["GET"]}}],"collection":[{"href":"http:\/\/blogdalucianaoliveira.com.br\/blog\/wp-json\/wp\/v2\/posts"}],"about":[{"href":"http:\/\/blogdalucianaoliveira.com.br\/blog\/wp-json\/wp\/v2\/types\/post"}],"author":[{"embeddable":true,"href":"http:\/\/blogdalucianaoliveira.com.br\/blog\/wp-json\/wp\/v2\/users\/1"}],"replies":[{"embeddable":true,"href":"http:\/\/blogdalucianaoliveira.com.br\/blog\/wp-json\/wp\/v2\/comments?post=4263"}],"version-history":[{"count":1,"href":"http:\/\/blogdalucianaoliveira.com.br\/blog\/wp-json\/wp\/v2\/posts\/4263\/revisions"}],"predecessor-version":[{"id":4265,"href":"http:\/\/blogdalucianaoliveira.com.br\/blog\/wp-json\/wp\/v2\/posts\/4263\/revisions\/4265"}],"wp:attachment":[{"href":"http:\/\/blogdalucianaoliveira.com.br\/blog\/wp-json\/wp\/v2\/media?parent=4263"}],"wp:term":[{"taxonomy":"category","embeddable":true,"href":"http:\/\/blogdalucianaoliveira.com.br\/blog\/wp-json\/wp\/v2\/categories?post=4263"},{"taxonomy":"post_tag","embeddable":true,"href":"http:\/\/blogdalucianaoliveira.com.br\/blog\/wp-json\/wp\/v2\/tags?post=4263"}],"curies":[{"name":"wp","href":"https:\/\/api.w.org\/{rel}","templated":true}]}}