{"id":4269,"date":"2016-09-23T12:10:30","date_gmt":"2016-09-23T16:10:30","guid":{"rendered":"http:\/\/blogdalucianaoliveira.com.br\/blog\/?p=4269"},"modified":"2016-09-23T12:59:14","modified_gmt":"2016-09-23T16:59:14","slug":"foto-de-temer-bomba-no-instagram-da-onu-so-que-por-comentarios-pedindo-sua-saida","status":"publish","type":"post","link":"http:\/\/blogdalucianaoliveira.com.br\/blog\/2016\/09\/23\/foto-de-temer-bomba-no-instagram-da-onu-so-que-por-comentarios-pedindo-sua-saida\/","title":{"rendered":"Foto de Temer &#8216;bomba&#8217; no instagram da ONU. S\u00f3 que por coment\u00e1rios pedindo sua sa\u00edda"},"content":{"rendered":"<p><img data-recalc-dims=\"1\" loading=\"lazy\" decoding=\"async\" data-attachment-id=\"4271\" data-permalink=\"http:\/\/blogdalucianaoliveira.com.br\/blog\/2016\/09\/23\/foto-de-temer-bomba-no-instagram-da-onu-so-que-por-comentarios-pedindo-sua-saida\/vampiro\/\" data-orig-file=\"https:\/\/i0.wp.com\/blogdalucianaoliveira.com.br\/blog\/wp-content\/uploads\/2016\/09\/vampiro.png?fit=598%2C445\" data-orig-size=\"598,445\" data-comments-opened=\"0\" data-image-meta=\"{&quot;aperture&quot;:&quot;0&quot;,&quot;credit&quot;:&quot;&quot;,&quot;camera&quot;:&quot;&quot;,&quot;caption&quot;:&quot;&quot;,&quot;created_timestamp&quot;:&quot;0&quot;,&quot;copyright&quot;:&quot;&quot;,&quot;focal_length&quot;:&quot;0&quot;,&quot;iso&quot;:&quot;0&quot;,&quot;shutter_speed&quot;:&quot;0&quot;,&quot;title&quot;:&quot;&quot;,&quot;orientation&quot;:&quot;0&quot;}\" data-image-title=\"vampiro\" data-image-description=\"\" data-image-caption=\"\" data-medium-file=\"https:\/\/i0.wp.com\/blogdalucianaoliveira.com.br\/blog\/wp-content\/uploads\/2016\/09\/vampiro.png?fit=300%2C223\" data-large-file=\"https:\/\/i0.wp.com\/blogdalucianaoliveira.com.br\/blog\/wp-content\/uploads\/2016\/09\/vampiro.png?fit=598%2C445\" src=\"https:\/\/i0.wp.com\/blogdalucianaoliveira.com.br\/blog\/wp-content\/uploads\/2016\/09\/vampiro.png?resize=598%2C445\" alt=\"vampiro\" width=\"598\" height=\"445\" class=\"alignnone size-full wp-image-4271\" srcset=\"https:\/\/i0.wp.com\/blogdalucianaoliveira.com.br\/blog\/wp-content\/uploads\/2016\/09\/vampiro.png?w=598 598w, https:\/\/i0.wp.com\/blogdalucianaoliveira.com.br\/blog\/wp-content\/uploads\/2016\/09\/vampiro.png?resize=300%2C223 300w, https:\/\/i0.wp.com\/blogdalucianaoliveira.com.br\/blog\/wp-content\/uploads\/2016\/09\/vampiro.png?resize=403%2C300 403w\" sizes=\"auto, (max-width: 598px) 100vw, 598px\" \/><\/p>\n<p>Diz a legenda da foto&#8230;<!--more--><\/p>\n<p>\u201cO BRASIL, PA\u00cdS MAIS BIODIVERSO DO MUNDO, DETENTOR DE MATRIZ ENERG\u00c9TICA DAS MAIS LIMPAS, \u00c9 UMA POT\u00caNCIA AMBIENTAL QUE TEM COMPROMISSO INEQU\u00cdVOCO COM O MEIO AMBIENTE.\u201d<\/p>\n<p>O PRESIDENTE DO BRASIL MICHEL TEMER JUNTOU-SE A 150 L\u00cdDERES MUNDIAIS NA ASSEMBLEIA GERAL DAS NA\u00c7\u00d5ES UNIDAS EM NOVA YORK NESTA SEMANA PARA ENCONTRAR PONTOS EM COMUM E TRABALHAR UNIDOS POR SOLU\u00c7\u00d5ES AOS DESAFIOS GLOBAIS.<\/p>\n<p>EM SEU PRIMEIRO DISCURSO NA ASSEMBLEIA GERAL, O PRESIDENTE TEMER MENCIONOU A TURBUL\u00caNCIA POL\u00cdTICA EM SEU PA\u00cdS: \u201cIMPEDIR UM PRESIDENTE N\u00c3O \u00c9 TAREFA TRIVIAL NUM REGIME DEMOCR\u00c1TICO. MAS, N\u00c3O H\u00c1 DEMOCRACIA SEM ESTADO DE DIREITO \u2013 SEM NORMAS QUE SE APLIQUEM A TODOS, INCLUSIVE AOS MAIS PODEROSOS\u201d.<\/p>\n<p>O Blog Jornalistas Livres analisou a repercuss\u00e3o e &#8220;at\u00e9 a quinta pela manh\u00e3 (22\/09), a foto tinha sido vista por quase 30 mil pessoas. Enquanto outros chefes de Estado tinham, no m\u00e1ximo, algumas centenas de coment\u00e1rios, o presidente ileg\u00edtimo brasileiro tinha mais de 17 mil.&#8221;<\/p>\n<p>Dos 400 coment\u00e1rios, 397 foram contra Temer, pedindo sua sa\u00edda.<\/p>\n<p>Segue uma pequena amostra dos coment\u00e1rios.<\/p>\n<p>impeachment process was everything but democratic or law-abiding! a coup d\u2019etat took place in Brazil! #foratemer #coupinbrazil #golpista (o processo de impeachment foi tudo menos democr\u00e1tico ou dentro da lei! Um golpe de Estados aconteceu no Brasil!)<br \/>\nSHAME ON YOU UNITED NATIONS!<\/p>\n<p>YOU ARE SUPPOSED NOT TO SUPPORTING COUPS!!!!<\/p>\n<p>(QUE VERGONHA NA\u00c7\u00d5ES UNIDAS, VOC\u00caS N\u00c3O DEVERIAM APOIAR GOLPES!)<\/p>\n<p>Temer is not a legitimate president. He is only there though a coup. #OutTemer 8#ForaTemer #StopCoupInBrazil (Temer n\u00e3o \u00e9 um Presidente leg\u00edtimo. Ele s\u00f3 est\u00e1 l\u00e1 por um golpe.)<br \/>\nMy president is Dilma!!!!! #foratemer (Minha presidenta \u00e9 Dilma!!!!!)<br \/>\nA PRESIDENT WITHOUT A SINGLE VOTE. #FORATEMER<\/p>\n<p>(UM PRESIDENTE SEM UM \u00daNICO VOTO.)<\/p>\n<p>Presidento de Ningu\u00e9m! #FORATEMER #GOLPISTA<br \/>\nOut with this man! Traitor of the country! Burglar! Enemy of the nation! (Fora com esse homem! Traidor do pa\u00eds! Ladr\u00e3o! Inimigo da Na\u00e7\u00e3o!)<br \/>\n#StopCoupInBrazil We need help! There is no democracy now #TemerOut (#ParemGolpeNo Brasil Precisamos de ajuda! N\u00e3o existe democracia agora @ForTemer)<br \/>\nAS LONG AS WE HAVE TEMER IN POWER WE HAVE NO JUSTICE OR ANY TRUST IN BRAZIL\u2019S INSTITUTIONS. THIS COUNTRY SUFFERED A COUP D\u2019\u00c9TAT.        OUT TEMER<\/p>\n<p>(ENQUANTO TIVERMOS TEMER NO PODER, N\u00c3O TEMOS JUSTI\u00c7A NEM QUALQUER CONFIAN\u00c7A NAS INSTITUI\u00c7\u00d5ES. O PA\u00cdS SOFRE UM GOLPE DE ESTADO.      FORA TEMER)<\/p>\n","protected":false},"excerpt":{"rendered":"<p>Diz a legenda da foto&#8230;<\/p>\n","protected":false},"author":1,"featured_media":0,"comment_status":"closed","ping_status":"open","sticky":false,"template":"","format":"standard","meta":{"_exactmetrics_skip_tracking":false,"_exactmetrics_sitenote_active":false,"_exactmetrics_sitenote_note":"","_exactmetrics_sitenote_category":0,"jetpack_post_was_ever_published":false,"_jetpack_newsletter_access":"","_jetpack_dont_email_post_to_subs":false,"_jetpack_newsletter_tier_id":0,"_jetpack_memberships_contains_paywalled_content":false,"_jetpack_memberships_contains_paid_content":false,"footnotes":"","jetpack_publicize_message":"","jetpack_publicize_feature_enabled":true,"jetpack_social_post_already_shared":true,"jetpack_social_options":{"image_generator_settings":{"template":"highway","enabled":false},"version":2}},"categories":[1],"tags":[],"class_list":["post-4269","post","type-post","status-publish","format-standard","hentry","category-notas"],"jetpack_publicize_connections":[],"jetpack_sharing_enabled":true,"jetpack_featured_media_url":"","jetpack_shortlink":"https:\/\/wp.me\/p7wKYW-16R","jetpack-related-posts":[],"_links":{"self":[{"href":"http:\/\/blogdalucianaoliveira.com.br\/blog\/wp-json\/wp\/v2\/posts\/4269","targetHints":{"allow":["GET"]}}],"collection":[{"href":"http:\/\/blogdalucianaoliveira.com.br\/blog\/wp-json\/wp\/v2\/posts"}],"about":[{"href":"http:\/\/blogdalucianaoliveira.com.br\/blog\/wp-json\/wp\/v2\/types\/post"}],"author":[{"embeddable":true,"href":"http:\/\/blogdalucianaoliveira.com.br\/blog\/wp-json\/wp\/v2\/users\/1"}],"replies":[{"embeddable":true,"href":"http:\/\/blogdalucianaoliveira.com.br\/blog\/wp-json\/wp\/v2\/comments?post=4269"}],"version-history":[{"count":2,"href":"http:\/\/blogdalucianaoliveira.com.br\/blog\/wp-json\/wp\/v2\/posts\/4269\/revisions"}],"predecessor-version":[{"id":4277,"href":"http:\/\/blogdalucianaoliveira.com.br\/blog\/wp-json\/wp\/v2\/posts\/4269\/revisions\/4277"}],"wp:attachment":[{"href":"http:\/\/blogdalucianaoliveira.com.br\/blog\/wp-json\/wp\/v2\/media?parent=4269"}],"wp:term":[{"taxonomy":"category","embeddable":true,"href":"http:\/\/blogdalucianaoliveira.com.br\/blog\/wp-json\/wp\/v2\/categories?post=4269"},{"taxonomy":"post_tag","embeddable":true,"href":"http:\/\/blogdalucianaoliveira.com.br\/blog\/wp-json\/wp\/v2\/tags?post=4269"}],"curies":[{"name":"wp","href":"https:\/\/api.w.org\/{rel}","templated":true}]}}