{"id":4280,"date":"2016-09-23T16:05:27","date_gmt":"2016-09-23T20:05:27","guid":{"rendered":"http:\/\/blogdalucianaoliveira.com.br\/blog\/?p=4280"},"modified":"2016-09-23T16:05:27","modified_gmt":"2016-09-23T20:05:27","slug":"vida-de-lideres-religiosos-deve-valer-mais-segundo-deputado-e-so-a-de-cristaos","status":"publish","type":"post","link":"http:\/\/blogdalucianaoliveira.com.br\/blog\/2016\/09\/23\/vida-de-lideres-religiosos-deve-valer-mais-segundo-deputado-e-so-a-de-cristaos\/","title":{"rendered":"Vida de l\u00edderes religiosos deve valer mais, segundo deputado. E s\u00f3 a de crist\u00e3os"},"content":{"rendered":"<figure id=\"attachment_4282\" aria-describedby=\"caption-attachment-4282\" style=\"width: 2000px\" class=\"wp-caption alignnone\"><img data-recalc-dims=\"1\" loading=\"lazy\" decoding=\"async\" data-attachment-id=\"4282\" data-permalink=\"http:\/\/blogdalucianaoliveira.com.br\/blog\/2016\/09\/23\/vida-de-lideres-religiosos-deve-valer-mais-segundo-deputado-e-so-a-de-cristaos\/dep-professor-victorio-galli-plenario-sessao-ordinaria-2\/\" data-orig-file=\"https:\/\/i0.wp.com\/blogdalucianaoliveira.com.br\/blog\/wp-content\/uploads\/2016\/09\/image-134.jpeg?fit=2000%2C1312\" data-orig-size=\"2000,1312\" data-comments-opened=\"0\" data-image-meta=\"{&quot;aperture&quot;:&quot;2.8&quot;,&quot;credit&quot;:&quot;Gustavo Lima&quot;,&quot;camera&quot;:&quot;NIKON D700&quot;,&quot;caption&quot;:&quot;Dep. Professor Vict\\u00f3rio Galli, plen\\u00e1rio, sess\\u00e3o ordin\\u00e1ria&quot;,&quot;created_timestamp&quot;:&quot;1344367619&quot;,&quot;copyright&quot;:&quot;NBASTIAN&quot;,&quot;focal_length&quot;:&quot;120&quot;,&quot;iso&quot;:&quot;2000&quot;,&quot;shutter_speed&quot;:&quot;0.0125&quot;,&quot;title&quot;:&quot;Dep. Professor Vict\\u00f3rio Galli, plen\\u00e1rio, sess\\u00e3o ordin\\u00e1ria&quot;,&quot;orientation&quot;:&quot;1&quot;}\" data-image-title=\"Dep. Professor Vict\u00f3rio Galli, plen\u00e1rio, sess\u00e3o ordin\u00e1ria\" data-image-description=\"\" data-image-caption=\"&lt;p&gt;Dep. Professor Vict\u00f3rio Galli, plen\u00e1rio, sess\u00e3o ordin\u00e1ria&lt;\/p&gt;\n\" data-medium-file=\"https:\/\/i0.wp.com\/blogdalucianaoliveira.com.br\/blog\/wp-content\/uploads\/2016\/09\/image-134.jpeg?fit=300%2C197\" data-large-file=\"https:\/\/i0.wp.com\/blogdalucianaoliveira.com.br\/blog\/wp-content\/uploads\/2016\/09\/image-134.jpeg?fit=600%2C394\" src=\"https:\/\/i0.wp.com\/blogdalucianaoliveira.com.br\/blog\/wp-content\/uploads\/2016\/09\/image-134.jpeg?resize=600%2C394\" alt=\"Dep. Professor Vict\u00f3rio Galli, plen\u00e1rio, sess\u00e3o ordin\u00e1ria\" width=\"600\" height=\"394\" class=\"size-full wp-image-4282\" srcset=\"https:\/\/i0.wp.com\/blogdalucianaoliveira.com.br\/blog\/wp-content\/uploads\/2016\/09\/image-134.jpeg?w=2000 2000w, https:\/\/i0.wp.com\/blogdalucianaoliveira.com.br\/blog\/wp-content\/uploads\/2016\/09\/image-134.jpeg?resize=300%2C197 300w, https:\/\/i0.wp.com\/blogdalucianaoliveira.com.br\/blog\/wp-content\/uploads\/2016\/09\/image-134.jpeg?resize=457%2C300 457w, https:\/\/i0.wp.com\/blogdalucianaoliveira.com.br\/blog\/wp-content\/uploads\/2016\/09\/image-134.jpeg?w=1200 1200w, https:\/\/i0.wp.com\/blogdalucianaoliveira.com.br\/blog\/wp-content\/uploads\/2016\/09\/image-134.jpeg?w=1800 1800w\" sizes=\"auto, (max-width: 600px) 100vw, 600px\" \/><figcaption id=\"caption-attachment-4282\" class=\"wp-caption-text\">Dep. Professor Vict\u00f3rio Galli, plen\u00e1rio, sess\u00e3o ordin\u00e1ria<\/figcaption><\/figure>\n<p>Est\u00e1 no site da C\u00e2mara o Projeto de Lei 4879\/16, do deputado licenciado Professor Vict\u00f3rio Galli (PSC-MT), que torna homic\u00eddio de l\u00edder religioso crime hediondo e qualificado. <!--more--><\/p>\n<p>&#8220;Por ser uma atividade religiosa de aproxima\u00e7\u00e3o com o p\u00fablico, faz-se necess\u00e1ria uma mudan\u00e7a na legisla\u00e7\u00e3o com o intuito de promover mais prote\u00e7\u00e3o e seguran\u00e7a aos cultos bem como qualquer evento religioso\u201d, disse Galli.<\/p>\n<p><img data-recalc-dims=\"1\" loading=\"lazy\" decoding=\"async\" data-attachment-id=\"4290\" data-permalink=\"http:\/\/blogdalucianaoliveira.com.br\/blog\/2016\/09\/23\/vida-de-lideres-religiosos-deve-valer-mais-segundo-deputado-e-so-a-de-cristaos\/image-940\/\" data-orig-file=\"https:\/\/i0.wp.com\/blogdalucianaoliveira.com.br\/blog\/wp-content\/uploads\/2016\/09\/image-140.jpeg?fit=540%2C699\" data-orig-size=\"540,699\" data-comments-opened=\"0\" data-image-meta=\"{&quot;aperture&quot;:&quot;0&quot;,&quot;credit&quot;:&quot;&quot;,&quot;camera&quot;:&quot;&quot;,&quot;caption&quot;:&quot;&quot;,&quot;created_timestamp&quot;:&quot;0&quot;,&quot;copyright&quot;:&quot;&quot;,&quot;focal_length&quot;:&quot;0&quot;,&quot;iso&quot;:&quot;0&quot;,&quot;shutter_speed&quot;:&quot;0&quot;,&quot;title&quot;:&quot;&quot;,&quot;orientation&quot;:&quot;1&quot;}\" data-image-title=\"image\" data-image-description=\"\" data-image-caption=\"\" data-medium-file=\"https:\/\/i0.wp.com\/blogdalucianaoliveira.com.br\/blog\/wp-content\/uploads\/2016\/09\/image-140.jpeg?fit=232%2C300\" data-large-file=\"https:\/\/i0.wp.com\/blogdalucianaoliveira.com.br\/blog\/wp-content\/uploads\/2016\/09\/image-140.jpeg?fit=540%2C699\" src=\"https:\/\/i0.wp.com\/blogdalucianaoliveira.com.br\/blog\/wp-content\/uploads\/2016\/09\/image-140.jpeg?resize=540%2C699\" alt=\"image\" width=\"540\" height=\"699\" class=\"alignnone size-full wp-image-4290\" srcset=\"https:\/\/i0.wp.com\/blogdalucianaoliveira.com.br\/blog\/wp-content\/uploads\/2016\/09\/image-140.jpeg?w=540 540w, https:\/\/i0.wp.com\/blogdalucianaoliveira.com.br\/blog\/wp-content\/uploads\/2016\/09\/image-140.jpeg?resize=232%2C300 232w\" sizes=\"auto, (max-width: 540px) 100vw, 540px\" \/><\/p>\n<p>A vida de religiosos, crist\u00e3os, passaria a ter mais valor. <\/p>\n<p>Mas, e o mandamento crist\u00e3o: amai ao pr\u00f3ximo como a ti mesmo? <\/p>\n<p>Bom&#8230;<\/p>\n<p>\u00c9 mais uma proposta bizarra de um deputado que coloca como ultraconservadore. <\/p>\n<p>Em seu site, h\u00e1 outras igualmente injustific\u00e1veis. <\/p>\n<p>Veja: <\/p>\n<p><img data-recalc-dims=\"1\" loading=\"lazy\" decoding=\"async\" data-attachment-id=\"4288\" data-permalink=\"http:\/\/blogdalucianaoliveira.com.br\/blog\/2016\/09\/23\/vida-de-lideres-religiosos-deve-valer-mais-segundo-deputado-e-so-a-de-cristaos\/image-939\/\" data-orig-file=\"https:\/\/i0.wp.com\/blogdalucianaoliveira.com.br\/blog\/wp-content\/uploads\/2016\/09\/image-139.jpeg?fit=667%2C1101\" data-orig-size=\"667,1101\" data-comments-opened=\"0\" data-image-meta=\"{&quot;aperture&quot;:&quot;0&quot;,&quot;credit&quot;:&quot;&quot;,&quot;camera&quot;:&quot;&quot;,&quot;caption&quot;:&quot;&quot;,&quot;created_timestamp&quot;:&quot;0&quot;,&quot;copyright&quot;:&quot;&quot;,&quot;focal_length&quot;:&quot;0&quot;,&quot;iso&quot;:&quot;0&quot;,&quot;shutter_speed&quot;:&quot;0&quot;,&quot;title&quot;:&quot;&quot;,&quot;orientation&quot;:&quot;0&quot;}\" data-image-title=\"image\" data-image-description=\"\" data-image-caption=\"\" data-medium-file=\"https:\/\/i0.wp.com\/blogdalucianaoliveira.com.br\/blog\/wp-content\/uploads\/2016\/09\/image-139.jpeg?fit=182%2C300\" data-large-file=\"https:\/\/i0.wp.com\/blogdalucianaoliveira.com.br\/blog\/wp-content\/uploads\/2016\/09\/image-139.jpeg?fit=600%2C990\" src=\"https:\/\/i0.wp.com\/blogdalucianaoliveira.com.br\/blog\/wp-content\/uploads\/2016\/09\/image-139.jpeg?resize=600%2C990\" alt=\"image\" width=\"600\" height=\"990\" class=\"alignnone size-full wp-image-4288\" srcset=\"https:\/\/i0.wp.com\/blogdalucianaoliveira.com.br\/blog\/wp-content\/uploads\/2016\/09\/image-139.jpeg?w=667 667w, https:\/\/i0.wp.com\/blogdalucianaoliveira.com.br\/blog\/wp-content\/uploads\/2016\/09\/image-139.jpeg?resize=182%2C300 182w\" sizes=\"auto, (max-width: 600px) 100vw, 600px\" \/><\/p>\n","protected":false},"excerpt":{"rendered":"<p>Est\u00e1 no site da C\u00e2mara o Projeto de Lei 4879\/16, do deputado licenciado Professor Vict\u00f3rio Galli (PSC-MT), que torna homic\u00eddio de l\u00edder religioso crime hediondo e qualificado.<\/p>\n","protected":false},"author":1,"featured_media":0,"comment_status":"closed","ping_status":"open","sticky":false,"template":"","format":"standard","meta":{"_exactmetrics_skip_tracking":false,"_exactmetrics_sitenote_active":false,"_exactmetrics_sitenote_note":"","_exactmetrics_sitenote_category":0,"jetpack_post_was_ever_published":false,"_jetpack_newsletter_access":"","_jetpack_dont_email_post_to_subs":false,"_jetpack_newsletter_tier_id":0,"_jetpack_memberships_contains_paywalled_content":false,"_jetpack_memberships_contains_paid_content":false,"footnotes":"","jetpack_publicize_message":"","jetpack_publicize_feature_enabled":true,"jetpack_social_post_already_shared":true,"jetpack_social_options":{"image_generator_settings":{"template":"highway","enabled":false},"version":2}},"categories":[1],"tags":[],"class_list":["post-4280","post","type-post","status-publish","format-standard","hentry","category-notas"],"jetpack_publicize_connections":[],"jetpack_sharing_enabled":true,"jetpack_featured_media_url":"","jetpack_shortlink":"https:\/\/wp.me\/p7wKYW-172","jetpack-related-posts":[],"_links":{"self":[{"href":"http:\/\/blogdalucianaoliveira.com.br\/blog\/wp-json\/wp\/v2\/posts\/4280","targetHints":{"allow":["GET"]}}],"collection":[{"href":"http:\/\/blogdalucianaoliveira.com.br\/blog\/wp-json\/wp\/v2\/posts"}],"about":[{"href":"http:\/\/blogdalucianaoliveira.com.br\/blog\/wp-json\/wp\/v2\/types\/post"}],"author":[{"embeddable":true,"href":"http:\/\/blogdalucianaoliveira.com.br\/blog\/wp-json\/wp\/v2\/users\/1"}],"replies":[{"embeddable":true,"href":"http:\/\/blogdalucianaoliveira.com.br\/blog\/wp-json\/wp\/v2\/comments?post=4280"}],"version-history":[{"count":2,"href":"http:\/\/blogdalucianaoliveira.com.br\/blog\/wp-json\/wp\/v2\/posts\/4280\/revisions"}],"predecessor-version":[{"id":4291,"href":"http:\/\/blogdalucianaoliveira.com.br\/blog\/wp-json\/wp\/v2\/posts\/4280\/revisions\/4291"}],"wp:attachment":[{"href":"http:\/\/blogdalucianaoliveira.com.br\/blog\/wp-json\/wp\/v2\/media?parent=4280"}],"wp:term":[{"taxonomy":"category","embeddable":true,"href":"http:\/\/blogdalucianaoliveira.com.br\/blog\/wp-json\/wp\/v2\/categories?post=4280"},{"taxonomy":"post_tag","embeddable":true,"href":"http:\/\/blogdalucianaoliveira.com.br\/blog\/wp-json\/wp\/v2\/tags?post=4280"}],"curies":[{"name":"wp","href":"https:\/\/api.w.org\/{rel}","templated":true}]}}