{"id":4325,"date":"2016-09-24T14:51:44","date_gmt":"2016-09-24T18:51:44","guid":{"rendered":"http:\/\/blogdalucianaoliveira.com.br\/blog\/?p=4325"},"modified":"2016-09-24T14:52:47","modified_gmt":"2016-09-24T18:52:47","slug":"vou-me-embora-pra-sao-jose-do-egito","status":"publish","type":"post","link":"http:\/\/blogdalucianaoliveira.com.br\/blog\/2016\/09\/24\/vou-me-embora-pra-sao-jose-do-egito\/","title":{"rendered":"Vou-me embora pra S\u00e3o Jos\u00e9 do Egito"},"content":{"rendered":"<p><img data-recalc-dims=\"1\" loading=\"lazy\" decoding=\"async\" data-attachment-id=\"4327\" data-permalink=\"http:\/\/blogdalucianaoliveira.com.br\/blog\/2016\/09\/24\/vou-me-embora-pra-sao-jose-do-egito\/image-971\/\" data-orig-file=\"https:\/\/i0.wp.com\/blogdalucianaoliveira.com.br\/blog\/wp-content\/uploads\/2016\/09\/image-171.jpeg?fit=750%2C918\" data-orig-size=\"750,918\" data-comments-opened=\"0\" data-image-meta=\"{&quot;aperture&quot;:&quot;0&quot;,&quot;credit&quot;:&quot;&quot;,&quot;camera&quot;:&quot;&quot;,&quot;caption&quot;:&quot;&quot;,&quot;created_timestamp&quot;:&quot;0&quot;,&quot;copyright&quot;:&quot;&quot;,&quot;focal_length&quot;:&quot;0&quot;,&quot;iso&quot;:&quot;0&quot;,&quot;shutter_speed&quot;:&quot;0&quot;,&quot;title&quot;:&quot;&quot;,&quot;orientation&quot;:&quot;0&quot;}\" data-image-title=\"image\" data-image-description=\"\" data-image-caption=\"\" data-medium-file=\"https:\/\/i0.wp.com\/blogdalucianaoliveira.com.br\/blog\/wp-content\/uploads\/2016\/09\/image-171.jpeg?fit=245%2C300\" data-large-file=\"https:\/\/i0.wp.com\/blogdalucianaoliveira.com.br\/blog\/wp-content\/uploads\/2016\/09\/image-171.jpeg?fit=600%2C734\" src=\"https:\/\/i0.wp.com\/blogdalucianaoliveira.com.br\/blog\/wp-content\/uploads\/2016\/09\/image-171.jpeg?resize=600%2C734\" alt=\"image\" width=\"600\" height=\"734\" class=\"alignnone size-full wp-image-4327\" srcset=\"https:\/\/i0.wp.com\/blogdalucianaoliveira.com.br\/blog\/wp-content\/uploads\/2016\/09\/image-171.jpeg?w=750 750w, https:\/\/i0.wp.com\/blogdalucianaoliveira.com.br\/blog\/wp-content\/uploads\/2016\/09\/image-171.jpeg?resize=245%2C300 245w\" sizes=\"auto, (max-width: 600px) 100vw, 600px\" \/><\/p>\n<p>Do Brasil de Fato<\/p>\n<p>Cpital nordestina da poesia popular. N\u00e3o demora para logo pensarmos em S\u00e3o Jos\u00e9 do Egito, no Sert\u00e3o do Paje\u00fa. <!--more--><\/p>\n<p>\u00c9 assim que a cidade \u00e9 conhecida desde muito tempo. Localizada a 402 km do Recife e com pouco mais de 30 mil habitantes, S\u00e3o Jos\u00e9 do Egito respira e exala os versos populares. Seus habitantes carregam a poesia como sobrenome e alguns dos seus expoentes s\u00e3o reconhecidos no Brasil todo. Ant\u00f4nio Marinho, Dimas, Otac\u00edlio, Lourival Batista, M\u00e1rio Gomes, Canc\u00e3o e tantos outros.<\/p>\n<p>A lenda \u00e9 que h\u00e1 muito tempo uma viola foi enterrada no leito do Rio Paje\u00fa e quem bebe dessa \u00e1gua vira poeta. A hist\u00f3ria diz que a sonoridade do bai\u00e3o de viola chegou no per\u00edodo da coloniza\u00e7\u00e3o portuguesa e tem influ\u00eancia dos mouros e mu\u00e7ulmanos. A tradi\u00e7\u00e3o \u00e9 passada de gera\u00e7\u00e3o para gera\u00e7\u00e3o por dentro das fam\u00edlias, no cotidiano da cidade. <\/p>\n","protected":false},"excerpt":{"rendered":"<p>Do Brasil de Fato Cpital nordestina da poesia popular. N\u00e3o demora para logo pensarmos em S\u00e3o Jos\u00e9 do Egito, no Sert\u00e3o do Paje\u00fa.<\/p>\n","protected":false},"author":1,"featured_media":0,"comment_status":"closed","ping_status":"open","sticky":false,"template":"","format":"standard","meta":{"_exactmetrics_skip_tracking":false,"_exactmetrics_sitenote_active":false,"_exactmetrics_sitenote_note":"","_exactmetrics_sitenote_category":0,"jetpack_post_was_ever_published":false,"_jetpack_newsletter_access":"","_jetpack_dont_email_post_to_subs":false,"_jetpack_newsletter_tier_id":0,"_jetpack_memberships_contains_paywalled_content":false,"_jetpack_memberships_contains_paid_content":false,"footnotes":"","jetpack_publicize_message":"","jetpack_publicize_feature_enabled":true,"jetpack_social_post_already_shared":true,"jetpack_social_options":{"image_generator_settings":{"template":"highway","enabled":false},"version":2}},"categories":[1],"tags":[],"class_list":["post-4325","post","type-post","status-publish","format-standard","hentry","category-notas"],"jetpack_publicize_connections":[],"jetpack_sharing_enabled":true,"jetpack_featured_media_url":"","jetpack_shortlink":"https:\/\/wp.me\/p7wKYW-17L","jetpack-related-posts":[],"_links":{"self":[{"href":"http:\/\/blogdalucianaoliveira.com.br\/blog\/wp-json\/wp\/v2\/posts\/4325","targetHints":{"allow":["GET"]}}],"collection":[{"href":"http:\/\/blogdalucianaoliveira.com.br\/blog\/wp-json\/wp\/v2\/posts"}],"about":[{"href":"http:\/\/blogdalucianaoliveira.com.br\/blog\/wp-json\/wp\/v2\/types\/post"}],"author":[{"embeddable":true,"href":"http:\/\/blogdalucianaoliveira.com.br\/blog\/wp-json\/wp\/v2\/users\/1"}],"replies":[{"embeddable":true,"href":"http:\/\/blogdalucianaoliveira.com.br\/blog\/wp-json\/wp\/v2\/comments?post=4325"}],"version-history":[{"count":2,"href":"http:\/\/blogdalucianaoliveira.com.br\/blog\/wp-json\/wp\/v2\/posts\/4325\/revisions"}],"predecessor-version":[{"id":4329,"href":"http:\/\/blogdalucianaoliveira.com.br\/blog\/wp-json\/wp\/v2\/posts\/4325\/revisions\/4329"}],"wp:attachment":[{"href":"http:\/\/blogdalucianaoliveira.com.br\/blog\/wp-json\/wp\/v2\/media?parent=4325"}],"wp:term":[{"taxonomy":"category","embeddable":true,"href":"http:\/\/blogdalucianaoliveira.com.br\/blog\/wp-json\/wp\/v2\/categories?post=4325"},{"taxonomy":"post_tag","embeddable":true,"href":"http:\/\/blogdalucianaoliveira.com.br\/blog\/wp-json\/wp\/v2\/tags?post=4325"}],"curies":[{"name":"wp","href":"https:\/\/api.w.org\/{rel}","templated":true}]}}