{"id":4371,"date":"2016-09-25T12:13:13","date_gmt":"2016-09-25T16:13:13","guid":{"rendered":"http:\/\/blogdalucianaoliveira.com.br\/blog\/?p=4371"},"modified":"2016-09-25T12:13:13","modified_gmt":"2016-09-25T16:13:13","slug":"fedeu-deu-ate-vontade-de-vomitar","status":"publish","type":"post","link":"http:\/\/blogdalucianaoliveira.com.br\/blog\/2016\/09\/25\/fedeu-deu-ate-vontade-de-vomitar\/","title":{"rendered":"Fedeu! Deu at\u00e9 vontade de vomitar"},"content":{"rendered":"<p><img data-recalc-dims=\"1\" loading=\"lazy\" decoding=\"async\" data-attachment-id=\"4372\" data-permalink=\"http:\/\/blogdalucianaoliveira.com.br\/blog\/2016\/09\/25\/fedeu-deu-ate-vontade-de-vomitar\/image-1001\/\" data-orig-file=\"https:\/\/i0.wp.com\/blogdalucianaoliveira.com.br\/blog\/wp-content\/uploads\/2016\/09\/image-201.jpeg?fit=280%2C156\" data-orig-size=\"280,156\" data-comments-opened=\"0\" data-image-meta=\"{&quot;aperture&quot;:&quot;0&quot;,&quot;credit&quot;:&quot;&quot;,&quot;camera&quot;:&quot;&quot;,&quot;caption&quot;:&quot;&quot;,&quot;created_timestamp&quot;:&quot;0&quot;,&quot;copyright&quot;:&quot;&quot;,&quot;focal_length&quot;:&quot;0&quot;,&quot;iso&quot;:&quot;0&quot;,&quot;shutter_speed&quot;:&quot;0&quot;,&quot;title&quot;:&quot;&quot;,&quot;orientation&quot;:&quot;0&quot;}\" data-image-title=\"image\" data-image-description=\"\" data-image-caption=\"\" data-medium-file=\"https:\/\/i0.wp.com\/blogdalucianaoliveira.com.br\/blog\/wp-content\/uploads\/2016\/09\/image-201.jpeg?fit=280%2C156\" data-large-file=\"https:\/\/i0.wp.com\/blogdalucianaoliveira.com.br\/blog\/wp-content\/uploads\/2016\/09\/image-201.jpeg?fit=280%2C156\" src=\"https:\/\/i0.wp.com\/blogdalucianaoliveira.com.br\/blog\/wp-content\/uploads\/2016\/09\/image-201.jpeg?resize=280%2C156\" alt=\"image\" width=\"280\" height=\"156\" class=\"alignnone size-full wp-image-4372\" \/><\/p>\n<p>Sumi\u00e7o de pe\u00e7a hist\u00f3rica causa embate entre candidatos em Curitiba<!--more--><\/p>\n<p>Desaparecimento de pe\u00e7as da Funda\u00e7\u00e3o Cultural de Curitiba<\/p>\n<p>CATIA SEABRA<br \/>\nDE S\u00c3O PAULO<\/p>\n<p>A Funda\u00e7\u00e3o Cultural de Curitiba \u2014subordinada \u00e0 prefeitura da cidade\u2014 apura o desaparecimento de 12 obras de arte originalmente pertencentes a um museu municipal, a Casa Klemtz.<\/p>\n<p>Uma das suspeitas da institui\u00e7\u00e3o \u00e9 que parte desse acervo esteja numa ch\u00e1cara do ex-prefeito Rafael Greca (PMN), que lidera a disputa pela prefeitura contra o prefeito Gustavo Fruet (PDT), que tenta a reelei\u00e7\u00e3o.<\/p>\n<p>Essa suspeita nasceu da compara\u00e7\u00e3o dos itens desaparecidos com fotos publicadas pelo pr\u00f3prio Greca nas redes sociais. Oito anos ap\u00f3s o desaparecimento das pe\u00e7as, que ocorreu quando Greca era prefeito, ele exibiu em sua p\u00e1gina em rede social imagens externas e internas da ch\u00e1cara S\u00e3o Rafael, propriedade de sua fam\u00edlia.<\/p>\n<p>Tr\u00eas m\u00f3veis expostos na rede social coincidem, em descri\u00e7\u00e3o e imagens, com os objetos desaparecidos em 1995: uma cristaleira (&#8220;\u00e9tag\u00e8re&#8221;) e dois lavat\u00f3rios, sendo um deles do s\u00e9culo 19.<\/p>\n<p>Consultada pela Folha sobre a semelhan\u00e7a das obras e ap\u00f3s a confronta\u00e7\u00e3o de fotos de arquivos com postagens de Greca na rede social, a funda\u00e7\u00e3o afirmou que &#8220;h\u00e1 ind\u00edcios fort\u00edssimos&#8221; de que sejam as mesmas pe\u00e7as.<\/p>\n<p>Nesta quarta-feira (21), a Prefeitura de Curitiba entrar\u00e1 com uma a\u00e7\u00e3o judicial para recupera\u00e7\u00e3o desses bens.<\/p>\n<p>Greca era prefeito em 1995 quando a funda\u00e7\u00e3o do munic\u00edpio comprou a Casa da Fam\u00edlia Klemtz na cidade.<\/p>\n<p>Dias depois, uma restauradora informou \u00e0 funda\u00e7\u00e3o cultural o desaparecimento das pe\u00e7as, entre eles um lavat\u00f3rio do s\u00e9culo 19. A funda\u00e7\u00e3o foi informada, ent\u00e3o, que a pe\u00e7a fora retirada para tratamento de conserva\u00e7\u00e3o.<\/p>\n<p>Em 1998, ap\u00f3s sair da prefeitura, Greca e sua mulher posaram para uma revista diante da ch\u00e1cara. Atr\u00e1s do casal, estava um lavat\u00f3rio.<\/p>\n<p>Em 2001, a funda\u00e7\u00e3o cultural fez um relat\u00f3rio registrando o desaparecimento das pe\u00e7as. Em 2013, um relat\u00f3rio da Diretoria de Patrim\u00f4nio Cultural e Art\u00edstico da Funda\u00e7\u00e3o Cultural afirma que &#8220;dos 29 itens do acervo, doze est\u00e3o desaparecidos&#8221;.<\/p>\n<p>&#8220;Existe o registro, com fotos e descri\u00e7\u00e3o, dos itens desaparecidos do acervo. Ressaltamos que outros documentos, do ano de 1995, constantes no relat\u00f3rio, j\u00e1 mostravam preocupa\u00e7\u00e3o com o sumi\u00e7o de m\u00f3veis do acervo p\u00fablico da Casa Klemtz&#8221;, diz a funda\u00e7\u00e3o, segundo a qual os objetos s\u00e3o &#8220;art\u00edsticos-hist\u00f3ricos de valor inestim\u00e1vel&#8221;.<\/p>\n<p>Procurado, Greca afirmou, por interm\u00e9dio de sua assessoria, que desconhece o desaparecimento de acervo em sua gest\u00e3o. Ele disse estranhar que o caso venha \u00e0 tona a dez dias das elei\u00e7\u00f5es.<\/p>\n<p>Greca disse ainda que o mobili\u00e1rio de sua casa s\u00e3o objetos de heran\u00e7a, sendo os mais expressivos declarados \u00e0 Receita. Sobre as pe\u00e7as, Greca diz que &#8220;se h\u00e1 semelhan\u00e7a \u00e9 de estilo do mobili\u00e1rio da \u00e9poca, comum nas resid\u00eancias tradicionais de Curitiba, grande centro de produ\u00e7\u00e3o moveleira&#8221;.<\/p>\n<p>&#8220;Os m\u00f3veis de madeira de estilo ecl\u00e9tico eram copiados diferentes vezes por um mesmo artes\u00e3o. Os de ferro eram reproduzidos pela fundi\u00e7\u00e3o Mueller&#8221;, diz a nota.<\/p>\n","protected":false},"excerpt":{"rendered":"<p>Sumi\u00e7o de pe\u00e7a hist\u00f3rica causa embate entre candidatos em Curitiba<\/p>\n","protected":false},"author":1,"featured_media":0,"comment_status":"closed","ping_status":"open","sticky":false,"template":"","format":"standard","meta":{"_exactmetrics_skip_tracking":false,"_exactmetrics_sitenote_active":false,"_exactmetrics_sitenote_note":"","_exactmetrics_sitenote_category":0,"jetpack_post_was_ever_published":false,"_jetpack_newsletter_access":"","_jetpack_dont_email_post_to_subs":false,"_jetpack_newsletter_tier_id":0,"_jetpack_memberships_contains_paywalled_content":false,"_jetpack_memberships_contains_paid_content":false,"footnotes":"","jetpack_publicize_message":"","jetpack_publicize_feature_enabled":true,"jetpack_social_post_already_shared":true,"jetpack_social_options":{"image_generator_settings":{"template":"highway","enabled":false},"version":2}},"categories":[1],"tags":[],"class_list":["post-4371","post","type-post","status-publish","format-standard","hentry","category-notas"],"jetpack_publicize_connections":[],"jetpack_sharing_enabled":true,"jetpack_featured_media_url":"","jetpack_shortlink":"https:\/\/wp.me\/p7wKYW-18v","jetpack-related-posts":[],"_links":{"self":[{"href":"http:\/\/blogdalucianaoliveira.com.br\/blog\/wp-json\/wp\/v2\/posts\/4371","targetHints":{"allow":["GET"]}}],"collection":[{"href":"http:\/\/blogdalucianaoliveira.com.br\/blog\/wp-json\/wp\/v2\/posts"}],"about":[{"href":"http:\/\/blogdalucianaoliveira.com.br\/blog\/wp-json\/wp\/v2\/types\/post"}],"author":[{"embeddable":true,"href":"http:\/\/blogdalucianaoliveira.com.br\/blog\/wp-json\/wp\/v2\/users\/1"}],"replies":[{"embeddable":true,"href":"http:\/\/blogdalucianaoliveira.com.br\/blog\/wp-json\/wp\/v2\/comments?post=4371"}],"version-history":[{"count":1,"href":"http:\/\/blogdalucianaoliveira.com.br\/blog\/wp-json\/wp\/v2\/posts\/4371\/revisions"}],"predecessor-version":[{"id":4373,"href":"http:\/\/blogdalucianaoliveira.com.br\/blog\/wp-json\/wp\/v2\/posts\/4371\/revisions\/4373"}],"wp:attachment":[{"href":"http:\/\/blogdalucianaoliveira.com.br\/blog\/wp-json\/wp\/v2\/media?parent=4371"}],"wp:term":[{"taxonomy":"category","embeddable":true,"href":"http:\/\/blogdalucianaoliveira.com.br\/blog\/wp-json\/wp\/v2\/categories?post=4371"},{"taxonomy":"post_tag","embeddable":true,"href":"http:\/\/blogdalucianaoliveira.com.br\/blog\/wp-json\/wp\/v2\/tags?post=4371"}],"curies":[{"name":"wp","href":"https:\/\/api.w.org\/{rel}","templated":true}]}}