{"id":4375,"date":"2016-09-26T10:10:49","date_gmt":"2016-09-26T14:10:49","guid":{"rendered":"http:\/\/blogdalucianaoliveira.com.br\/blog\/?p=4375"},"modified":"2016-09-26T10:45:07","modified_gmt":"2016-09-26T14:45:07","slug":"mariana-carvalho-estampa-reportagem-especial-sobre-parlamentares-jovens-com-mentalidade-ultrapassada","status":"publish","type":"post","link":"http:\/\/blogdalucianaoliveira.com.br\/blog\/2016\/09\/26\/mariana-carvalho-estampa-reportagem-especial-sobre-parlamentares-jovens-com-mentalidade-ultrapassada\/","title":{"rendered":"Mariana Carvalho estampa reportagem especial sobre parlamentares jovens com mentalidade ultrapassada"},"content":{"rendered":"<p><img data-recalc-dims=\"1\" loading=\"lazy\" decoding=\"async\" data-attachment-id=\"4377\" data-permalink=\"http:\/\/blogdalucianaoliveira.com.br\/blog\/2016\/09\/26\/mariana-carvalho-estampa-reportagem-especial-sobre-parlamentares-jovens-com-mentalidade-ultrapassada\/mariana1-2\/\" data-orig-file=\"https:\/\/i0.wp.com\/blogdalucianaoliveira.com.br\/blog\/wp-content\/uploads\/2016\/09\/mariana1-1.jpg?fit=615%2C300\" data-orig-size=\"615,300\" data-comments-opened=\"0\" data-image-meta=\"{&quot;aperture&quot;:&quot;0&quot;,&quot;credit&quot;:&quot;&quot;,&quot;camera&quot;:&quot;&quot;,&quot;caption&quot;:&quot;&quot;,&quot;created_timestamp&quot;:&quot;0&quot;,&quot;copyright&quot;:&quot;&quot;,&quot;focal_length&quot;:&quot;0&quot;,&quot;iso&quot;:&quot;0&quot;,&quot;shutter_speed&quot;:&quot;0&quot;,&quot;title&quot;:&quot;&quot;,&quot;orientation&quot;:&quot;0&quot;}\" data-image-title=\"mariana1\" data-image-description=\"\" data-image-caption=\"\" data-medium-file=\"https:\/\/i0.wp.com\/blogdalucianaoliveira.com.br\/blog\/wp-content\/uploads\/2016\/09\/mariana1-1.jpg?fit=300%2C146\" data-large-file=\"https:\/\/i0.wp.com\/blogdalucianaoliveira.com.br\/blog\/wp-content\/uploads\/2016\/09\/mariana1-1.jpg?fit=600%2C293\" src=\"https:\/\/i0.wp.com\/blogdalucianaoliveira.com.br\/blog\/wp-content\/uploads\/2016\/09\/mariana1-1.jpg?resize=600%2C293\" alt=\"mariana1\" width=\"600\" height=\"293\" class=\"alignnone size-full wp-image-4377\" \/><\/p>\n<p>&#8216;Bancada jovem&#8217; com ideias velhas, avalia a reportagem especial do UOL sobre a participa\u00e7\u00e3o dos parlamentares com at\u00e9 30 anos.<!--more--><\/p>\n<p>A escolhida para ilustrar a foto de capa foi a tucana Mariana Carvalho, que este blog j\u00e1 pontou v\u00e1rias vezes n\u00e3o refletir nada de moderno. Confira a reportagem completa no link: http:\/\/tab.uol.com.br\/jovens-politicos\/<\/p>\n<p>\u00c9 uma das duas &#8216;novinhas&#8217; que conseguiram romper a barreira de acesso \u00e0 pol\u00edtica imposta por homens nos partidos, o que ali\u00e1s, a deputada ignora existir. Quando Michel Temer nomeou s\u00f3 homens para os minist\u00e9rios, pasme, Mariana o defendeu afirmando que a compet\u00eancia \u00e9 o \u00fanico crit\u00e9rio que deve ser observado para dar \u00e0s mulheres o direito \u00e0 ocupar cargos de relev\u00e2ncia.<\/p>\n<p>Mulheres de ineg\u00e1vel compet\u00eancia n\u00e3o gostaram nem um pouco da declara\u00e7\u00e3o da deputada que para chegar onde chegou teve todas as oportunidades, inclusive a de concluir dois cursos superiores na faculdade da sua fam\u00edlia.<\/p>\n<p>Na reportagem do UOL a universit\u00e1ria Beatriz Lima, 21, moradora da Vila Formosa, zona leste de S\u00e3o Paulo sentencia: \u201cPor mais que a gente fale da representatividade das mulheres no parlamento,  ela \u00e9 problem\u00e1tica porque essas duas mulheres, possivelmente, lutam pelos interesses de uma classe privilegiada, o que n\u00e3o faz muita diferen\u00e7a para mulher perif\u00e9rica\u201d.<\/p>\n<p>E n\u00e3o faz mesmo, pois em campanha pela redu\u00e7\u00e3o da maioridade penal, Mariana Carvalho argumentou que &#8220;n\u00e3o \u00e9 a juventude que vai pra cadeia n\u00e3o, \u00e9 o bandido que j\u00e1 se tornou porque n\u00e3o teve oportunidade&#8221;.<\/p>\n<p>Uma incoer\u00eancia que comprova que o mandato da deputada visa atender somente uma parcela privilegiada da popula\u00e7\u00e3o brasileira.<\/p>\n<div class=\"fb-video\" data-allowfullscreen=\"true\" data-href=\"https:\/\/www.facebook.com\/blogdalucianaoliveira\/videos\/1574957516132466\/\"><\/div>\n<p>O que seria de Mariana Carvalho n\u00e3o tivesse nascido num berco de ouro? Bom, a reportagem do UOL tamb\u00e9m explica:<\/p>\n<p>\u201cO know-how pol\u00edtico da fam\u00edlia coloca todos os indicados em condi\u00e7\u00f5es privilegiadas na forma de fazer campanha e de conseguir cabos eleitorais, al\u00e9m facilitar o acesso a recursos partid\u00e1rios e controle na sigla do candidato\u201d, afirma o cientista pol\u00edtico Humberto Dantas.  Ou como canta Ice Blue, dos Racionais: \u201cSem ter como, sem dinheiro c\u00ea n\u00e3o entra no game\u201d.<\/p>\n<p>E para quem n\u00e3o entender o texto da reportagem, slides mostram o passo a passo da f\u00f3rmula que deputados jovens privilegiados com dinheiro ou tradi\u00e7\u00e3o pol\u00edtica familiar, utilizam para conquistar um mandato.<\/p>\n<p><img data-recalc-dims=\"1\" loading=\"lazy\" decoding=\"async\" data-attachment-id=\"4394\" data-permalink=\"http:\/\/blogdalucianaoliveira.com.br\/blog\/2016\/09\/26\/mariana-carvalho-estampa-reportagem-especial-sobre-parlamentares-jovens-com-mentalidade-ultrapassada\/image-1007\/\" data-orig-file=\"https:\/\/i0.wp.com\/blogdalucianaoliveira.com.br\/blog\/wp-content\/uploads\/2016\/09\/image-207.jpeg?fit=747%2C528\" data-orig-size=\"747,528\" data-comments-opened=\"0\" data-image-meta=\"{&quot;aperture&quot;:&quot;0&quot;,&quot;credit&quot;:&quot;&quot;,&quot;camera&quot;:&quot;&quot;,&quot;caption&quot;:&quot;&quot;,&quot;created_timestamp&quot;:&quot;0&quot;,&quot;copyright&quot;:&quot;&quot;,&quot;focal_length&quot;:&quot;0&quot;,&quot;iso&quot;:&quot;0&quot;,&quot;shutter_speed&quot;:&quot;0&quot;,&quot;title&quot;:&quot;&quot;,&quot;orientation&quot;:&quot;0&quot;}\" data-image-title=\"image\" data-image-description=\"\" data-image-caption=\"\" data-medium-file=\"https:\/\/i0.wp.com\/blogdalucianaoliveira.com.br\/blog\/wp-content\/uploads\/2016\/09\/image-207.jpeg?fit=300%2C212\" data-large-file=\"https:\/\/i0.wp.com\/blogdalucianaoliveira.com.br\/blog\/wp-content\/uploads\/2016\/09\/image-207.jpeg?fit=600%2C424\" src=\"https:\/\/i0.wp.com\/blogdalucianaoliveira.com.br\/blog\/wp-content\/uploads\/2016\/09\/image-207.jpeg?resize=600%2C424\" alt=\"image\" width=\"600\" height=\"424\" class=\"alignnone size-full wp-image-4394\" srcset=\"https:\/\/i0.wp.com\/blogdalucianaoliveira.com.br\/blog\/wp-content\/uploads\/2016\/09\/image-207.jpeg?w=747 747w, https:\/\/i0.wp.com\/blogdalucianaoliveira.com.br\/blog\/wp-content\/uploads\/2016\/09\/image-207.jpeg?resize=300%2C212 300w, https:\/\/i0.wp.com\/blogdalucianaoliveira.com.br\/blog\/wp-content\/uploads\/2016\/09\/image-207.jpeg?resize=424%2C300 424w\" sizes=\"auto, (max-width: 600px) 100vw, 600px\" \/><\/p>\n<p><img data-recalc-dims=\"1\" loading=\"lazy\" decoding=\"async\" data-attachment-id=\"4401\" data-permalink=\"http:\/\/blogdalucianaoliveira.com.br\/blog\/2016\/09\/26\/mariana-carvalho-estampa-reportagem-especial-sobre-parlamentares-jovens-com-mentalidade-ultrapassada\/image-1014\/\" data-orig-file=\"https:\/\/i0.wp.com\/blogdalucianaoliveira.com.br\/blog\/wp-content\/uploads\/2016\/09\/image-214.jpeg?fit=743%2C542\" data-orig-size=\"743,542\" data-comments-opened=\"0\" data-image-meta=\"{&quot;aperture&quot;:&quot;0&quot;,&quot;credit&quot;:&quot;&quot;,&quot;camera&quot;:&quot;&quot;,&quot;caption&quot;:&quot;&quot;,&quot;created_timestamp&quot;:&quot;0&quot;,&quot;copyright&quot;:&quot;&quot;,&quot;focal_length&quot;:&quot;0&quot;,&quot;iso&quot;:&quot;0&quot;,&quot;shutter_speed&quot;:&quot;0&quot;,&quot;title&quot;:&quot;&quot;,&quot;orientation&quot;:&quot;0&quot;}\" data-image-title=\"image\" data-image-description=\"\" data-image-caption=\"\" data-medium-file=\"https:\/\/i0.wp.com\/blogdalucianaoliveira.com.br\/blog\/wp-content\/uploads\/2016\/09\/image-214.jpeg?fit=300%2C219\" data-large-file=\"https:\/\/i0.wp.com\/blogdalucianaoliveira.com.br\/blog\/wp-content\/uploads\/2016\/09\/image-214.jpeg?fit=600%2C438\" src=\"https:\/\/i0.wp.com\/blogdalucianaoliveira.com.br\/blog\/wp-content\/uploads\/2016\/09\/image-214.jpeg?resize=600%2C438\" alt=\"image\" width=\"600\" height=\"438\" class=\"alignnone size-full wp-image-4401\" srcset=\"https:\/\/i0.wp.com\/blogdalucianaoliveira.com.br\/blog\/wp-content\/uploads\/2016\/09\/image-214.jpeg?w=743 743w, https:\/\/i0.wp.com\/blogdalucianaoliveira.com.br\/blog\/wp-content\/uploads\/2016\/09\/image-214.jpeg?resize=300%2C219 300w, https:\/\/i0.wp.com\/blogdalucianaoliveira.com.br\/blog\/wp-content\/uploads\/2016\/09\/image-214.jpeg?resize=411%2C300 411w\" sizes=\"auto, (max-width: 600px) 100vw, 600px\" \/><\/p>\n<p><img data-recalc-dims=\"1\" loading=\"lazy\" decoding=\"async\" data-attachment-id=\"4402\" data-permalink=\"http:\/\/blogdalucianaoliveira.com.br\/blog\/2016\/09\/26\/mariana-carvalho-estampa-reportagem-especial-sobre-parlamentares-jovens-com-mentalidade-ultrapassada\/image-1015\/\" data-orig-file=\"https:\/\/i0.wp.com\/blogdalucianaoliveira.com.br\/blog\/wp-content\/uploads\/2016\/09\/image-215.jpeg?fit=748%2C532\" data-orig-size=\"748,532\" data-comments-opened=\"0\" data-image-meta=\"{&quot;aperture&quot;:&quot;0&quot;,&quot;credit&quot;:&quot;&quot;,&quot;camera&quot;:&quot;&quot;,&quot;caption&quot;:&quot;&quot;,&quot;created_timestamp&quot;:&quot;0&quot;,&quot;copyright&quot;:&quot;&quot;,&quot;focal_length&quot;:&quot;0&quot;,&quot;iso&quot;:&quot;0&quot;,&quot;shutter_speed&quot;:&quot;0&quot;,&quot;title&quot;:&quot;&quot;,&quot;orientation&quot;:&quot;0&quot;}\" data-image-title=\"image\" data-image-description=\"\" data-image-caption=\"\" data-medium-file=\"https:\/\/i0.wp.com\/blogdalucianaoliveira.com.br\/blog\/wp-content\/uploads\/2016\/09\/image-215.jpeg?fit=300%2C213\" data-large-file=\"https:\/\/i0.wp.com\/blogdalucianaoliveira.com.br\/blog\/wp-content\/uploads\/2016\/09\/image-215.jpeg?fit=600%2C427\" src=\"https:\/\/i0.wp.com\/blogdalucianaoliveira.com.br\/blog\/wp-content\/uploads\/2016\/09\/image-215.jpeg?resize=600%2C427\" alt=\"image\" width=\"600\" height=\"427\" class=\"alignnone size-full wp-image-4402\" srcset=\"https:\/\/i0.wp.com\/blogdalucianaoliveira.com.br\/blog\/wp-content\/uploads\/2016\/09\/image-215.jpeg?w=748 748w, https:\/\/i0.wp.com\/blogdalucianaoliveira.com.br\/blog\/wp-content\/uploads\/2016\/09\/image-215.jpeg?resize=300%2C213 300w, https:\/\/i0.wp.com\/blogdalucianaoliveira.com.br\/blog\/wp-content\/uploads\/2016\/09\/image-215.jpeg?resize=422%2C300 422w\" sizes=\"auto, (max-width: 600px) 100vw, 600px\" \/><\/p>\n<p><img data-recalc-dims=\"1\" loading=\"lazy\" decoding=\"async\" data-attachment-id=\"4403\" data-permalink=\"http:\/\/blogdalucianaoliveira.com.br\/blog\/2016\/09\/26\/mariana-carvalho-estampa-reportagem-especial-sobre-parlamentares-jovens-com-mentalidade-ultrapassada\/image-1016\/\" data-orig-file=\"https:\/\/i0.wp.com\/blogdalucianaoliveira.com.br\/blog\/wp-content\/uploads\/2016\/09\/image-216.jpeg?fit=750%2C586\" data-orig-size=\"750,586\" data-comments-opened=\"0\" data-image-meta=\"{&quot;aperture&quot;:&quot;0&quot;,&quot;credit&quot;:&quot;&quot;,&quot;camera&quot;:&quot;&quot;,&quot;caption&quot;:&quot;&quot;,&quot;created_timestamp&quot;:&quot;0&quot;,&quot;copyright&quot;:&quot;&quot;,&quot;focal_length&quot;:&quot;0&quot;,&quot;iso&quot;:&quot;0&quot;,&quot;shutter_speed&quot;:&quot;0&quot;,&quot;title&quot;:&quot;&quot;,&quot;orientation&quot;:&quot;0&quot;}\" data-image-title=\"image\" data-image-description=\"\" data-image-caption=\"\" data-medium-file=\"https:\/\/i0.wp.com\/blogdalucianaoliveira.com.br\/blog\/wp-content\/uploads\/2016\/09\/image-216.jpeg?fit=300%2C234\" data-large-file=\"https:\/\/i0.wp.com\/blogdalucianaoliveira.com.br\/blog\/wp-content\/uploads\/2016\/09\/image-216.jpeg?fit=600%2C469\" src=\"https:\/\/i0.wp.com\/blogdalucianaoliveira.com.br\/blog\/wp-content\/uploads\/2016\/09\/image-216.jpeg?resize=600%2C469\" alt=\"image\" width=\"600\" height=\"469\" class=\"alignnone size-full wp-image-4403\" srcset=\"https:\/\/i0.wp.com\/blogdalucianaoliveira.com.br\/blog\/wp-content\/uploads\/2016\/09\/image-216.jpeg?w=750 750w, https:\/\/i0.wp.com\/blogdalucianaoliveira.com.br\/blog\/wp-content\/uploads\/2016\/09\/image-216.jpeg?resize=300%2C234 300w, https:\/\/i0.wp.com\/blogdalucianaoliveira.com.br\/blog\/wp-content\/uploads\/2016\/09\/image-216.jpeg?resize=384%2C300 384w\" sizes=\"auto, (max-width: 600px) 100vw, 600px\" \/><\/p>\n<p><img data-recalc-dims=\"1\" loading=\"lazy\" decoding=\"async\" data-attachment-id=\"4404\" data-permalink=\"http:\/\/blogdalucianaoliveira.com.br\/blog\/2016\/09\/26\/mariana-carvalho-estampa-reportagem-especial-sobre-parlamentares-jovens-com-mentalidade-ultrapassada\/image-1017\/\" data-orig-file=\"https:\/\/i0.wp.com\/blogdalucianaoliveira.com.br\/blog\/wp-content\/uploads\/2016\/09\/image-217.jpeg?fit=750%2C590\" data-orig-size=\"750,590\" data-comments-opened=\"0\" data-image-meta=\"{&quot;aperture&quot;:&quot;0&quot;,&quot;credit&quot;:&quot;&quot;,&quot;camera&quot;:&quot;&quot;,&quot;caption&quot;:&quot;&quot;,&quot;created_timestamp&quot;:&quot;0&quot;,&quot;copyright&quot;:&quot;&quot;,&quot;focal_length&quot;:&quot;0&quot;,&quot;iso&quot;:&quot;0&quot;,&quot;shutter_speed&quot;:&quot;0&quot;,&quot;title&quot;:&quot;&quot;,&quot;orientation&quot;:&quot;0&quot;}\" data-image-title=\"image\" data-image-description=\"\" data-image-caption=\"\" data-medium-file=\"https:\/\/i0.wp.com\/blogdalucianaoliveira.com.br\/blog\/wp-content\/uploads\/2016\/09\/image-217.jpeg?fit=300%2C236\" data-large-file=\"https:\/\/i0.wp.com\/blogdalucianaoliveira.com.br\/blog\/wp-content\/uploads\/2016\/09\/image-217.jpeg?fit=600%2C472\" src=\"https:\/\/i0.wp.com\/blogdalucianaoliveira.com.br\/blog\/wp-content\/uploads\/2016\/09\/image-217.jpeg?resize=600%2C472\" alt=\"image\" width=\"600\" height=\"472\" class=\"alignnone size-full wp-image-4404\" srcset=\"https:\/\/i0.wp.com\/blogdalucianaoliveira.com.br\/blog\/wp-content\/uploads\/2016\/09\/image-217.jpeg?w=750 750w, https:\/\/i0.wp.com\/blogdalucianaoliveira.com.br\/blog\/wp-content\/uploads\/2016\/09\/image-217.jpeg?resize=300%2C236 300w, https:\/\/i0.wp.com\/blogdalucianaoliveira.com.br\/blog\/wp-content\/uploads\/2016\/09\/image-217.jpeg?resize=381%2C300 381w\" sizes=\"auto, (max-width: 600px) 100vw, 600px\" \/><\/p>\n<p>O mesmo caminho que o irm\u00e3o da deputada, o jovem Maur\u00edcio Carvalho segue para conseguir uma vaga na C\u00e2mara de Vereadores de Porto Velho, tamb\u00e9m pelo PSDB. <\/p>\n<p>A familiocracia avan\u00e7a.<\/p>\n<p>Por Deus, pela p\u00e1tria e pela fam\u00edlia, que n\u00e3o se eleja. <\/p>\n<p><img data-recalc-dims=\"1\" loading=\"lazy\" decoding=\"async\" data-attachment-id=\"4454\" data-permalink=\"http:\/\/blogdalucianaoliveira.com.br\/blog\/2016\/09\/26\/mariana-carvalho-estampa-reportagem-especial-sobre-parlamentares-jovens-com-mentalidade-ultrapassada\/mauri\/\" data-orig-file=\"https:\/\/i0.wp.com\/blogdalucianaoliveira.com.br\/blog\/wp-content\/uploads\/2016\/09\/mauri.jpg?fit=603%2C357\" data-orig-size=\"603,357\" data-comments-opened=\"0\" data-image-meta=\"{&quot;aperture&quot;:&quot;0&quot;,&quot;credit&quot;:&quot;&quot;,&quot;camera&quot;:&quot;&quot;,&quot;caption&quot;:&quot;&quot;,&quot;created_timestamp&quot;:&quot;0&quot;,&quot;copyright&quot;:&quot;&quot;,&quot;focal_length&quot;:&quot;0&quot;,&quot;iso&quot;:&quot;0&quot;,&quot;shutter_speed&quot;:&quot;0&quot;,&quot;title&quot;:&quot;&quot;,&quot;orientation&quot;:&quot;0&quot;}\" data-image-title=\"mauri\" data-image-description=\"\" data-image-caption=\"\" data-medium-file=\"https:\/\/i0.wp.com\/blogdalucianaoliveira.com.br\/blog\/wp-content\/uploads\/2016\/09\/mauri.jpg?fit=300%2C178\" data-large-file=\"https:\/\/i0.wp.com\/blogdalucianaoliveira.com.br\/blog\/wp-content\/uploads\/2016\/09\/mauri.jpg?fit=600%2C355\" src=\"https:\/\/i0.wp.com\/blogdalucianaoliveira.com.br\/blog\/wp-content\/uploads\/2016\/09\/mauri.jpg?resize=600%2C355\" alt=\"mauri\" width=\"600\" height=\"355\" class=\"alignnone size-full wp-image-4454\" srcset=\"https:\/\/i0.wp.com\/blogdalucianaoliveira.com.br\/blog\/wp-content\/uploads\/2016\/09\/mauri.jpg?w=603 603w, https:\/\/i0.wp.com\/blogdalucianaoliveira.com.br\/blog\/wp-content\/uploads\/2016\/09\/mauri.jpg?resize=300%2C178 300w, https:\/\/i0.wp.com\/blogdalucianaoliveira.com.br\/blog\/wp-content\/uploads\/2016\/09\/mauri.jpg?resize=507%2C300 507w\" sizes=\"auto, (max-width: 600px) 100vw, 600px\" \/><\/p>\n","protected":false},"excerpt":{"rendered":"<p>&#8216;Bancada jovem&#8217; com ideias velhas, avalia a reportagem especial do UOL sobre a participa\u00e7\u00e3o dos parlamentares com at\u00e9 30 anos.<\/p>\n","protected":false},"author":1,"featured_media":0,"comment_status":"closed","ping_status":"open","sticky":false,"template":"","format":"standard","meta":{"_exactmetrics_skip_tracking":false,"_exactmetrics_sitenote_active":false,"_exactmetrics_sitenote_note":"","_exactmetrics_sitenote_category":0,"jetpack_post_was_ever_published":false,"_jetpack_newsletter_access":"","_jetpack_dont_email_post_to_subs":false,"_jetpack_newsletter_tier_id":0,"_jetpack_memberships_contains_paywalled_content":false,"_jetpack_memberships_contains_paid_content":false,"footnotes":"","jetpack_publicize_message":"","jetpack_publicize_feature_enabled":true,"jetpack_social_post_already_shared":true,"jetpack_social_options":{"image_generator_settings":{"template":"highway","enabled":false},"version":2}},"categories":[1],"tags":[],"class_list":["post-4375","post","type-post","status-publish","format-standard","hentry","category-notas"],"jetpack_publicize_connections":[],"jetpack_sharing_enabled":true,"jetpack_featured_media_url":"","jetpack_shortlink":"https:\/\/wp.me\/p7wKYW-18z","jetpack-related-posts":[],"_links":{"self":[{"href":"http:\/\/blogdalucianaoliveira.com.br\/blog\/wp-json\/wp\/v2\/posts\/4375","targetHints":{"allow":["GET"]}}],"collection":[{"href":"http:\/\/blogdalucianaoliveira.com.br\/blog\/wp-json\/wp\/v2\/posts"}],"about":[{"href":"http:\/\/blogdalucianaoliveira.com.br\/blog\/wp-json\/wp\/v2\/types\/post"}],"author":[{"embeddable":true,"href":"http:\/\/blogdalucianaoliveira.com.br\/blog\/wp-json\/wp\/v2\/users\/1"}],"replies":[{"embeddable":true,"href":"http:\/\/blogdalucianaoliveira.com.br\/blog\/wp-json\/wp\/v2\/comments?post=4375"}],"version-history":[{"count":8,"href":"http:\/\/blogdalucianaoliveira.com.br\/blog\/wp-json\/wp\/v2\/posts\/4375\/revisions"}],"predecessor-version":[{"id":4456,"href":"http:\/\/blogdalucianaoliveira.com.br\/blog\/wp-json\/wp\/v2\/posts\/4375\/revisions\/4456"}],"wp:attachment":[{"href":"http:\/\/blogdalucianaoliveira.com.br\/blog\/wp-json\/wp\/v2\/media?parent=4375"}],"wp:term":[{"taxonomy":"category","embeddable":true,"href":"http:\/\/blogdalucianaoliveira.com.br\/blog\/wp-json\/wp\/v2\/categories?post=4375"},{"taxonomy":"post_tag","embeddable":true,"href":"http:\/\/blogdalucianaoliveira.com.br\/blog\/wp-json\/wp\/v2\/tags?post=4375"}],"curies":[{"name":"wp","href":"https:\/\/api.w.org\/{rel}","templated":true}]}}